{"id":695846,"date":"2024-08-29T17:09:46","date_gmt":"2024-08-29T15:09:46","guid":{"rendered":"https:\/\/www.hashtag.al\/?p=695846"},"modified":"2024-08-29T17:09:46","modified_gmt":"2024-08-29T15:09:46","slug":"forcat-izraelite-vrasin-5-militante-ne-bregun-perendimor","status":"publish","type":"post","link":"https:\/\/www.hashtag.al\/index.php\/2024\/08\/29\/forcat-izraelite-vrasin-5-militante-ne-bregun-perendimor\/","title":{"rendered":"Forcat izraelite vrasin 5 militant\u00eb n\u00eb Bregun Per\u00ebndimor","gt_translate_keys":[{"key":"rendered","format":"text"}]},"content":{"rendered":"<p style=\"text-align: left;\"><span style=\"color: #000000;\"><img loading=\"lazy\" decoding=\"async\" class=\" wp-image-695847 aligncenter\" src=\"https:\/\/www.hashtag.al\/wp-content\/uploads\/2024\/08\/Screenshot-2024-08-29-170223-300x165.png\" alt=\"\" width=\"845\" height=\"465\" srcset=\"https:\/\/www.hashtag.al\/wp-content\/uploads\/2024\/08\/Screenshot-2024-08-29-170223-300x165.png 300w, https:\/\/www.hashtag.al\/wp-content\/uploads\/2024\/08\/Screenshot-2024-08-29-170223-768x422.png 768w, https:\/\/www.hashtag.al\/wp-content\/uploads\/2024\/08\/Screenshot-2024-08-29-170223.png 930w\" sizes=\"auto, (max-width: 845px) 100vw, 845px\" \/><\/span><\/p>\n<p style=\"text-align: left;\"><span style=\"color: #000000;\">Ushtria izraelite tha t\u00eb enjten se vrau pes\u00eb militant\u00eb n\u00eb Bregun Per\u00ebndimor, nd\u00ebrsa kryente operacione kund\u00ebr terrorizmit p\u00ebr t\u00eb dyt\u00ebn dit\u00eb radhas. Forcat izraelite i vran\u00eb militant\u00ebt brenda nj\u00eb xhamie ku ata ishin fshehur n\u00eb qytetin e Tulkaremit, tha ushtria.<\/span><\/p>\n<p><span style=\"color: #000000;\">Forcat Izraelite t\u00eb Mbrojtjes identifikuan nj\u00eb nga militant\u00ebt si Mohammed Jaber, nj\u00eb komandant i grupit Xhihadi Islamik dhe than\u00eb se ai kishte qen\u00eb i p\u00ebrfshir\u00eb n\u00eb sulme t\u00eb shumta ndaj izraelit\u00ebve.<\/span><\/p>\n<p><span style=\"color: #000000;\">Forcat izraelite vran\u00eb t\u00eb pakt\u00ebn n\u00ebnt\u00eb persona t\u00eb m\u00ebrkur\u00ebn gjat\u00eb bastisjeve dhe sulmeve ajrore n\u00eb qytetin e Jeninit dhe rreth tij. Grupi militant Hamas tha se10 nga luft\u00ebtar\u00ebt e tij u vran\u00eb.<\/span><\/p>\n<p><span style=\"color: #000000;\">Trupat izraelite dhe kolon\u00ebt kan\u00eb vrar\u00eb m\u00eb shum\u00eb se 640 palestinez\u00eb n\u00eb Bregun Per\u00ebndimor q\u00eb nga fillimi i luft\u00ebs n\u00eb Gaza tetorin e kaluar, nd\u00ebrsa sulmet palestineze kan\u00eb vrar\u00eb t\u00eb pakt\u00ebn 19 izraelit\u00eb.<\/span><\/p>\n<p><span style=\"color: #000000;\">Forcat izraelite kan\u00eb kryer vazhdimisht bastisje n\u00eb Bregun Per\u00ebndimor, duke th\u00ebn\u00eb se synimi \u00ebsht\u00eb parandalimi i sulmeve t\u00eb mundshme.<\/span><\/p>\n<p><span style=\"color: #000000;\">Hamasi i ka quajtur sulmet pjes\u00eb t\u00eb nj\u00eb plani m\u00eb t\u00eb madh p\u00ebr t\u00eb zgjeruar luft\u00ebn n\u00eb Gaza dhe duke faj\u00ebsuar p\u00ebr p\u00ebrshkall\u00ebzimin, mb\u00ebshtetjen e SHBA-s\u00eb p\u00ebr Izraelin.<\/span><\/p>\n<p><span style=\"color: #000000;\">Nabil Abu Rudeineh, nj\u00eb z\u00ebdh\u00ebn\u00ebs i Presidentit t\u00eb Autoritetit Palestinez Mahmud Abbas, i d\u00ebnoi sulmet si nj\u00eb &#8220;p\u00ebrshkall\u00ebzim serioz&#8221; dhe u b\u00ebri thirrje Shteteve t\u00eb Bashkuara t\u00eb nd\u00ebrhyjn\u00eb.<\/span><\/p>\n<p><span style=\"color: #000000;\">Nd\u00ebrkoh\u00eb, Departamenti Amerikan i Shtetit d\u00ebnoi t\u00eb m\u00ebrkur\u00ebn n\u00eb nj\u00eb deklarat\u00eb at\u00eb q\u00eb e cil\u00ebsoi si &#8220;dhun\u00eb ekstremiste nga kolon\u00ebt (hebrenj) n\u00eb Bregun Per\u00ebndimor&#8221;.<\/span><\/p>\n<p><span style=\"color: #000000;\">\u201cAjo shkakton vuajtje t\u00eb m\u00ebdha njer\u00ebzore, d\u00ebmton sigurin\u00eb e Izraelit dhe minon perspektiv\u00ebn p\u00ebr paqe dhe stabilitet n\u00eb rajon\u201d, thuhet n\u00eb deklarat\u00eb. \u201c\u00cbsht\u00eb kritike q\u00eb qeveria e Izraelit t\u00eb mbaj\u00eb p\u00ebrgjegj\u00ebs \u00e7do individ dhe entitet p\u00ebrgjegj\u00ebs p\u00ebr dhun\u00ebn kund\u00ebr civil\u00ebve n\u00eb Bregun Per\u00ebndimor\u201d.<\/span><\/p>\n<p><span style=\"color: #000000;\">SHBA shpalli t\u00eb m\u00ebrkur\u00ebn sanksione ndaj organizat\u00ebs joqeveritare izraelite Hashomer Yosh, e cila, sipas zyrtar\u00ebve t\u00eb Departamentit t\u00eb Shtetit, pengoi kthimin e banor\u00ebve palestinez\u00eb n\u00eb vendbanimet e tyre n\u00eb Bregun Per\u00ebndimor n\u00eb fillim t\u00eb k\u00ebtij viti.<\/span><\/p>\n<p><span style=\"color: #000000;\">Zyra e Kryeministrit Benjamin Netanyahu reagoi duke th\u00ebn\u00eb se &#8220;Izraeli e d\u00ebnon fuqish\u00ebm vendosjen e sanksioneve ndaj qytetar\u00ebve t\u00eb Izraelit. Kjo \u00e7\u00ebshtje po diskutohet me forc\u00eb me Shtetet e Bashkuara&#8221;.<\/span><\/p>\n<p><span style=\"color: #000000;\">Izraeli pushtoi Bregun Per\u00ebndimor, Gaz\u00ebn dhe Jeruzalemin lindor n\u00eb luft\u00ebn e vitit 1967 n\u00eb Lindjen e Mesme. Palestinez\u00ebt duan q\u00eb t\u00eb treja territoret t\u00eb jen\u00eb pjes\u00eb e nj\u00eb shteti t\u00eb ardhsh\u00ebm t\u00eb tyre.<\/span><\/p>\n<p><span style=\"color: #000000;\">Qytetar\u00ebt izraelit\u00eb kan\u00eb nd\u00ebrtuar shum\u00eb vendbanime n\u00eb t\u00eb gjith\u00eb Bregun Per\u00ebndimor, ku aktualisht banojn\u00eb mbi 500,000 kolon\u00eb hebrenj. Ata kan\u00eb shtet\u00ebsi izraelite, nd\u00ebrsa 3 milion\u00eb palestinez\u00eb n\u00eb Bregun Per\u00ebndimor jetojn\u00eb n\u00ebn kontrollin ushtarak izraelit dhe Autoriteti Palestinez ushtron kontroll t\u00eb kufizuar.<span style=\"color: #0000ff;\"><strong><a style=\"color: #0000ff;\" href=\"https:\/\/www.zeriamerikes.com\/a\/7763844.html\">\/VOA<\/a><\/strong><\/span><\/span><\/p>\n","protected":false,"gt_translate_keys":[{"key":"rendered","format":"html"}]},"excerpt":{"rendered":"<p>Ushtria izraelite tha t\u00eb enjten se vrau pes\u00eb militant\u00eb n\u00eb Bregun Per\u00ebndimor, nd\u00ebrsa kryente operacione kund\u00ebr terrorizmit p\u00ebr t\u00eb dyt\u00ebn dit\u00eb radhas. Forcat izraelite i vran\u00eb militant\u00ebt brenda nj\u00eb xhamie ku ata ishin fshehur n\u00eb qytetin e Tulkaremit, tha ushtria. Forcat Izraelite t\u00eb Mbrojtjes identifikuan nj\u00eb nga militant\u00ebt si Mohammed Jaber, nj\u00eb komandant i grupit [&hellip;]<\/p>\n","protected":false,"gt_translate_keys":[{"key":"rendered","format":"html"}]},"author":49,"featured_media":695847,"comment_status":"closed","ping_status":"open","sticky":false,"template":"","format":"standard","meta":{"footnotes":""},"categories":[6],"tags":[],"class_list":["post-695846","post","type-post","status-publish","format-standard","has-post-thumbnail","hentry","category-nderkombetare"],"gt_translate_keys":[{"key":"link","format":"url"}],"_links":{"self":[{"href":"https:\/\/www.hashtag.al\/index.php\/wp-json\/wp\/v2\/posts\/695846","targetHints":{"allow":["GET"]}}],"collection":[{"href":"https:\/\/www.hashtag.al\/index.php\/wp-json\/wp\/v2\/posts"}],"about":[{"href":"https:\/\/www.hashtag.al\/index.php\/wp-json\/wp\/v2\/types\/post"}],"author":[{"embeddable":true,"href":"https:\/\/www.hashtag.al\/index.php\/wp-json\/wp\/v2\/users\/49"}],"replies":[{"embeddable":true,"href":"https:\/\/www.hashtag.al\/index.php\/wp-json\/wp\/v2\/comments?post=695846"}],"version-history":[{"count":0,"href":"https:\/\/www.hashtag.al\/index.php\/wp-json\/wp\/v2\/posts\/695846\/revisions"}],"wp:featuredmedia":[{"embeddable":true,"href":"https:\/\/www.hashtag.al\/index.php\/wp-json\/wp\/v2\/media\/695847"}],"wp:attachment":[{"href":"https:\/\/www.hashtag.al\/index.php\/wp-json\/wp\/v2\/media?parent=695846"}],"wp:term":[{"taxonomy":"category","embeddable":true,"href":"https:\/\/www.hashtag.al\/index.php\/wp-json\/wp\/v2\/categories?post=695846"},{"taxonomy":"post_tag","embeddable":true,"href":"https:\/\/www.hashtag.al\/index.php\/wp-json\/wp\/v2\/tags?post=695846"}],"curies":[{"name":"wp","href":"https:\/\/api.w.org\/{rel}","templated":true}]}}