{"id":695535,"date":"2024-08-27T21:47:48","date_gmt":"2024-08-27T19:47:48","guid":{"rendered":"https:\/\/www.hashtag.al\/?p=695535"},"modified":"2024-08-27T21:47:48","modified_gmt":"2024-08-27T19:47:48","slug":"nje-gjykates-federal-ne-shba-bllokon-programin-e-biden-per-emigracionin-e-bashkeshorteve-te-shtetasve-amerikane","status":"publish","type":"post","link":"https:\/\/www.hashtag.al\/index.php\/2024\/08\/27\/nje-gjykates-federal-ne-shba-bllokon-programin-e-biden-per-emigracionin-e-bashkeshorteve-te-shtetasve-amerikane\/","title":{"rendered":"Nj\u00eb gjykat\u00ebs federal n\u00eb SHBA bllokon programin e Biden p\u00ebr emigracionin e bashk\u00ebshort\u00ebve t\u00eb shtetasve amerikan\u00eb","gt_translate_keys":[{"key":"rendered","format":"text"}]},"content":{"rendered":"<p><span style=\"color: #000000;\"><a style=\"color: #000000;\" href=\"https:\/\/www.hashtag.al\/wp-content\/uploads\/2024\/08\/aae.png\"><img loading=\"lazy\" decoding=\"async\" class=\"aligncenter size-full wp-image-695537\" src=\"https:\/\/www.hashtag.al\/wp-content\/uploads\/2024\/08\/aae.png\" alt=\"\" width=\"780\" height=\"461\" srcset=\"https:\/\/www.hashtag.al\/wp-content\/uploads\/2024\/08\/aae.png 780w, https:\/\/www.hashtag.al\/wp-content\/uploads\/2024\/08\/aae-300x177.png 300w, https:\/\/www.hashtag.al\/wp-content\/uploads\/2024\/08\/aae-768x454.png 768w\" sizes=\"auto, (max-width: 780px) 100vw, 780px\" \/><\/a><\/span><\/p>\n<p><span style=\"color: #000000;\">Nj\u00eb gjykat\u00ebs federal n\u00eb Teksas pezulloi t\u00eb h\u00ebn\u00ebn p\u00ebrkoh\u00ebsisht zbatimin e nj\u00eb politike t\u00eb administrat\u00ebs s\u00eb Presidentit Joe Biden, q\u00eb do t\u2019u jepte bashk\u00ebshort\u00ebve t\u00eb shtetasve amerikan\u00eb status ligjor pa pasur nevoj\u00eb q\u00eb ata t\u00eb largoheshin m\u00eb par\u00eb nga vendi, duke sjell\u00eb t\u00eb pakt\u00ebn nj\u00eb penges\u00eb t\u00eb p\u00ebrkohshme p\u00ebr nj\u00ebrin nga veprimet m\u00eb t\u00eb m\u00ebdha presidenciale p\u00ebr leht\u00ebsimin e rrug\u00ebs drejt marrjes s\u00eb shtet\u00ebsis\u00eb amerikane n\u00eb shum\u00eb vite.<\/span><\/p>\n<p><span style=\"color: #000000;\">Vendimi i l\u00ebshuar nga gjykat\u00ebsi federal J. Campbell Barker vjen vet\u00ebm disa dit\u00eb pasi 16 shtete, t\u00eb udh\u00ebhequra nga prokuror\u00ebt e p\u00ebrgjithsh\u00ebm republikan\u00eb, sfiduan programin nga i cili mund t\u00eb p\u00ebrfitojn\u00eb rreth 500,000 emigrant\u00eb n\u00eb vend, plus rreth 50,000 f\u00ebmij\u00eb t\u00eb tyre, p\u00ebrcjell VOA.<\/span><\/p>\n<p><span style=\"color: #000000;\">Nj\u00eb nga shtetet q\u00eb po udh\u00ebheq p\u00ebrpjekjet kund\u00ebr k\u00ebtij ligji \u00ebsht\u00eb Teksasi, i cili n\u00eb padi pretendonte se \u00ebsht\u00eb detyruar t\u00eb shpenzoj\u00eb dhjet\u00ebra miliona dollar\u00eb n\u00eb vit p\u00ebr sigurimet sh\u00ebndet\u00ebsore t\u00eb pjes\u00ebtar\u00ebve t\u00eb forcave t\u00eb zbatimit t\u00eb ligjit p\u00ebr shkak t\u00eb emigrant\u00ebve pa dokumente q\u00eb jetojn\u00eb n\u00eb k\u00ebt\u00eb shtet.<\/span><\/p>\n<p><span style=\"color: #000000;\">Shtetet e kontrolluara nga republikan\u00ebt pretendojn\u00eb se masa do t\u00eb shkaktonte d\u00ebm t\u00eb pariparuesh\u00ebm dhe akuzuan administrat\u00ebn p\u00ebr anashkalimin e Kongresit p\u00ebr \u201cq\u00ebllime t\u00eb hapura politike\u201d.<\/span><\/p>\n<p><span style=\"color: #000000;\">Presidenti Joe Biden njoftoi programin n\u00eb qershor. Urdhri i gjykat\u00ebs, q\u00eb do t\u00eb jet\u00eb n\u00eb fuqi p\u00ebr dy jav\u00eb, por mund t\u00eb zgjatet, vjen nj\u00eb jav\u00eb pasi Departamenti i Siguris\u00eb Komb\u00ebtare filloi t\u00eb pranonte aplikimet.<\/span><\/p>\n<p><span style=\"color: #000000;\">T\u00eb mart\u00ebn, Departamenti i Siguris\u00eb Komb\u00ebtare tha se qeveria do t\u00eb vazhdoj\u00eb t\u00eb pranoj\u00eb aplikimet dhe t\u00eb mbroj\u00eb programin n\u00eb gjykat\u00eb. \u00c7do aplikant, t\u00eb cilit i \u00ebsht\u00eb dh\u00ebn\u00eb lirimi me kusht p\u00ebrpara urdhrit nuk do t\u00eb ndikohet nga ky vendim, thuhet n\u00eb njoftim t\u00eb Departamentit t\u00eb Siguris\u00eb Komb\u00ebtare.<\/span><\/p>\n<p><span style=\"color: #000000;\">Departamenti i Siguris\u00eb Komb\u00ebtare nuk iu p\u00ebrgjigj pyetjeve se sa aplikime jan\u00eb pranuar, apo miratuar, si dhe se sa koh\u00eb duhet p\u00ebr shqyrtimin e rasteve n\u00eb baz\u00eb t\u00eb programit, t\u00eb cilin qeveria e quan \u201cMbajtja e Familjeve s\u00eb Bashku\u201d.<\/span><\/p>\n<p><span style=\"color: #000000;\"><em>\u201cProgrami u mund\u00ebson qytetar\u00ebve amerikan\u00eb dhe an\u00ebtar\u00ebve t\u00eb familjeve t\u00eb tyre t\u00eb jetojn\u00eb n\u00eb vend pa frik\u00ebn e ndarjes, n\u00eb p\u00ebrputhje me vlerat themelore amerikane\u201d,\u00a0<\/em>thuhet n\u00eb nj\u00eb deklarat\u00eb t\u00eb Departamentit t\u00eb Siguris\u00eb Komb\u00ebtare.<\/span><\/p>\n<p><span style=\"color: #000000;\">Gregory Chen, drejtor p\u00ebr marr\u00ebdh\u00ebniet me qeverin\u00eb n\u00eb Shoqat\u00ebn Amerikane t\u00eb Avokat\u00ebve t\u00eb Emigracionit, tha se kishte d\u00ebgjuar nga avokat\u00ebt e lidhur me k\u00ebt\u00eb shoqat\u00eb se t\u00eb pakt\u00ebn qindra njer\u00ebz kishin aplikuar q\u00eb kur programi filloi m\u00eb 19 gusht. Ai gjithashtu tha disa k\u00ebrkesa ishin miratuar pas vet\u00ebm nj\u00eb dite.<\/span><\/p>\n<p><span style=\"color: #000000;\">Avokat\u00ebt po nxitojn\u00eb t\u00eb kuptojn\u00eb se \u00e7far\u00eb ndikimi do t\u00eb ket\u00eb vendimi p\u00ebr t\u00eb pezulluar p\u00ebrkoh\u00ebsisht k\u00ebt\u00eb program mbi klient\u00ebt e tyre. Zoti Chen tha se platforma e organizat\u00ebs p\u00ebr avokat\u00ebt e interesuar n\u00eb programin \u201cMbajtja e Familjeve s\u00eb Bashku\u201d, \u201cu v\u00ebrshua\u201d pas vendimit t\u00eb gjykat\u00ebsit t\u00eb h\u00ebn\u00ebn von\u00eb me pyetje mbi pasojat, q\u00eb ai mund t\u00eb ket\u00eb p\u00ebr klient\u00ebt e tyre.<\/span><\/p>\n<p><span style=\"color: #000000;\">Prokurori i P\u00ebrgjithsh\u00ebm republikan i Teksasit, Ken Paxton, zyra e t\u00eb cilit po ndihmon n\u00eb udh\u00ebheqjen e padis\u00eb, p\u00ebrsh\u00ebndeti vendimin e gjykat\u00ebsit federal.<em>\u00a0\u201cKy \u00ebsht\u00eb vet\u00ebm hapi i par\u00eb. Ne do t\u00eb vazhdojm\u00eb t\u00eb luftojm\u00eb p\u00ebr Teksasin, vendin ton\u00eb dhe sundimin e ligjit\u201d<\/em>, tha ai p\u00ebrmes nj\u00eb deklarate.<\/span><\/p>\n<p><span style=\"color: #000000;\">P\u00ebr programin \u201cMbajtja e Familjeve t\u00eb Bashkuara\u201d kualifikohen personat q\u00eb kan\u00eb jetuar p\u00ebr 10 vjet n\u00eb Shtetet e Bashkuara dhe jan\u00eb t\u00eb martuar me shtetas amerikan\u00eb, t\u00eb pakt\u00ebn q\u00eb nga 17 qershori i k\u00ebtij viti, dita kur hyri n\u00eb fuqi urdhri ekzekutiv i Presidentit Biden. Programi nuk vlen p\u00ebr personat q\u00eb paraqesin k\u00ebrc\u00ebnim p\u00ebr sigurin\u00eb e Shteteve t\u00eb Bashkuara dhe kan\u00eb nj\u00eb t\u00eb kaluar kriminale.<\/span><\/p>\n<p><span style=\"color: #000000;\">Aplikant\u00ebt gjithashtu duhej t\u00eb dor\u00ebzonin nj\u00eb aplikim t\u00eb gjat\u00eb dhe t\u00eb paguanin nj\u00eb tarif\u00eb prej 580 dollar\u00ebsh.<\/span><\/p>\n<p><span style=\"color: #000000;\">N\u00ebse miratohet k\u00ebrkesa e tyre, aplikant\u00ebt kan\u00eb tre vjet koh\u00eb p\u00ebr t\u00eb k\u00ebrkuar q\u00ebndrim t\u00eb p\u00ebrhersh\u00ebm n\u00eb Shtetet e Bashkuara. Gjat\u00eb k\u00ebsaj periudhe, ata mund t\u00eb marrin nj\u00eb leje pune.<\/span><\/p>\n<p><span style=\"color: #000000;\">P\u00ebrpara k\u00ebtij programi, ishte e v\u00ebshtir\u00eb p\u00ebr njer\u00ebzit q\u00eb ndodheshin ilegalisht n\u00eb Shtetet e Bashkuara t\u00eb merrnin nj\u00eb leje t\u00eb p\u00ebrhershme q\u00ebndrimi pasi martoheshin me nj\u00eb shtetas amerikan. Atyre mund t\u2019u k\u00ebrkohej kthimi n\u00eb vendin e tyre, shpesh p\u00ebr shum\u00eb vite, dhe ata gjithmon\u00eb p\u00ebrballeshin me rrezikun e moslejimit t\u00eb kthimit n\u00eb Amerik\u00eb.<\/span><\/p>\n","protected":false,"gt_translate_keys":[{"key":"rendered","format":"html"}]},"excerpt":{"rendered":"<p>Nj\u00eb gjykat\u00ebs federal n\u00eb Teksas pezulloi t\u00eb h\u00ebn\u00ebn p\u00ebrkoh\u00ebsisht zbatimin e nj\u00eb politike t\u00eb administrat\u00ebs s\u00eb Presidentit Joe Biden, q\u00eb do t\u2019u jepte bashk\u00ebshort\u00ebve t\u00eb shtetasve amerikan\u00eb status ligjor pa pasur nevoj\u00eb q\u00eb ata t\u00eb largoheshin m\u00eb par\u00eb nga vendi, duke sjell\u00eb t\u00eb pakt\u00ebn nj\u00eb penges\u00eb t\u00eb p\u00ebrkohshme p\u00ebr nj\u00ebrin nga veprimet m\u00eb t\u00eb m\u00ebdha [&hellip;]<\/p>\n","protected":false,"gt_translate_keys":[{"key":"rendered","format":"html"}]},"author":32,"featured_media":695537,"comment_status":"closed","ping_status":"open","sticky":false,"template":"","format":"standard","meta":{"footnotes":""},"categories":[53,13],"tags":[],"class_list":["post-695535","post","type-post","status-publish","format-standard","has-post-thumbnail","hentry","category-fast-foodi","category-te-fundit"],"gt_translate_keys":[{"key":"link","format":"url"}],"_links":{"self":[{"href":"https:\/\/www.hashtag.al\/index.php\/wp-json\/wp\/v2\/posts\/695535","targetHints":{"allow":["GET"]}}],"collection":[{"href":"https:\/\/www.hashtag.al\/index.php\/wp-json\/wp\/v2\/posts"}],"about":[{"href":"https:\/\/www.hashtag.al\/index.php\/wp-json\/wp\/v2\/types\/post"}],"author":[{"embeddable":true,"href":"https:\/\/www.hashtag.al\/index.php\/wp-json\/wp\/v2\/users\/32"}],"replies":[{"embeddable":true,"href":"https:\/\/www.hashtag.al\/index.php\/wp-json\/wp\/v2\/comments?post=695535"}],"version-history":[{"count":0,"href":"https:\/\/www.hashtag.al\/index.php\/wp-json\/wp\/v2\/posts\/695535\/revisions"}],"wp:featuredmedia":[{"embeddable":true,"href":"https:\/\/www.hashtag.al\/index.php\/wp-json\/wp\/v2\/media\/695537"}],"wp:attachment":[{"href":"https:\/\/www.hashtag.al\/index.php\/wp-json\/wp\/v2\/media?parent=695535"}],"wp:term":[{"taxonomy":"category","embeddable":true,"href":"https:\/\/www.hashtag.al\/index.php\/wp-json\/wp\/v2\/categories?post=695535"},{"taxonomy":"post_tag","embeddable":true,"href":"https:\/\/www.hashtag.al\/index.php\/wp-json\/wp\/v2\/tags?post=695535"}],"curies":[{"name":"wp","href":"https:\/\/api.w.org\/{rel}","templated":true}]}}