{"id":695120,"date":"2024-08-25T12:54:17","date_gmt":"2024-08-25T10:54:17","guid":{"rendered":"https:\/\/www.hashtag.al\/?p=695120"},"modified":"2024-08-25T12:54:17","modified_gmt":"2024-08-25T10:54:17","slug":"vrasja-ne-astir-zbardhet-deshmia-e-darmend-kelit-amarildo-me-ngacmoi-te-fejuaren-dhe-me-goditi-fizikisht","status":"publish","type":"post","link":"https:\/\/www.hashtag.al\/index.php\/2024\/08\/25\/vrasja-ne-astir-zbardhet-deshmia-e-darmend-kelit-amarildo-me-ngacmoi-te-fejuaren-dhe-me-goditi-fizikisht\/","title":{"rendered":"Vrasja n\u00eb \u201cAstir\u201d, zbardhet d\u00ebshmia e Darmend Kelit: Amarildo m\u00eb ngacmoi t\u00eb fejuar\u00ebn dhe m\u00eb goditi fizikisht","gt_translate_keys":[{"key":"rendered","format":"text"}]},"content":{"rendered":"<p><span style=\"color: #000000;\"><a href=\"https:\/\/www.hashtag.al\/wp-content\/uploads\/2024\/08\/640-0-640-0-66ca298596547-1724581669.jpg\"><img loading=\"lazy\" decoding=\"async\" class=\"aligncenter size-full wp-image-695121\" src=\"https:\/\/www.hashtag.al\/wp-content\/uploads\/2024\/08\/640-0-640-0-66ca298596547-1724581669.jpg\" alt=\"\" width=\"640\" height=\"286\" srcset=\"https:\/\/www.hashtag.al\/wp-content\/uploads\/2024\/08\/640-0-640-0-66ca298596547-1724581669.jpg 640w, https:\/\/www.hashtag.al\/wp-content\/uploads\/2024\/08\/640-0-640-0-66ca298596547-1724581669-300x134.jpg 300w\" sizes=\"auto, (max-width: 640px) 100vw, 640px\" \/><\/a><\/span><\/p>\n<p><span style=\"color: #000000;\">Teksa hetimet p\u00ebr vrasjen e mbr\u00ebmshme (24 Gusht) n\u00eb \u201cAstir\u201d po vijojn\u00eb me intensitet nga Policia dhe Prokuroria e Tiran\u00ebs, p\u00ebr t\u00eb zbuluar dinamik\u00ebn dhe motivet, ka dh\u00ebn\u00eb d\u00ebshmin\u00eb e par\u00eb n\u00eb prani t\u00eb hetuesve edhe i dyshuari i prangosur, Darmend Keli, 25 vje\u00e7.<\/span><\/p>\n<p><span style=\"color: #000000;\">Pas nj\u00eb sherri me motive t\u00eb dob\u00ebta, p\u00ebr shkak t\u00eb ngacmimit t\u00eb t\u00eb dashur\u00ebs s\u00eb autorit t\u00eb dyshuar, mbeti i vrar\u00eb me 4 goditje thike n\u00eb trup (dy n\u00eb gjoks dhe dy n\u00eb k\u00ebmb\u00eb), 34 -vje\u00e7ari Amarildo Hoxhallari, nj\u00eb em\u00ebr i njohur p\u00ebr organet ligjzbatuese, p\u00ebr shkak t\u00eb precedentit t\u00eb vitit 2015, kur u akuzua bashk\u00eb me kush\u00ebririn Aurel (Altin) Hoxhallari, n\u00eb k\u00ebrkim, p\u00ebr organizimin e atentatit t\u00eb d\u00ebshtuar ndaj Pajtim Serjanit, te \u201cRruga e Kavaj\u00ebs\u201d.<\/span><\/p>\n<p><span style=\"color: #000000;\">Keli ka rr\u00ebfyer dhe k\u00ebmb\u00ebngulur se se ka qen\u00eb ngacmimi q\u00eb Hoxhallari i ka b\u00ebr\u00eb t\u00eb fejuar\u00ebs s\u00eb tij (e dashura), q\u00eb denigroi situat\u00ebn dhe ka \u00e7uar deri n\u00eb ngjarjen e r\u00ebnd\u00eb.<\/span><\/p>\n<p><span style=\"color: #000000;\"><em>\u00a0\u201cP\u00ebrcolla t\u00eb fejuar\u00ebn p\u00ebr tek parkimi dhe u ngjita p\u00ebr n\u00eb sht\u00ebpi. Kur dola n\u00eb ballkon, pash\u00eb q\u00eb nj\u00eb motor po e ndiqte dhe personi po fliste duke e ndjekur paralel makin\u00ebn. I fola nga ballkoni dhe m\u00eb pas zbrita. Aty Amarildo Hoxhallari m\u00eb ofendoi dhe m\u00eb goditi fizikisht. Pas p\u00ebrplasjes me t\u00eb, n\u00eb nj\u00eb moment e godita me thik\u00ebn q\u00eb e kisha marr\u00eb nga sht\u00ebpia, n\u00eb gjaknxeht\u00ebsi dhe sip\u00ebr. Ka qen\u00eb sherr i momentit dhe jo i paramenduar, nuk kam pasur q\u00ebllim vrasjen e tij\u201d,<\/em> ka d\u00ebshmuar ai nd\u00ebr t\u00eb tjera, duke u mbrojtur.<\/span><\/p>\n<p><span style=\"color: #000000;\">Policia e arrestoi minuta pas krimit dhe sekuestroi sende si prova materiale, teksa \u00e7\u00ebshtja ndiqet nga Prokuroria, momentalisht me akuz\u00ebn \u201cvrasja me dashje\u201d dhe \u201cmbajtja pa leje e arm\u00ebve t\u00eb ftohta\u201d.<\/span><\/p>\n","protected":false,"gt_translate_keys":[{"key":"rendered","format":"html"}]},"excerpt":{"rendered":"<p>Teksa hetimet p\u00ebr vrasjen e mbr\u00ebmshme (24 Gusht) n\u00eb \u201cAstir\u201d po vijojn\u00eb me intensitet nga Policia dhe Prokuroria e Tiran\u00ebs, p\u00ebr t\u00eb zbuluar dinamik\u00ebn dhe motivet, ka dh\u00ebn\u00eb d\u00ebshmin\u00eb e par\u00eb n\u00eb prani t\u00eb hetuesve edhe i dyshuari i prangosur, Darmend Keli, 25 vje\u00e7. Pas nj\u00eb sherri me motive t\u00eb dob\u00ebta, p\u00ebr shkak t\u00eb ngacmimit [&hellip;]<\/p>\n","protected":false,"gt_translate_keys":[{"key":"rendered","format":"html"}]},"author":32,"featured_media":695121,"comment_status":"closed","ping_status":"open","sticky":false,"template":"","format":"standard","meta":{"footnotes":""},"categories":[65],"tags":[],"class_list":["post-695120","post","type-post","status-publish","format-standard","has-post-thumbnail","hentry","category-lajme"],"gt_translate_keys":[{"key":"link","format":"url"}],"_links":{"self":[{"href":"https:\/\/www.hashtag.al\/index.php\/wp-json\/wp\/v2\/posts\/695120","targetHints":{"allow":["GET"]}}],"collection":[{"href":"https:\/\/www.hashtag.al\/index.php\/wp-json\/wp\/v2\/posts"}],"about":[{"href":"https:\/\/www.hashtag.al\/index.php\/wp-json\/wp\/v2\/types\/post"}],"author":[{"embeddable":true,"href":"https:\/\/www.hashtag.al\/index.php\/wp-json\/wp\/v2\/users\/32"}],"replies":[{"embeddable":true,"href":"https:\/\/www.hashtag.al\/index.php\/wp-json\/wp\/v2\/comments?post=695120"}],"version-history":[{"count":0,"href":"https:\/\/www.hashtag.al\/index.php\/wp-json\/wp\/v2\/posts\/695120\/revisions"}],"wp:featuredmedia":[{"embeddable":true,"href":"https:\/\/www.hashtag.al\/index.php\/wp-json\/wp\/v2\/media\/695121"}],"wp:attachment":[{"href":"https:\/\/www.hashtag.al\/index.php\/wp-json\/wp\/v2\/media?parent=695120"}],"wp:term":[{"taxonomy":"category","embeddable":true,"href":"https:\/\/www.hashtag.al\/index.php\/wp-json\/wp\/v2\/categories?post=695120"},{"taxonomy":"post_tag","embeddable":true,"href":"https:\/\/www.hashtag.al\/index.php\/wp-json\/wp\/v2\/tags?post=695120"}],"curies":[{"name":"wp","href":"https:\/\/api.w.org\/{rel}","templated":true}]}}