{"id":695059,"date":"2024-08-24T22:19:28","date_gmt":"2024-08-24T20:19:28","guid":{"rendered":"https:\/\/www.hashtag.al\/?p=695059"},"modified":"2024-08-24T22:21:33","modified_gmt":"2024-08-24T20:21:33","slug":"isis-merr-pergjegjesine-per-sulmin-me-3-viktima-ne-gjermani","status":"publish","type":"post","link":"https:\/\/www.hashtag.al\/index.php\/2024\/08\/24\/isis-merr-pergjegjesine-per-sulmin-me-3-viktima-ne-gjermani\/","title":{"rendered":"ISIS merr p\u00ebrgjegj\u00ebsin\u00eb p\u00ebr sulmin me 3 viktima n\u00eb Gjermani","gt_translate_keys":[{"key":"rendered","format":"text"}]},"content":{"rendered":"<p><span style=\"color: #000000;\"><img loading=\"lazy\" decoding=\"async\" class=\"aligncenter size-full wp-image-695060\" src=\"https:\/\/www.hashtag.al\/wp-content\/uploads\/2024\/08\/gjermani.PNG2_.png\" alt=\"\" width=\"826\" height=\"594\" \/><\/span><\/p>\n<p><span style=\"color: #000000;\">ISIS mori p\u00ebrgjegj\u00ebsin\u00eb t\u00eb shtun\u00ebn p\u00ebr nj\u00eb sulm me thik\u00eb n\u00eb qytetin gjerman t\u00eb Solingenit ku u vran\u00eb tre persona dhe u plagos\u00ebn tet\u00eb t\u00eb tjer\u00eb.<\/span><\/p>\n<p><span style=\"color: #000000;\">Policia ka ndaluar nj\u00eb adoleshent, i cili mund t\u00eb jet\u00eb i lidhur me sulmin, por autori ishte ende i lir\u00eb.<\/span><\/p>\n<p><span style=\"color: #000000;\">Duke e p\u00ebrshkruar autorin e sulmiy si nj\u00eb &#8220;ushtar t\u00eb ISI-it&#8221;, grupi militant tha n\u00eb nj\u00eb deklarat\u00eb n\u00eb llogarin\u00eb e tij n\u00eb Telegram: <em>&#8220;Ai e kreu sulmin n\u00eb shenj\u00eb hakmarrjeje p\u00ebr musliman\u00ebt n\u00eb Palestin\u00eb dhe kudo&#8221;.<\/em><\/span><\/p>\n<p><span style=\"color: #000000;\">Hendrik \u00cbWuest, kryeministri i shtetit t\u00eb Rheinland-Westfalen, e p\u00ebrshkroi sulmin e s\u00eb premtes n\u00eb mbr\u00ebmje gjat\u00eb nj\u00eb festivali n\u00eb qytet si nj\u00eb akt terrori.<\/span><\/p>\n<p><span style=\"color: #000000;\"><em>&#8220;Ky sulm ka goditur n\u00eb zem\u00ebr t\u00eb vendit ton\u00eb,&#8221;<\/em> u tha Wuest gazetar\u00ebve.<\/span><\/p>\n<p><span style=\"color: #000000;\">Ministrja e Brendshme Nancy Faeser tha se autoritetet po b\u00ebnin gjith\u00e7ka q\u00eb mundeshin p\u00ebr t\u00eb kapur sulmuesin.<\/span><\/p>\n<p><span style=\"color: #000000;\">Sulmi ndodhi n\u00eb Fronhof, nj\u00eb shesh tregu n\u00eb qytetin per\u00ebndimor gjerman, ku grupet e muzik\u00ebs po luanin si pjes\u00eb e nj\u00eb festivali q\u00eb sh\u00ebnonte 650 vjetorin e tij.<\/span><\/p>\n","protected":false,"gt_translate_keys":[{"key":"rendered","format":"html"}]},"excerpt":{"rendered":"<p>ISIS mori p\u00ebrgjegj\u00ebsin\u00eb t\u00eb shtun\u00ebn p\u00ebr nj\u00eb sulm me thik\u00eb n\u00eb qytetin gjerman t\u00eb Solingenit ku u vran\u00eb tre persona dhe u plagos\u00ebn tet\u00eb t\u00eb tjer\u00eb. Policia ka ndaluar nj\u00eb adoleshent, i cili mund t\u00eb jet\u00eb i lidhur me sulmin, por autori ishte ende i lir\u00eb. Duke e p\u00ebrshkruar autorin e sulmiy si nj\u00eb &#8220;ushtar [&hellip;]<\/p>\n","protected":false,"gt_translate_keys":[{"key":"rendered","format":"html"}]},"author":51,"featured_media":695060,"comment_status":"closed","ping_status":"open","sticky":false,"template":"","format":"standard","meta":{"footnotes":""},"categories":[6],"tags":[],"class_list":["post-695059","post","type-post","status-publish","format-standard","has-post-thumbnail","hentry","category-nderkombetare"],"gt_translate_keys":[{"key":"link","format":"url"}],"_links":{"self":[{"href":"https:\/\/www.hashtag.al\/index.php\/wp-json\/wp\/v2\/posts\/695059","targetHints":{"allow":["GET"]}}],"collection":[{"href":"https:\/\/www.hashtag.al\/index.php\/wp-json\/wp\/v2\/posts"}],"about":[{"href":"https:\/\/www.hashtag.al\/index.php\/wp-json\/wp\/v2\/types\/post"}],"author":[{"embeddable":true,"href":"https:\/\/www.hashtag.al\/index.php\/wp-json\/wp\/v2\/users\/51"}],"replies":[{"embeddable":true,"href":"https:\/\/www.hashtag.al\/index.php\/wp-json\/wp\/v2\/comments?post=695059"}],"version-history":[{"count":0,"href":"https:\/\/www.hashtag.al\/index.php\/wp-json\/wp\/v2\/posts\/695059\/revisions"}],"wp:featuredmedia":[{"embeddable":true,"href":"https:\/\/www.hashtag.al\/index.php\/wp-json\/wp\/v2\/media\/695060"}],"wp:attachment":[{"href":"https:\/\/www.hashtag.al\/index.php\/wp-json\/wp\/v2\/media?parent=695059"}],"wp:term":[{"taxonomy":"category","embeddable":true,"href":"https:\/\/www.hashtag.al\/index.php\/wp-json\/wp\/v2\/categories?post=695059"},{"taxonomy":"post_tag","embeddable":true,"href":"https:\/\/www.hashtag.al\/index.php\/wp-json\/wp\/v2\/tags?post=695059"}],"curies":[{"name":"wp","href":"https:\/\/api.w.org\/{rel}","templated":true}]}}