{"id":694919,"date":"2024-08-24T09:33:25","date_gmt":"2024-08-24T07:33:25","guid":{"rendered":"https:\/\/www.hashtag.al\/?p=694919"},"modified":"2024-08-24T09:33:25","modified_gmt":"2024-08-24T07:33:25","slug":"sulm-me-thike-ne-nje-festival-ne-gjermani-3-te-vdekur-8-te-plagosur","status":"publish","type":"post","link":"https:\/\/www.hashtag.al\/index.php\/2024\/08\/24\/sulm-me-thike-ne-nje-festival-ne-gjermani-3-te-vdekur-8-te-plagosur\/","title":{"rendered":"Sulm me thik\u00eb n\u00eb nj\u00eb festival n\u00eb Gjermani, 3 t\u00eb vdekur, 8 t\u00eb plagosur","gt_translate_keys":[{"key":"rendered","format":"text"}]},"content":{"rendered":"<p><span style=\"color: #000000;\"><a href=\"https:\/\/www.hashtag.al\/wp-content\/uploads\/2024\/08\/Screenshot-2024-08-24-093110.png\"><img loading=\"lazy\" decoding=\"async\" class=\"aligncenter size-full wp-image-694920\" src=\"https:\/\/www.hashtag.al\/wp-content\/uploads\/2024\/08\/Screenshot-2024-08-24-093110.png\" alt=\"\" width=\"572\" height=\"343\" srcset=\"https:\/\/www.hashtag.al\/wp-content\/uploads\/2024\/08\/Screenshot-2024-08-24-093110.png 572w, https:\/\/www.hashtag.al\/wp-content\/uploads\/2024\/08\/Screenshot-2024-08-24-093110-300x180.png 300w, https:\/\/www.hashtag.al\/wp-content\/uploads\/2024\/08\/Screenshot-2024-08-24-093110-570x343.png 570w\" sizes=\"auto, (max-width: 572px) 100vw, 572px\" \/><\/a><\/span><\/p>\n<p><span style=\"color: #000000;\">Policia gjermane \u00ebsht\u00eb n\u00eb k\u00ebrkim t\u00eb nj\u00eb agresori t\u00eb panjohur pas nj\u00eb sulmi me thik\u00eb q\u00eb ndodhi t\u00eb premten mbr\u00ebma n\u00eb nj\u00eb festival n\u00eb qytetin Solingen, n\u00eb Gjermanin\u00eb per\u00ebndimore.<\/span><\/p>\n<p><span style=\"color: #000000;\">Sulmi la tre persona t\u00eb vdekur dhe tet\u00eb t\u00eb tjer\u00eb t\u00eb plagosur, pes\u00eb prej t\u00eb cil\u00ebve n\u00eb gjendje t\u00eb r\u00ebnd\u00eb, sipas nj\u00eb deklarate t\u00eb policis\u00eb t\u00eb shtun\u00ebn her\u00ebt n\u00eb m\u00ebngjes.<\/span><\/p>\n<p><span style=\"color: #000000;\">Numri i t\u00eb plagosurve n\u00eb gjendje t\u00eb r\u00ebnd\u00eb ishte rritur nga kat\u00ebr q\u00eb ishte raportuar m\u00eb par\u00eb.<\/span><\/p>\n<p><span style=\"color: #000000;\">Ngjarja ndodhi rreth or\u00ebs 9:40 t\u00eb mbr\u00ebmjes t\u00eb premten, kur nj\u00eb burr\u00eb sulmoi disa njer\u00ebz me nj\u00eb thik\u00eb n\u00eb sheshin Fronhof, nj\u00eb shesh tregu n\u00eb qend\u00ebr t\u00eb qytetit. Policia raportoi se agresori synonte n\u00eb m\u00ebnyr\u00eb specifike gryk\u00ebt e viktimave t\u00eb tij. Deri tani, policia nuk ka arritur t\u00eb siguroj\u00eb detaje t\u00eb tjera p\u00ebr identitetin ose motivin e sulmuesit.<\/span><\/p>\n<p><span style=\"color: #000000;\">N\u00eb nj\u00eb postim n\u00eb X, ministrja e Brendshme e Gjermanis\u00eb, Nancy Faeser, deklaroi: &#8220;<em>Autoritetet tona t\u00eb siguris\u00eb po b\u00ebjn\u00eb gjith\u00e7ka p\u00ebr t\u00eb kapur autorin dhe p\u00ebr t\u00eb hetuar prapaskenat e sulmit&#8221;.<\/em><\/span><\/p>\n<p><span style=\"color: #000000;\">Ajo gjithashtu shprehu ngush\u00ebllime p\u00ebr familjet e viktimave dhe t\u00eb plagosurve, p\u00ebrcjell <span style=\"color: #0000ff;\"><a style=\"color: #0000ff;\" href=\"https:\/\/www.theguardian.com\/world\/article\/2024\/aug\/23\/people-killed-and-injured-at-festival-in-solingen-in-germany-report\">Reuters.<\/a><\/span><\/span><\/p>\n<p><span style=\"color: #000000;\">Sulmi ndodhi gjat\u00eb nj\u00eb festivali q\u00eb sh\u00ebnonte 650-vjetorin e themelimit t\u00eb qytetit n\u00eb shtetin e North Rhine-Westphalia, q\u00eb kufizohet me Holand\u00ebn. Rreth 10,000 njer\u00ebz ishin mbledhur n\u00eb sheshin Fronhof, ku po performonin grupe t\u00eb ndryshme muzikore.<\/span><\/p>\n<p><span style=\"color: #000000;\">Muzikanti gjerman i njohur si Topic ishte duke performuar n\u00eb nj\u00eb sken\u00eb pran\u00eb vendit t\u00eb ngjarjes kur ndodhi incidenti. N\u00eb nj\u00eb postim n\u00eb Instagram, ai tregoi se ishte njoftuar p\u00ebr at\u00eb q\u00eb kishte ndodhur, por iu k\u00ebrkua t\u00eb vazhdonte performanc\u00ebn &#8220;<em>p\u00ebr t\u00eb shmangur shkaktimin e nj\u00eb paniku masiv&#8221;. <\/em><\/span><\/p>\n<p><span style=\"color: #000000;\">Pas k\u00ebsaj, ai u informua q\u00eb t\u00eb ndalonte dhe, &#8220;pasi agresori ishte ende n\u00eb arrati, ne u fsheh\u00ebm n\u00eb nj\u00eb dyqan aty pran\u00eb, nd\u00ebrsa helikopter\u00ebt e policis\u00eb fluturonin mbi ne,&#8221; shkroi ai.<\/span><\/p>\n<p><span style=\"color: #000000;\">Autoritetet anuluan pjes\u00ebn e mbetur t\u00eb festivalit t\u00eb fundjav\u00ebs. Policia po ashtu njoftoi se kishte hapur nj\u00eb faqe interneti p\u00ebr njer\u00ebzit q\u00eb t\u00eb d\u00ebrgonin pamje ose informacione n\u00eb lidhje me sulmin.<\/span><\/p>\n<p><span style=\"color: #000000;\">Sulme me thik\u00eb dhe arm\u00eb zjarri jan\u00eb relativisht t\u00eb rralla n\u00eb Gjermani. Qeveria deklaroi m\u00eb her\u00ebt k\u00ebt\u00eb muaj se d\u00ebshironte t\u00eb forconte rregullat p\u00ebr thikat q\u00eb mund t\u00eb mbahen n\u00eb publik, duke reduktuar gjat\u00ebsin\u00eb maksimale t\u00eb lejuar.<\/span><\/p>\n<p><span style=\"color: #000000;\">N\u00eb qershor, nj\u00eb polic 29-vje\u00e7ar vdiq pasi u godit me thik\u00eb n\u00eb Mannheim gjat\u00eb nj\u00eb sulmi mbi nj\u00eb demonstrat\u00eb t\u00eb djatht\u00eb. Nj\u00eb sulm me thik\u00eb n\u00eb nj\u00eb tren n\u00eb vitin 2021 plagosi disa persona.<\/span><\/p>\n<p><span style=\"color: #000000;\">Ministri i Brendsh\u00ebm i North Rhine-Westphalia, Herbert Reul, vizitoi vendin e ngjarjes t\u00eb shtun\u00ebn her\u00ebt n\u00eb m\u00ebngjes. Ai u tha gazetar\u00ebve se ishte nj\u00eb sulm i q\u00ebllimsh\u00ebm mbi jet\u00ebn njer\u00ebzore, por refuzoi t\u00eb spekuloj\u00eb p\u00ebr motivin.<\/span><\/p>\n<p><span style=\"color: #000000;\">Gjat\u00eb nj\u00eb konference p\u00ebr shtyp, autoritetet than\u00eb se &#8220;<em>shum\u00eb d\u00ebshmitar\u00eb jan\u00eb n\u00eb gjendje shoku dhe po marrin kujdes dhe po japin deklaratat e tyre&#8221;. <\/em><\/span><\/p>\n<p><span style=\"color: #000000;\">Policia shpreson t\u00eb marr\u00eb informacion p\u00ebr agresorin, ve\u00e7an\u00ebrisht p\u00ebr pamjen e tij, n\u00eb m\u00ebnyr\u00eb q\u00eb k\u00ebrkimi t\u00eb jet\u00eb m\u00eb i sakt\u00eb. D\u00ebshmitar\u00ebt than\u00eb se njer\u00ebzit q\u00ebndruan t\u00eb qet\u00eb nd\u00ebrsa largoheshin nga vendi i ngjarjes dhe pamjet e medias m\u00eb von\u00eb treguan se sheshi ishte bosh, p\u00ebrve\u00e7 makinave t\u00eb policis\u00eb dhe emergjenc\u00ebs.<\/span><\/p>\n<p><span style=\"color: #000000;\">Organizatori i festivalit, Philipp M\u00fcller, k\u00ebrkoi nga turma t\u00eb mos panikojn\u00eb dhe t\u00eb ken\u00eb kujdes duke u larguar nga vendi, pasi sulmuesi ishte ende n\u00eb liri. Policia e Solingen, nj\u00eb qytet me rreth 160,000 banor\u00eb, i vendosur pran\u00eb qyteteve m\u00eb t\u00eb m\u00ebdha t\u00eb K\u00eblnit dhe Dyseldorfit, po vazhdon k\u00ebrkimin intensiv p\u00ebr t\u00eb kapur sulmuesin e panjohur.<\/span><\/p>\n","protected":false,"gt_translate_keys":[{"key":"rendered","format":"html"}]},"excerpt":{"rendered":"<p>Policia gjermane \u00ebsht\u00eb n\u00eb k\u00ebrkim t\u00eb nj\u00eb agresori t\u00eb panjohur pas nj\u00eb sulmi me thik\u00eb q\u00eb ndodhi t\u00eb premten mbr\u00ebma n\u00eb nj\u00eb festival n\u00eb qytetin Solingen, n\u00eb Gjermanin\u00eb per\u00ebndimore. Sulmi la tre persona t\u00eb vdekur dhe tet\u00eb t\u00eb tjer\u00eb t\u00eb plagosur, pes\u00eb prej t\u00eb cil\u00ebve n\u00eb gjendje t\u00eb r\u00ebnd\u00eb, sipas nj\u00eb deklarate t\u00eb policis\u00eb t\u00eb [&hellip;]<\/p>\n","protected":false,"gt_translate_keys":[{"key":"rendered","format":"html"}]},"author":32,"featured_media":694920,"comment_status":"closed","ping_status":"open","sticky":false,"template":"","format":"standard","meta":{"footnotes":""},"categories":[6],"tags":[],"class_list":["post-694919","post","type-post","status-publish","format-standard","has-post-thumbnail","hentry","category-nderkombetare"],"gt_translate_keys":[{"key":"link","format":"url"}],"_links":{"self":[{"href":"https:\/\/www.hashtag.al\/index.php\/wp-json\/wp\/v2\/posts\/694919","targetHints":{"allow":["GET"]}}],"collection":[{"href":"https:\/\/www.hashtag.al\/index.php\/wp-json\/wp\/v2\/posts"}],"about":[{"href":"https:\/\/www.hashtag.al\/index.php\/wp-json\/wp\/v2\/types\/post"}],"author":[{"embeddable":true,"href":"https:\/\/www.hashtag.al\/index.php\/wp-json\/wp\/v2\/users\/32"}],"replies":[{"embeddable":true,"href":"https:\/\/www.hashtag.al\/index.php\/wp-json\/wp\/v2\/comments?post=694919"}],"version-history":[{"count":0,"href":"https:\/\/www.hashtag.al\/index.php\/wp-json\/wp\/v2\/posts\/694919\/revisions"}],"wp:featuredmedia":[{"embeddable":true,"href":"https:\/\/www.hashtag.al\/index.php\/wp-json\/wp\/v2\/media\/694920"}],"wp:attachment":[{"href":"https:\/\/www.hashtag.al\/index.php\/wp-json\/wp\/v2\/media?parent=694919"}],"wp:term":[{"taxonomy":"category","embeddable":true,"href":"https:\/\/www.hashtag.al\/index.php\/wp-json\/wp\/v2\/categories?post=694919"},{"taxonomy":"post_tag","embeddable":true,"href":"https:\/\/www.hashtag.al\/index.php\/wp-json\/wp\/v2\/tags?post=694919"}],"curies":[{"name":"wp","href":"https:\/\/api.w.org\/{rel}","templated":true}]}}