{"id":694751,"date":"2024-08-22T17:59:38","date_gmt":"2024-08-22T15:59:38","guid":{"rendered":"https:\/\/www.hashtag.al\/?p=694751"},"modified":"2024-08-22T17:59:38","modified_gmt":"2024-08-22T15:59:38","slug":"mbytet-varka-me-rreth-30-emigrante-qe-po-kalonte-lumin-nga-serbia-ne-bosnje-humbin-jeten-8-persona","status":"publish","type":"post","link":"https:\/\/www.hashtag.al\/index.php\/2024\/08\/22\/mbytet-varka-me-rreth-30-emigrante-qe-po-kalonte-lumin-nga-serbia-ne-bosnje-humbin-jeten-8-persona\/","title":{"rendered":"Mbytet varka me rreth 30 emigrant\u00eb q\u00eb po kalonte lumin nga Serbia n\u00eb Bosnj\u00eb, humbin jet\u00ebn 8 persona","gt_translate_keys":[{"key":"rendered","format":"text"}]},"content":{"rendered":"<p><span style=\"color: #000000;\"><a style=\"color: #000000;\" href=\"https:\/\/www.hashtag.al\/wp-content\/uploads\/2024\/08\/lumi-drina.png\"><img loading=\"lazy\" decoding=\"async\" class=\"aligncenter size-full wp-image-694752\" src=\"https:\/\/www.hashtag.al\/wp-content\/uploads\/2024\/08\/lumi-drina.png\" alt=\"\" width=\"926\" height=\"602\" srcset=\"https:\/\/www.hashtag.al\/wp-content\/uploads\/2024\/08\/lumi-drina.png 926w, https:\/\/www.hashtag.al\/wp-content\/uploads\/2024\/08\/lumi-drina-300x195.png 300w, https:\/\/www.hashtag.al\/wp-content\/uploads\/2024\/08\/lumi-drina-768x499.png 768w\" sizes=\"auto, (max-width: 926px) 100vw, 926px\" \/><\/a><\/span><\/p>\n<p><span style=\"color: #000000;\">T\u00eb pakt\u00ebn tet\u00eb persona jan\u00eb mbytur dhe shum\u00eb t\u00eb tjer\u00eb rezultojn\u00eb t\u00eb zhdukur pasi nj\u00eb vark\u00eb me rreth 30 emigrant\u00eb t\u00eb paligjsh\u00ebm q\u00eb po p\u00ebrpiqej t\u00eb kalonte lumin Drina nga Serbia n\u00eb Bosnje u mbyt.<\/span><\/p>\n<p><span style=\"color: #000000;\">Ministri i Brendsh\u00ebm i Serbis\u00eb, Ivica Da\u00e7i\u00e7, tha se policia kishte marr\u00eb nj\u00eb telefonat\u00eb t\u00eb enjten her\u00ebt n\u00eb m\u00ebngjes nga homolog\u00ebt e tyre n\u00eb Bosnje dhe nj\u00eb qytetar q\u00eb kishte raportuar aksidentin.<\/span><\/p>\n<p><span style=\"color: #000000;\">Sipas vler\u00ebsimeve jozyrtare, numri i njer\u00ebzve n\u00eb vark\u00eb kur ajo u p\u00ebrmbys ishte 30, nga t\u00eb cil\u00ebt 18 arrit\u00ebn t\u00eb dilnin n\u00eb bregun n\u00eb Bosnje.<\/span><\/p>\n<p><span style=\"color: #000000;\">Gjasht\u00ebmb\u00ebdhjet\u00eb prej tyre besohet se jan\u00eb sirian\u00eb, nd\u00ebrsa dy t\u00eb tjer\u00ebt jan\u00eb nga Egjipti. Raportohet se varka mbante 10 t\u00eb mitur n\u00eb momentin q\u00eb u p\u00ebrmbys.<\/span><\/p>\n<p><span style=\"color: #000000;\">Ekipet e shp\u00ebtimit t\u00eb mbrojtjes civile, policia kufitare boshnjake dhe serbe, zhyt\u00ebs dhe zjarrfik\u00ebs jan\u00eb vendosur p\u00ebrgjat\u00eb brigjeve t\u00eb lumit t\u00eb pyll\u00ebzuar n\u00eb k\u00ebrkim t\u00eb t\u00eb mbijetuarve.<\/span><\/p>\n<p><span style=\"color: #000000;\">\u00c7do vit, mij\u00ebra emigrant\u00eb p\u00ebrdorin t\u00eb ashtuquajtur\u00ebn rrug\u00eb tok\u00ebsore ballkanike n\u00eb p\u00ebrpjekje p\u00ebr t\u00eb arritur n\u00eb Bashkimin Evropian.<\/span><\/p>\n<p><span style=\"color: #000000;\">Ata kalojn\u00eb n\u00eb Serbi nga Bullgaria ose Maqedonia e Veriut p\u00ebrpara se t\u00eb shkojn\u00eb n\u00eb Hungari, Kroaci ose Bosnje.<\/span><\/p>\n<p><span style=\"color: #000000;\">P\u00ebr t\u00eb arritur n\u00eb vendet e pasura evropiane, njer\u00ebzit q\u00eb ikin nga luft\u00ebrat dhe varf\u00ebria shpesh u drejtohen kontrabandist\u00ebve p\u00ebr t&#8217;i kaluar ata p\u00ebrtej kufijve pa autorizim.<\/span><\/p>\n","protected":false,"gt_translate_keys":[{"key":"rendered","format":"html"}]},"excerpt":{"rendered":"<p>T\u00eb pakt\u00ebn tet\u00eb persona jan\u00eb mbytur dhe shum\u00eb t\u00eb tjer\u00eb rezultojn\u00eb t\u00eb zhdukur pasi nj\u00eb vark\u00eb me rreth 30 emigrant\u00eb t\u00eb paligjsh\u00ebm q\u00eb po p\u00ebrpiqej t\u00eb kalonte lumin Drina nga Serbia n\u00eb Bosnje u mbyt. Ministri i Brendsh\u00ebm i Serbis\u00eb, Ivica Da\u00e7i\u00e7, tha se policia kishte marr\u00eb nj\u00eb telefonat\u00eb t\u00eb enjten her\u00ebt n\u00eb m\u00ebngjes nga [&hellip;]<\/p>\n","protected":false,"gt_translate_keys":[{"key":"rendered","format":"html"}]},"author":32,"featured_media":694752,"comment_status":"closed","ping_status":"open","sticky":false,"template":"","format":"standard","meta":{"footnotes":""},"categories":[149,13],"tags":[],"class_list":["post-694751","post","type-post","status-publish","format-standard","has-post-thumbnail","hentry","category-kosoverajon","category-te-fundit"],"gt_translate_keys":[{"key":"link","format":"url"}],"_links":{"self":[{"href":"https:\/\/www.hashtag.al\/index.php\/wp-json\/wp\/v2\/posts\/694751","targetHints":{"allow":["GET"]}}],"collection":[{"href":"https:\/\/www.hashtag.al\/index.php\/wp-json\/wp\/v2\/posts"}],"about":[{"href":"https:\/\/www.hashtag.al\/index.php\/wp-json\/wp\/v2\/types\/post"}],"author":[{"embeddable":true,"href":"https:\/\/www.hashtag.al\/index.php\/wp-json\/wp\/v2\/users\/32"}],"replies":[{"embeddable":true,"href":"https:\/\/www.hashtag.al\/index.php\/wp-json\/wp\/v2\/comments?post=694751"}],"version-history":[{"count":0,"href":"https:\/\/www.hashtag.al\/index.php\/wp-json\/wp\/v2\/posts\/694751\/revisions"}],"wp:featuredmedia":[{"embeddable":true,"href":"https:\/\/www.hashtag.al\/index.php\/wp-json\/wp\/v2\/media\/694752"}],"wp:attachment":[{"href":"https:\/\/www.hashtag.al\/index.php\/wp-json\/wp\/v2\/media?parent=694751"}],"wp:term":[{"taxonomy":"category","embeddable":true,"href":"https:\/\/www.hashtag.al\/index.php\/wp-json\/wp\/v2\/categories?post=694751"},{"taxonomy":"post_tag","embeddable":true,"href":"https:\/\/www.hashtag.al\/index.php\/wp-json\/wp\/v2\/tags?post=694751"}],"curies":[{"name":"wp","href":"https:\/\/api.w.org\/{rel}","templated":true}]}}