{"id":694711,"date":"2024-08-22T14:43:33","date_gmt":"2024-08-22T12:43:33","guid":{"rendered":"https:\/\/www.hashtag.al\/?p=694711"},"modified":"2024-08-22T14:43:59","modified_gmt":"2024-08-22T12:43:59","slug":"zbardhet-vrasja-e-72-vjecarit-ne-memaliaj-autori-23-vjecar-u-nxit-nga-fqinjet-e-viktimes","status":"publish","type":"post","link":"https:\/\/www.hashtag.al\/index.php\/2024\/08\/22\/zbardhet-vrasja-e-72-vjecarit-ne-memaliaj-autori-23-vjecar-u-nxit-nga-fqinjet-e-viktimes\/","title":{"rendered":"Zbardhet vrasja e 72-vje\u00e7arit n\u00eb Memaliaj, autori 23-vje\u00e7ar u nxit nga fqinj\u00ebt e viktim\u00ebs","gt_translate_keys":[{"key":"rendered","format":"text"}]},"content":{"rendered":"<p><img loading=\"lazy\" decoding=\"async\" class=\"aligncenter size-full wp-image-694712\" src=\"https:\/\/www.hashtag.al\/wp-content\/uploads\/2024\/08\/memaliaj.png\" alt=\"\" width=\"1142\" height=\"488\" srcset=\"https:\/\/www.hashtag.al\/wp-content\/uploads\/2024\/08\/memaliaj.png 1142w, https:\/\/www.hashtag.al\/wp-content\/uploads\/2024\/08\/memaliaj-300x128.png 300w, https:\/\/www.hashtag.al\/wp-content\/uploads\/2024\/08\/memaliaj-1024x438.png 1024w, https:\/\/www.hashtag.al\/wp-content\/uploads\/2024\/08\/memaliaj-768x328.png 768w\" sizes=\"auto, (max-width: 1142px) 100vw, 1142px\" \/><\/p>\n<p><span style=\"color: #000000;\">23-vje\u00e7ari Blerti Kanushi \u00ebsht\u00eb arrestuar nga policia e Gjirokastr\u00ebs lidhur me vrasjen e 72-vje\u00e7arit Faik Ajdini, tre dit\u00eb m\u00eb par\u00eb, krim i ndodhur n\u00eb fshatin Zhapokik\u00eb t\u00eb Memaliajt. Trupi i t\u00eb moshuarit u gjet i hedhur n\u00eb p\u00ebrrua me shenja prerje nga thika n\u00eb fyt dhe kok\u00eb.<\/span><\/p>\n<p><span style=\"color: #000000;\">Ai dyshohet se \u00ebsht\u00eb nxitur p\u00ebr vrasjen nga \u00e7ifti i bashk\u00ebshort\u00ebve Sk\u00ebnder e Darovi Ajdini, 71 e 64 vje\u00e7, t\u00eb cilit ishin fqinj\u00eb t\u00eb viktim\u00ebs dhe kishin probleme me gardhin q\u00eb i ndante.<\/span><\/p>\n<p><span style=\"color: #000000;\">M\u00eb her\u00ebt ishin arrestuar nga policia\u00a0 71-vje\u00e7ari Sk\u00ebnder Ajdini dhe i biri, 43-vje\u00e7ari Bledar Ajdini.<\/span><\/p>\n<p><span style=\"color: #000000;\"><em>\u201cNga dinamika hetimore u konkludua se p\u00ebr shkak t\u00eb konflikteve p\u00ebr motive t\u00eb dob\u00ebta nd\u00ebrmjet viktim\u00ebs, shtetasit Faik Ajdini, dhe bashk\u00ebshort\u00ebve Sk\u00ebnder dhe Darovi Ajdini, k\u00ebta t\u00eb fundit kan\u00eb nxitur shtetasin Blerti Kanushi, 23 vje\u00e7, i kan\u00eb krijuar kushtet dhe i kan\u00eb siguruar mjetet, p\u00ebr kryerjen e vrasjes. Ky shtetas, n\u00eb bashk\u00ebpunim me shtetasin Sk\u00ebnder Ajdini, m\u00eb dat\u00eb 19 gusht 2024, rreth or\u00ebs 07:00 t\u00eb m\u00ebngjesit, kan\u00eb kryer vrasjen me thik\u00eb t\u00eb shtetasit Faik Ajdini dhe m\u00eb pas Blerti Kanushi \u00ebsht\u00eb larguar nga vendi i ngjarjes. Pas kryerjes s\u00eb krimit, Sk\u00ebnd\u00ebr Ajdini me shtetasen Darovi Ajdini kan\u00eb kryer veprime aktive p\u00ebr pengimin e zbulimit t\u00eb s\u00eb v\u00ebrtet\u00ebs, duke b\u00ebr\u00eb p\u00ebrpjekje p\u00ebr t\u00eb zhdukur provat e krimit. Shtetasi Bledar Ajdini, n\u00eb dijeni t\u00eb plot\u00eb p\u00ebr krimin, ka p\u00ebrkrahur autorin e krimit, duke mos informuar institucionet ligjzbatuese p\u00ebr vendndodhjen e tij.\u201d<\/em> &#8211; tha nd\u00ebr t\u00eb tjera drejtori i Policis\u00eb s\u00eb Gjirokastr\u00ebs, Ardian \u00c7ipa.<\/span><\/p>\n<p><img loading=\"lazy\" decoding=\"async\" class=\"aligncenter size-full wp-image-694713\" src=\"https:\/\/www.hashtag.al\/wp-content\/uploads\/2024\/08\/thika.png\" alt=\"\" width=\"1029\" height=\"467\" srcset=\"https:\/\/www.hashtag.al\/wp-content\/uploads\/2024\/08\/thika.png 1029w, https:\/\/www.hashtag.al\/wp-content\/uploads\/2024\/08\/thika-300x136.png 300w, https:\/\/www.hashtag.al\/wp-content\/uploads\/2024\/08\/thika-1024x465.png 1024w, https:\/\/www.hashtag.al\/wp-content\/uploads\/2024\/08\/thika-768x349.png 768w\" sizes=\"auto, (max-width: 1029px) 100vw, 1029px\" \/><\/p>\n","protected":false,"gt_translate_keys":[{"key":"rendered","format":"html"}]},"excerpt":{"rendered":"<p>23-vje\u00e7ari Blerti Kanushi \u00ebsht\u00eb arrestuar nga policia e Gjirokastr\u00ebs lidhur me vrasjen e 72-vje\u00e7arit Faik Ajdini, tre dit\u00eb m\u00eb par\u00eb, krim i ndodhur n\u00eb fshatin Zhapokik\u00eb t\u00eb Memaliajt. Trupi i t\u00eb moshuarit u gjet i hedhur n\u00eb p\u00ebrrua me shenja prerje nga thika n\u00eb fyt dhe kok\u00eb. Ai dyshohet se \u00ebsht\u00eb nxitur p\u00ebr vrasjen nga [&hellip;]<\/p>\n","protected":false,"gt_translate_keys":[{"key":"rendered","format":"html"}]},"author":51,"featured_media":694712,"comment_status":"closed","ping_status":"open","sticky":false,"template":"","format":"standard","meta":{"footnotes":""},"categories":[65],"tags":[],"class_list":["post-694711","post","type-post","status-publish","format-standard","has-post-thumbnail","hentry","category-lajme"],"gt_translate_keys":[{"key":"link","format":"url"}],"_links":{"self":[{"href":"https:\/\/www.hashtag.al\/index.php\/wp-json\/wp\/v2\/posts\/694711","targetHints":{"allow":["GET"]}}],"collection":[{"href":"https:\/\/www.hashtag.al\/index.php\/wp-json\/wp\/v2\/posts"}],"about":[{"href":"https:\/\/www.hashtag.al\/index.php\/wp-json\/wp\/v2\/types\/post"}],"author":[{"embeddable":true,"href":"https:\/\/www.hashtag.al\/index.php\/wp-json\/wp\/v2\/users\/51"}],"replies":[{"embeddable":true,"href":"https:\/\/www.hashtag.al\/index.php\/wp-json\/wp\/v2\/comments?post=694711"}],"version-history":[{"count":0,"href":"https:\/\/www.hashtag.al\/index.php\/wp-json\/wp\/v2\/posts\/694711\/revisions"}],"wp:featuredmedia":[{"embeddable":true,"href":"https:\/\/www.hashtag.al\/index.php\/wp-json\/wp\/v2\/media\/694712"}],"wp:attachment":[{"href":"https:\/\/www.hashtag.al\/index.php\/wp-json\/wp\/v2\/media?parent=694711"}],"wp:term":[{"taxonomy":"category","embeddable":true,"href":"https:\/\/www.hashtag.al\/index.php\/wp-json\/wp\/v2\/categories?post=694711"},{"taxonomy":"post_tag","embeddable":true,"href":"https:\/\/www.hashtag.al\/index.php\/wp-json\/wp\/v2\/tags?post=694711"}],"curies":[{"name":"wp","href":"https:\/\/api.w.org\/{rel}","templated":true}]}}