{"id":694531,"date":"2024-08-21T10:24:59","date_gmt":"2024-08-21T08:24:59","guid":{"rendered":"https:\/\/www.hashtag.al\/?p=694531"},"modified":"2024-08-21T10:24:59","modified_gmt":"2024-08-21T08:24:59","slug":"vrasja-e-72-vjecarit-prangosen-babe-e-bir-ne-memaliaj","status":"publish","type":"post","link":"https:\/\/www.hashtag.al\/index.php\/2024\/08\/21\/vrasja-e-72-vjecarit-prangosen-babe-e-bir-ne-memaliaj\/","title":{"rendered":"Vrasja e 72-vje\u00e7arit, prangosen bab\u00eb e bir n\u00eb Memaliaj","gt_translate_keys":[{"key":"rendered","format":"text"}]},"content":{"rendered":"<p><img loading=\"lazy\" decoding=\"async\" class=\"aligncenter size-full wp-image-694532\" src=\"https:\/\/www.hashtag.al\/wp-content\/uploads\/2024\/08\/zhapokike.jpg\" alt=\"\" width=\"751\" height=\"422\" srcset=\"https:\/\/www.hashtag.al\/wp-content\/uploads\/2024\/08\/zhapokike.jpg 751w, https:\/\/www.hashtag.al\/wp-content\/uploads\/2024\/08\/zhapokike-300x169.jpg 300w\" sizes=\"auto, (max-width: 751px) 100vw, 751px\" \/><\/p>\n<p><span style=\"color: #000000;\">Bab\u00eb e bir jan\u00eb arrestuar jan\u00eb arrestuar lidhur me vrasjen e 72-vje\u00e7arit Faik Ajdini m\u00ebngjesin e dit\u00ebs s\u00eb djeshme, i cili u gjet i hedhur n\u00eb nj\u00eb p\u00ebrrua n\u00eb fshatin Zhapokik\u00eb me shenja dhune n\u00eb qaf\u00eb e kok\u00eb. <\/span><\/p>\n<p><span style=\"color: #000000;\">N\u00eb pranga kan\u00eb p\u00ebrfunduar 71-vje\u00e7ari 71-vje\u00e7ari Sk\u00ebnder Ajdini dhe i biri, 43-vje\u00e7ari Bledar Ajdini, bashk\u00ebfshatar\u00eb me viktim\u00ebn.<\/span><\/p>\n<p><span style=\"color: #000000;\"> Nd\u00ebrsa n\u00eb k\u00ebrkim \u00ebsht\u00eb shpallur nj\u00eb person i tret\u00eb.<\/span><\/p>\n<p><span style=\"color: #000000;\">Shkaqet e vrasjes nuk jan\u00eb zbardhur ende.<\/span><\/p>\n<p><span style=\"color: #000000;\"><strong>Njoftimi zyrtar<\/strong><\/span><\/p>\n<p><span style=\"color: #000000;\"><em>\u201cVijojn\u00eb intensivisht hetimet p\u00ebr t\u00eb zbardhur vrasjen e shtetasit F. A, si dhe p\u00ebr t\u00eb dokumentuar me prova ligjore e nxjerr\u00eb p\u00ebrpara p\u00ebrgjegj\u00ebsis\u00eb penale t\u00eb gjith\u00eb personat e implikuar n\u00eb k\u00ebt\u00eb rast.<\/em><\/span><\/p>\n<p><span style=\"color: #000000;\"><em>Si rezultat i veprimeve t\u00eb shpejta profesionale dhe hetimore, t\u00eb kryera nga grupi i posa\u00e7\u00ebm hetimor dhe t\u00eb drejtuara nga Prokuroria e Gjirokastr\u00ebs me prokurorin e \u00e7\u00ebshtjes Bledar Bala, vihen n\u00eb pranga 2 shtetas, bab\u00eb e bir.<\/em><\/span><\/p>\n<p><span style=\"color: #000000;\"><em>Nj\u00ebri nga t\u00eb arrestuarit, bashk\u00ebpun\u00ebtor p\u00ebr kryerjen e vrasjes, nd\u00ebrsa djali i tij ka p\u00ebrkrahur autorin e krimit.<\/em><\/span><\/p>\n<p><span style=\"color: #000000;\"><em>Nd\u00ebrkaq, vijon intensivisht puna p\u00ebr v\u00ebnien n\u00eb pranga t\u00eb autorit tjet\u00ebr t\u00eb vrasjes, i cili u identifikua q\u00eb dje nga Policia, por p\u00ebr shkak t\u00eb sekretit hetimor, nuk b\u00ebhen t\u00eb ditura gjenealitetet e tij.<\/em><\/span><\/p>\n<p><span style=\"color: #000000;\"><em>N\u00eb vijim t\u00eb veprimeve profesionale dhe t\u00eb shpejta hetimore, t\u00eb kryera nga nj\u00eb grup i posa\u00e7\u00ebm hetimor, menj\u00ebher\u00eb pas gjetjes s\u00eb trupit t\u00eb pajet\u00eb t\u00eb shtetasit F. A., 72 vje\u00e7, rreth or\u00ebs 06:40, t\u00eb dat\u00ebs 20.08.2024, n\u00eb p\u00ebrroin e fshatit Zhapokik\u00eb, shtetas i cili dyshohet se \u00ebsht\u00eb vrar\u00eb me mjet prer\u00ebs, Seksioni p\u00ebr Hetimin e Krimeve t\u00eb R\u00ebnda i Drejtoris\u00eb Vendore t\u00eb Policis\u00eb Gjirokast\u00ebr arrestoi n\u00eb flagranc\u00eb shtetasit:<\/em><\/span><\/p>\n<p><span style=\"color: #000000;\"><em>-S. A., 71 vje\u00e7, banues n\u00eb fshatin Zhapokik\u00eb 2, p\u00ebr veprat penale \u201cVrasja me paramendim\u201d, kryer n\u00eb bashk\u00ebpunim, \u201cSigurimi i kushteve dhe i mjeteve materiale p\u00ebr t\u00eb kryer vrasje\u201d dhe \u201cP\u00ebrkrahja e autorit t\u00eb krimit\u201d;<\/em><\/span><\/p>\n<p><span style=\"color: #000000;\"><em>-B. A., 43 vje\u00e7, banues n\u00eb fshatin Zhapokik\u00eb 2, p\u00ebr vepr\u00ebn penale \u201cP\u00ebrkrahja e autorit t\u00eb krimit\u201d.<\/em><\/span><\/p>\n<p><span style=\"color: #000000;\"><em>Nga hetimet e deritanishme dyshohet se 71-vje\u00e7ari ka organizuar dhe ka qen\u00eb aktiv n\u00eb bashk\u00ebpunim me autorin tjet\u00ebr n\u00eb vrasje si dhe ka ndihmuar autorin e vrasjes, duke i siguruar kushte p\u00ebr t\u00eb kryer k\u00ebt\u00eb krim, nd\u00ebrsa 43-vje\u00e7ari, duke mos kall\u00ebzuar k\u00ebt\u00eb krim p\u00ebr t\u00eb cilin dyshohet se kishte dijeni, ka p\u00ebrkrahur autorin.<\/em><\/span><\/p>\n<p><span style=\"color: #000000;\"><em>Materialet procedurale i kaluan Prokuroris\u00eb pran\u00eb Gjykat\u00ebs s\u00eb Shkall\u00ebs s\u00eb Par\u00eb t\u00eb Juridiksionit t\u00eb P\u00ebrgjithsh\u00ebm Gjirokast\u00ebr, p\u00ebr veprime t\u00eb m\u00ebtejshme.\u201d<\/em><\/span><\/p>\n","protected":false,"gt_translate_keys":[{"key":"rendered","format":"html"}]},"excerpt":{"rendered":"<p>Bab\u00eb e bir jan\u00eb arrestuar jan\u00eb arrestuar lidhur me vrasjen e 72-vje\u00e7arit Faik Ajdini m\u00ebngjesin e dit\u00ebs s\u00eb djeshme, i cili u gjet i hedhur n\u00eb nj\u00eb p\u00ebrrua n\u00eb fshatin Zhapokik\u00eb me shenja dhune n\u00eb qaf\u00eb e kok\u00eb. N\u00eb pranga kan\u00eb p\u00ebrfunduar 71-vje\u00e7ari 71-vje\u00e7ari Sk\u00ebnder Ajdini dhe i biri, 43-vje\u00e7ari Bledar Ajdini, bashk\u00ebfshatar\u00eb me viktim\u00ebn. [&hellip;]<\/p>\n","protected":false,"gt_translate_keys":[{"key":"rendered","format":"html"}]},"author":51,"featured_media":694532,"comment_status":"closed","ping_status":"open","sticky":false,"template":"","format":"standard","meta":{"footnotes":""},"categories":[65],"tags":[],"class_list":["post-694531","post","type-post","status-publish","format-standard","has-post-thumbnail","hentry","category-lajme"],"gt_translate_keys":[{"key":"link","format":"url"}],"_links":{"self":[{"href":"https:\/\/www.hashtag.al\/index.php\/wp-json\/wp\/v2\/posts\/694531","targetHints":{"allow":["GET"]}}],"collection":[{"href":"https:\/\/www.hashtag.al\/index.php\/wp-json\/wp\/v2\/posts"}],"about":[{"href":"https:\/\/www.hashtag.al\/index.php\/wp-json\/wp\/v2\/types\/post"}],"author":[{"embeddable":true,"href":"https:\/\/www.hashtag.al\/index.php\/wp-json\/wp\/v2\/users\/51"}],"replies":[{"embeddable":true,"href":"https:\/\/www.hashtag.al\/index.php\/wp-json\/wp\/v2\/comments?post=694531"}],"version-history":[{"count":0,"href":"https:\/\/www.hashtag.al\/index.php\/wp-json\/wp\/v2\/posts\/694531\/revisions"}],"wp:featuredmedia":[{"embeddable":true,"href":"https:\/\/www.hashtag.al\/index.php\/wp-json\/wp\/v2\/media\/694532"}],"wp:attachment":[{"href":"https:\/\/www.hashtag.al\/index.php\/wp-json\/wp\/v2\/media?parent=694531"}],"wp:term":[{"taxonomy":"category","embeddable":true,"href":"https:\/\/www.hashtag.al\/index.php\/wp-json\/wp\/v2\/categories?post=694531"},{"taxonomy":"post_tag","embeddable":true,"href":"https:\/\/www.hashtag.al\/index.php\/wp-json\/wp\/v2\/tags?post=694531"}],"curies":[{"name":"wp","href":"https:\/\/api.w.org\/{rel}","templated":true}]}}