{"id":694439,"date":"2024-08-20T13:46:33","date_gmt":"2024-08-20T11:46:33","guid":{"rendered":"https:\/\/www.hashtag.al\/?p=694439"},"modified":"2024-08-20T13:46:33","modified_gmt":"2024-08-20T11:46:33","slug":"spiropali-takohet-me-ambasadorin-turk-shqiperia-do-te-forcoje-partneritetin-strategjik-me-turqine","status":"publish","type":"post","link":"https:\/\/www.hashtag.al\/index.php\/2024\/08\/20\/spiropali-takohet-me-ambasadorin-turk-shqiperia-do-te-forcoje-partneritetin-strategjik-me-turqine\/","title":{"rendered":"Spiropali takohet me ambasadorin turk: Shqip\u00ebria do t\u00eb forcoj\u00eb partneritetin strategjik me Turqin\u00eb","gt_translate_keys":[{"key":"rendered","format":"text"}]},"content":{"rendered":"<p><span style=\"color: #000000;\"><a href=\"https:\/\/www.hashtag.al\/wp-content\/uploads\/2024\/08\/8ae71a12-62f8-4076-b2ea-1daee7577462-768x512-1.jpg\"><img loading=\"lazy\" decoding=\"async\" class=\"aligncenter size-full wp-image-694440\" src=\"https:\/\/www.hashtag.al\/wp-content\/uploads\/2024\/08\/8ae71a12-62f8-4076-b2ea-1daee7577462-768x512-1.jpg\" alt=\"\" width=\"768\" height=\"512\" srcset=\"https:\/\/www.hashtag.al\/wp-content\/uploads\/2024\/08\/8ae71a12-62f8-4076-b2ea-1daee7577462-768x512-1.jpg 768w, https:\/\/www.hashtag.al\/wp-content\/uploads\/2024\/08\/8ae71a12-62f8-4076-b2ea-1daee7577462-768x512-1-300x200.jpg 300w\" sizes=\"auto, (max-width: 768px) 100vw, 768px\" \/><\/a><\/span><\/p>\n<p><span style=\"color: #000000;\">Kryetarja e Kuvendit, Elisa Spiropali, zhvilloi nj\u00eb takim me Ambasdorin e Turqis\u00eb, Tayyar Ka\u011fan Atay.<\/span><\/p>\n<p><span style=\"color: #000000;\">Ambasadori Atay e uroi Kryetaren Spiropali p\u00ebr zgjedhjen Kryetare e Kuvendit dhe vuri n\u00eb dukje gatishm\u00ebrin\u00eb e Ambasad\u00ebs p\u00ebr t\u00eb kontribuar n\u00eb avancimin e marr\u00ebdh\u00ebnieve mes dy vendeve, si aleat\u00eb t\u00eb natyrsh\u00ebm, t\u00eb miq\u00ebsis\u00eb mes dy popujve si edhe intensifikimin e dialogut dhe bashk\u00ebpunimit parlamentar.<\/span><\/p>\n<p><span style=\"color: #000000;\">Spiropali n\u00ebnvizoi se Shqip\u00ebria do t\u00eb forcoj\u00eb partneritetin strategjik me Turqin\u00eb, me t\u00eb cil\u00ebn na lidh nj\u00eb miq\u00ebsi e fort\u00eb tradicionale.<\/span><\/p>\n<p><span style=\"color: #000000;\">Bashk\u00ebpunimi me Turqin\u00eb p\u00ebrb\u00ebn nj\u00eb prioritet t\u00eb Kuvendit t\u00eb Shqip\u00ebris\u00eb, qeveris\u00eb dhe institucioneve.<\/span><\/p>\n<p><span style=\"color: #000000;\">Turqia dhe Shqip\u00ebria i jan\u00eb gjendur nj\u00ebra-tjetr\u00ebs n\u00eb dit\u00eb t\u00eb mira e t\u00eb v\u00ebshtira. Bashk\u00ebpunimi mes dy vendeve tona, si an\u00ebtar\u00eb t\u00eb NATO-s, merr nj\u00eb r\u00ebnd\u00ebsi t\u00eb ve\u00e7ant\u00eb n\u00eb situatat e sotme n\u00eb rajon e m\u00eb gjer\u00eb.<\/span><\/p>\n<p><span style=\"color: #000000;\">Kuvendi do t\u00eb zgjeroj\u00eb bashk\u00ebpunimin me Asamblen\u00eb e Madhe Komb\u00ebtare n\u00eb t\u00eb gjitha nivelet, duke nxitur bashk\u00ebpunimin e gjithansh\u00ebm dhe miq\u00ebsin\u00eb mes popujve.<\/span><\/p>\n","protected":false,"gt_translate_keys":[{"key":"rendered","format":"html"}]},"excerpt":{"rendered":"<p>Kryetarja e Kuvendit, Elisa Spiropali, zhvilloi nj\u00eb takim me Ambasdorin e Turqis\u00eb, Tayyar Ka\u011fan Atay. Ambasadori Atay e uroi Kryetaren Spiropali p\u00ebr zgjedhjen Kryetare e Kuvendit dhe vuri n\u00eb dukje gatishm\u00ebrin\u00eb e Ambasad\u00ebs p\u00ebr t\u00eb kontribuar n\u00eb avancimin e marr\u00ebdh\u00ebnieve mes dy vendeve, si aleat\u00eb t\u00eb natyrsh\u00ebm, t\u00eb miq\u00ebsis\u00eb mes dy popujve si edhe intensifikimin [&hellip;]<\/p>\n","protected":false,"gt_translate_keys":[{"key":"rendered","format":"html"}]},"author":32,"featured_media":694440,"comment_status":"closed","ping_status":"open","sticky":false,"template":"","format":"standard","meta":{"footnotes":""},"categories":[65],"tags":[],"class_list":["post-694439","post","type-post","status-publish","format-standard","has-post-thumbnail","hentry","category-lajme"],"gt_translate_keys":[{"key":"link","format":"url"}],"_links":{"self":[{"href":"https:\/\/www.hashtag.al\/index.php\/wp-json\/wp\/v2\/posts\/694439","targetHints":{"allow":["GET"]}}],"collection":[{"href":"https:\/\/www.hashtag.al\/index.php\/wp-json\/wp\/v2\/posts"}],"about":[{"href":"https:\/\/www.hashtag.al\/index.php\/wp-json\/wp\/v2\/types\/post"}],"author":[{"embeddable":true,"href":"https:\/\/www.hashtag.al\/index.php\/wp-json\/wp\/v2\/users\/32"}],"replies":[{"embeddable":true,"href":"https:\/\/www.hashtag.al\/index.php\/wp-json\/wp\/v2\/comments?post=694439"}],"version-history":[{"count":0,"href":"https:\/\/www.hashtag.al\/index.php\/wp-json\/wp\/v2\/posts\/694439\/revisions"}],"wp:featuredmedia":[{"embeddable":true,"href":"https:\/\/www.hashtag.al\/index.php\/wp-json\/wp\/v2\/media\/694440"}],"wp:attachment":[{"href":"https:\/\/www.hashtag.al\/index.php\/wp-json\/wp\/v2\/media?parent=694439"}],"wp:term":[{"taxonomy":"category","embeddable":true,"href":"https:\/\/www.hashtag.al\/index.php\/wp-json\/wp\/v2\/categories?post=694439"},{"taxonomy":"post_tag","embeddable":true,"href":"https:\/\/www.hashtag.al\/index.php\/wp-json\/wp\/v2\/tags?post=694439"}],"curies":[{"name":"wp","href":"https:\/\/api.w.org\/{rel}","templated":true}]}}