{"id":694434,"date":"2024-08-20T13:10:12","date_gmt":"2024-08-20T11:10:12","guid":{"rendered":"https:\/\/www.hashtag.al\/?p=694434"},"modified":"2024-08-20T13:10:12","modified_gmt":"2024-08-20T11:10:12","slug":"kerkon-lirine-dritan-dajti-i-drejtohet-me-nje-tjeter-kerkese-gjykates-se-elbasanit","status":"publish","type":"post","link":"https:\/\/www.hashtag.al\/index.php\/2024\/08\/20\/kerkon-lirine-dritan-dajti-i-drejtohet-me-nje-tjeter-kerkese-gjykates-se-elbasanit\/","title":{"rendered":"K\u00ebrkon lirin\u00eb, Dritan Dajti i drejtohet me nj\u00eb tjet\u00ebr k\u00ebrkes\u00eb Gjykat\u00ebs s\u00eb Elbasanit","gt_translate_keys":[{"key":"rendered","format":"text"}]},"content":{"rendered":"<p><span style=\"color: #000000;\"><a href=\"https:\/\/www.hashtag.al\/wp-content\/uploads\/2024\/06\/Dritan-Dajti1-1.jpg\"><img loading=\"lazy\" decoding=\"async\" class=\"aligncenter size-full wp-image-680914\" src=\"https:\/\/www.hashtag.al\/wp-content\/uploads\/2024\/06\/Dritan-Dajti1-1.jpg\" alt=\"\" width=\"987\" height=\"550\" \/><\/a><\/span><\/p>\n<p><span style=\"color: #000000;\">Dritan Dajti, p\u00ebrmes dy avokat\u00ebve t\u00eb tij, i \u00ebhst\u00eb drejtuar me nj\u00eb tjet\u00ebr k\u00ebrkes\u00eb Gjykat\u00ebs s\u00eb Elbasanit, ku k\u00ebrkon lirimin nga burgu, duke pretenduar se po mbahet n\u00eb m\u00ebnyr\u00eb t\u00eb paligjshme, sepse ai ka kryer d\u00ebnimin e dh\u00ebn\u00eb me 25 vjet heqje lirie.<\/span><\/p>\n<p><span style=\"color: #000000;\">Duket se Dajti ka hyr\u00eb n\u00eb nj\u00eb loj\u00eb procedurash duke k\u00ebrkuar lirimin nga burgu, p\u00ebrderisa sipas avokat\u00ebve nuk ka nj\u00eb urdh\u00ebr ekzekutimi t\u00eb Prokuroris\u00eb p\u00ebr t\u00eb hyr\u00eb n\u00eb fuqi vendimi me burgim t\u00eb p\u00ebrjetsh\u00ebm q\u00eb iu la n\u00eb fuqi nga Gjykata e Lart\u00eb.<\/span><\/p>\n<p><span style=\"color: #000000;\">Kjo e fundit la n\u00eb fuqi vendimin e dh\u00ebn\u00eb nga ish-Gjykata e Krimeve t\u00eb R\u00ebnda q\u00eb e d\u00ebnoi Dajtin me burgim t\u00eb p\u00ebrjetsh\u00ebm si autorin e dyshuar t\u00eb vrasjes s\u00eb 4 efektiv\u00ebve t\u00eb Policis\u00eb s\u00eb Shtetit.<\/span><\/p>\n<p><span style=\"color: #000000;\">Por ajo q\u00eb pretendohet nga Dajti \u00ebsht\u00eb fakti se nuk ka nj\u00eb urdh\u00ebr p\u00ebr t\u00eb ekzekutuar k\u00ebt\u00eb vendim, nd\u00ebrsa Gjykata e Lart\u00eb, paragrafi 84, ia ka l\u00ebn\u00eb p\u00ebr detyr\u00eb Prokuroris\u00eb s\u00eb Elbasanit, e cila mbulon territorin ku Dritan Dajti vuan d\u00ebnimin.<\/span><\/p>\n<p><span style=\"color: #000000;\">T\u00eb premten dat\u00eb 16.8.2024, IEVP Peqin i \u00ebsht\u00eb drejtuar SPAK p\u00ebr t\u2019iu dh\u00ebn\u00eb urdh\u00ebr ekzekutimi, por Gjykata e Lart\u00eb ia ka ngarkuar prokuroris\u00eb Elbasan. Sipas avokat\u00ebve, Dritan Dajti deri me sot mbahet n\u00eb burg n\u00eb m\u00ebnyr\u00eb t\u00eb paligjshme pasi vendimi q\u00eb u la n\u00eb fuqi, ai i p\u00ebrjetshmi, sipas tyre nuk ka urdh\u00ebr ekzekutimi.<\/span><\/p>\n<p><span style=\"color: #000000;\">K\u00ebrkesa do t\u00eb shqyrtohet nga gjyqtari i gatsh\u00ebm n\u00eb Elbasan.<\/span><\/p>\n","protected":false,"gt_translate_keys":[{"key":"rendered","format":"html"}]},"excerpt":{"rendered":"<p>Dritan Dajti, p\u00ebrmes dy avokat\u00ebve t\u00eb tij, i \u00ebhst\u00eb drejtuar me nj\u00eb tjet\u00ebr k\u00ebrkes\u00eb Gjykat\u00ebs s\u00eb Elbasanit, ku k\u00ebrkon lirimin nga burgu, duke pretenduar se po mbahet n\u00eb m\u00ebnyr\u00eb t\u00eb paligjshme, sepse ai ka kryer d\u00ebnimin e dh\u00ebn\u00eb me 25 vjet heqje lirie. Duket se Dajti ka hyr\u00eb n\u00eb nj\u00eb loj\u00eb procedurash duke k\u00ebrkuar lirimin [&hellip;]<\/p>\n","protected":false,"gt_translate_keys":[{"key":"rendered","format":"html"}]},"author":32,"featured_media":0,"comment_status":"closed","ping_status":"open","sticky":false,"template":"","format":"standard","meta":{"footnotes":""},"categories":[65],"tags":[],"class_list":["post-694434","post","type-post","status-publish","format-standard","hentry","category-lajme"],"gt_translate_keys":[{"key":"link","format":"url"}],"_links":{"self":[{"href":"https:\/\/www.hashtag.al\/index.php\/wp-json\/wp\/v2\/posts\/694434","targetHints":{"allow":["GET"]}}],"collection":[{"href":"https:\/\/www.hashtag.al\/index.php\/wp-json\/wp\/v2\/posts"}],"about":[{"href":"https:\/\/www.hashtag.al\/index.php\/wp-json\/wp\/v2\/types\/post"}],"author":[{"embeddable":true,"href":"https:\/\/www.hashtag.al\/index.php\/wp-json\/wp\/v2\/users\/32"}],"replies":[{"embeddable":true,"href":"https:\/\/www.hashtag.al\/index.php\/wp-json\/wp\/v2\/comments?post=694434"}],"version-history":[{"count":0,"href":"https:\/\/www.hashtag.al\/index.php\/wp-json\/wp\/v2\/posts\/694434\/revisions"}],"wp:attachment":[{"href":"https:\/\/www.hashtag.al\/index.php\/wp-json\/wp\/v2\/media?parent=694434"}],"wp:term":[{"taxonomy":"category","embeddable":true,"href":"https:\/\/www.hashtag.al\/index.php\/wp-json\/wp\/v2\/categories?post=694434"},{"taxonomy":"post_tag","embeddable":true,"href":"https:\/\/www.hashtag.al\/index.php\/wp-json\/wp\/v2\/tags?post=694434"}],"curies":[{"name":"wp","href":"https:\/\/api.w.org\/{rel}","templated":true}]}}