{"id":693743,"date":"2024-08-15T19:09:00","date_gmt":"2024-08-15T17:09:00","guid":{"rendered":"https:\/\/www.hashtag.al\/?p=693743"},"modified":"2024-08-15T19:09:00","modified_gmt":"2024-08-15T17:09:00","slug":"presidenti-i-bullgarise-firmos-ligjin-qe-ndalon-promovimin-e-lgbt-se-ne-shkolla","status":"publish","type":"post","link":"https:\/\/www.hashtag.al\/index.php\/2024\/08\/15\/presidenti-i-bullgarise-firmos-ligjin-qe-ndalon-promovimin-e-lgbt-se-ne-shkolla\/","title":{"rendered":"Presidenti i Bullgaris\u00eb firmos ligjin q\u00eb ndalon promovimin e LGBT-s\u00eb n\u00eb shkolla","gt_translate_keys":[{"key":"rendered","format":"text"}]},"content":{"rendered":"<p><span style=\"color: #000000;\"><a style=\"color: #000000;\" href=\"https:\/\/www.hashtag.al\/wp-content\/uploads\/2024\/08\/rumen-radev.jpg\"><img loading=\"lazy\" decoding=\"async\" class=\"aligncenter size-full wp-image-693744\" src=\"https:\/\/www.hashtag.al\/wp-content\/uploads\/2024\/08\/rumen-radev.jpg\" alt=\"\" width=\"1067\" height=\"600\" srcset=\"https:\/\/www.hashtag.al\/wp-content\/uploads\/2024\/08\/rumen-radev.jpg 1067w, https:\/\/www.hashtag.al\/wp-content\/uploads\/2024\/08\/rumen-radev-300x169.jpg 300w, https:\/\/www.hashtag.al\/wp-content\/uploads\/2024\/08\/rumen-radev-1024x576.jpg 1024w, https:\/\/www.hashtag.al\/wp-content\/uploads\/2024\/08\/rumen-radev-768x432.jpg 768w\" sizes=\"auto, (max-width: 1067px) 100vw, 1067px\" \/><\/a><\/span><\/p>\n<p><span style=\"color: #000000;\">Presidenti bullgar, Rumen Radev, e ka shnd\u00ebrruar n\u00eb ligj amendamentin e miratuar s\u00eb fundi ndalimin e \u201cpromovimit\u201d t\u00eb LGBT-s\u00eb n\u00eb shkolla, pavar\u00ebsisht thirrjeve nga intelektual\u00ebt bullgar\u00eb q\u00eb t\u00eb vendos\u00eb veto. Grupet e t\u00eb drejtave t\u00eb njeriut, nd\u00ebrkaq, paralajm\u00ebruan protest\u00eb kund\u00ebr k\u00ebsaj mase m\u00eb 15 gusht.<\/span><\/p>\n<p><span style=\"color: #000000;\">Ligji, q\u00eb ndalon \u201cpropagand\u00ebn, promovimin apo nxitjen\u201d n\u00eb sistemin arsimor t\u00eb \u201cideve dhe q\u00ebndrimeve q\u00eb lidhen me orientimin seksual jotradicional apo p\u00ebr identitetin gjinor t\u00eb ndrysh\u00ebm nga ai biologjik\u201d, do t\u00eb publikohet m\u00eb 16 gusht n\u00eb Gazet\u00ebn Zyrtare t\u00eb Bullgaris\u00eb.<\/span><\/p>\n<p><span style=\"color: #000000;\">Qindra akademik\u00eb bullgar\u00eb, p\u00ebrmes nj\u00eb letre t\u00eb hapur, i k\u00ebrkuan presidentit Radev q\u00eb t\u00eb vendos\u00eb veto ndaj k\u00ebtij amendamenti.<\/span><\/p>\n<p><span style=\"color: #000000;\">Ndryshimet synojn\u00eb t\u00eb trajtojn\u00eb \u201cnj\u00eb problem q\u00eb nuk ekziston\u201d n\u00eb sistemin arsimor t\u00eb Bullgaris\u00eb, u tha n\u00eb let\u00ebr dhe n\u00eb vend t\u00eb k\u00ebsaj do t\u00eb \u201cnormalizoj\u00eb sulmet politike\u201d ndaj komunitetit LGBT.<\/span><\/p>\n<p><span style=\"color: #000000;\">Komisionari p\u00ebr t\u00eb drejtat e njeriut n\u00eb K\u00ebshillin e Evrop\u00ebs, Michael O\u2019Flaherty, po ashtu i kishte b\u00ebr\u00eb thirrje Radevit q\u00eb t\u00eb mos e n\u00ebnshkruaj\u00eb ligjin, duke theksuar se ishte \u201cshum\u00eb i shqet\u00ebsuar\u201d me ndales\u00ebn.<\/span><\/p>\n<p><span style=\"color: #000000;\">Radevi nuk ka reaguar ndaj k\u00ebtyre thirrjeve, por zyra e tij p\u00ebr media tha se ai \u201cshprehu q\u00ebndrimin e tij p\u00ebr k\u00ebto ndryshime\u201d duke i shnd\u00ebrruar ato n\u00eb ligj.<\/span><\/p>\n<p><span style=\"color: #000000;\">M\u00eb 7 dhe 8 gusht, n\u00eb kryeqytetin bullgar, Sofje, kishte protesta pasi ligjv\u00ebn\u00ebsit miratuan amendamentin e Ligjit p\u00ebr arsim parashkollor dhe shkollor m\u00eb 7 gusht.<\/span><\/p>\n<p><span style=\"color: #000000;\">Amendamenti u propozua nga partia proruse e ekstremit t\u00eb djatht\u00eb, Rilindja, dhe kaloi me 159 vota p\u00ebr, 20 kund\u00ebr dhe dhjet\u00eb abstenime.<\/span><\/p>\n<p><span style=\"color: #000000;\">Ligjv\u00ebn\u00ebsit po ashtu votuan nj\u00eb amendament tjet\u00ebr n\u00eb k\u00ebt\u00eb ligj, ku p\u00ebrkufizohet \u201corientimi seksual jotradicional\u201d si \u201ci ndrysh\u00ebm nga nocioni i pranuar p\u00ebrgjith\u00ebsisht\u2026 i t\u00ebrheqjes mes personave t\u00eb gjinive t\u00eb ndryshme\u201d.<\/span><\/p>\n<p><span style=\"color: #000000;\">Edhe ky amendament kaloi me shumic\u00eb pothuajse t\u00eb nj\u00ebjt\u00eb.<\/span><\/p>\n<p><span style=\"color: #000000;\">Mb\u00ebshtet\u00ebsit e k\u00ebtyre amendamenteve than\u00eb se ato reflektojn\u00eb frym\u00ebn e Kushtetut\u00ebs s\u00eb Bullgaris\u00eb, ku thuhet se martesa \u00ebsht\u00eb vet\u00ebm mes nj\u00eb burri dhe nj\u00eb gruaje dhe bazohet n\u00eb vlerat e krishtera ortodokse.<\/span><\/p>\n<p><span style=\"color: #000000;\">Amendamentet po ashtu jan\u00eb mir\u00ebpritur nga Kisha Ortodokse Bullgare.<\/span><\/p>\n<p><span style=\"color: #000000;\">Por, shum\u00eb grupe p\u00ebr t\u00eb drejtat e njeriut e kan\u00eb kritikuar k\u00ebt\u00eb vendim, duke th\u00ebn\u00eb se k\u00ebto amendamente \u201csulmojn\u00eb\u201d t\u00eb drejtat e f\u00ebmij\u00ebve.<\/span><\/p>\n<p><span style=\"color: #000000;\">Grupet vendore dhe nd\u00ebrkomb\u00ebtare p\u00ebr t\u00eb drejtat e LGBT-s\u00eb kan\u00eb th\u00ebn\u00eb se formulimet n\u00eb k\u00ebto ndryshime ligjore jan\u00eb t\u00eb ngjashme me ligjet \u201cpropaganduese\u201d n\u00eb Rusi dhe Hungari, sa i p\u00ebrket k\u00ebtij komuniteti. K\u00ebto ligje jan\u00eb kritikuar nga grupet p\u00ebr t\u00eb drejtat e njeriut q\u00eb kan\u00eb th\u00ebn\u00eb se shkelin lirin\u00eb e shprehjes dhe promovojn\u00eb diskriminim dhe shkelje kund\u00ebr pjes\u00ebtar\u00ebve t\u00eb komunitetit LGBT.<\/span><\/p>\n<p><span style=\"color: #000000;\">Hulumtuesit dhe organizatat p\u00ebr t\u00eb drejtat e njeriut vazhdimisht e vendosin Bullgarin\u00eb n\u00eb list\u00ebn e shteteve n\u00eb Evrop\u00eb me gjendjen m\u00eb t\u00eb keqe sa i p\u00ebrket t\u00eb drejtave t\u00eb komunitetit LGBT.\u00a0<\/span><\/p>\n","protected":false,"gt_translate_keys":[{"key":"rendered","format":"html"}]},"excerpt":{"rendered":"<p>Presidenti bullgar, Rumen Radev, e ka shnd\u00ebrruar n\u00eb ligj amendamentin e miratuar s\u00eb fundi ndalimin e \u201cpromovimit\u201d t\u00eb LGBT-s\u00eb n\u00eb shkolla, pavar\u00ebsisht thirrjeve nga intelektual\u00ebt bullgar\u00eb q\u00eb t\u00eb vendos\u00eb veto. Grupet e t\u00eb drejtave t\u00eb njeriut, nd\u00ebrkaq, paralajm\u00ebruan protest\u00eb kund\u00ebr k\u00ebsaj mase m\u00eb 15 gusht. Ligji, q\u00eb ndalon \u201cpropagand\u00ebn, promovimin apo nxitjen\u201d n\u00eb sistemin arsimor [&hellip;]<\/p>\n","protected":false,"gt_translate_keys":[{"key":"rendered","format":"html"}]},"author":32,"featured_media":693744,"comment_status":"closed","ping_status":"open","sticky":false,"template":"","format":"standard","meta":{"footnotes":""},"categories":[149,13],"tags":[],"class_list":["post-693743","post","type-post","status-publish","format-standard","has-post-thumbnail","hentry","category-kosoverajon","category-te-fundit"],"gt_translate_keys":[{"key":"link","format":"url"}],"_links":{"self":[{"href":"https:\/\/www.hashtag.al\/index.php\/wp-json\/wp\/v2\/posts\/693743","targetHints":{"allow":["GET"]}}],"collection":[{"href":"https:\/\/www.hashtag.al\/index.php\/wp-json\/wp\/v2\/posts"}],"about":[{"href":"https:\/\/www.hashtag.al\/index.php\/wp-json\/wp\/v2\/types\/post"}],"author":[{"embeddable":true,"href":"https:\/\/www.hashtag.al\/index.php\/wp-json\/wp\/v2\/users\/32"}],"replies":[{"embeddable":true,"href":"https:\/\/www.hashtag.al\/index.php\/wp-json\/wp\/v2\/comments?post=693743"}],"version-history":[{"count":0,"href":"https:\/\/www.hashtag.al\/index.php\/wp-json\/wp\/v2\/posts\/693743\/revisions"}],"wp:featuredmedia":[{"embeddable":true,"href":"https:\/\/www.hashtag.al\/index.php\/wp-json\/wp\/v2\/media\/693744"}],"wp:attachment":[{"href":"https:\/\/www.hashtag.al\/index.php\/wp-json\/wp\/v2\/media?parent=693743"}],"wp:term":[{"taxonomy":"category","embeddable":true,"href":"https:\/\/www.hashtag.al\/index.php\/wp-json\/wp\/v2\/categories?post=693743"},{"taxonomy":"post_tag","embeddable":true,"href":"https:\/\/www.hashtag.al\/index.php\/wp-json\/wp\/v2\/tags?post=693743"}],"curies":[{"name":"wp","href":"https:\/\/api.w.org\/{rel}","templated":true}]}}