{"id":693398,"date":"2024-08-13T15:42:37","date_gmt":"2024-08-13T13:42:37","guid":{"rendered":"https:\/\/www.hashtag.al\/?p=693398"},"modified":"2024-08-13T15:42:37","modified_gmt":"2024-08-13T13:42:37","slug":"dyshohet-se-tentoi-hedhjen-ne-ere-te-nje-trageti-ne-sarande-apeli-le-ne-burg-biznesmenin","status":"publish","type":"post","link":"https:\/\/www.hashtag.al\/index.php\/2024\/08\/13\/dyshohet-se-tentoi-hedhjen-ne-ere-te-nje-trageti-ne-sarande-apeli-le-ne-burg-biznesmenin\/","title":{"rendered":"Dyshohet se tentoi hedhjen n\u00eb er\u00eb t\u00eb nj\u00eb trageti n\u00eb Sarand\u00eb, Apeli l\u00eb n\u00eb burg biznesmenin","gt_translate_keys":[{"key":"rendered","format":"text"}]},"content":{"rendered":"<p><span style=\"color: #000000;\"><a href=\"https:\/\/www.hashtag.al\/wp-content\/uploads\/2024\/08\/serztttt.jpg\"><img loading=\"lazy\" decoding=\"async\" class=\"aligncenter size-full wp-image-693399\" src=\"https:\/\/www.hashtag.al\/wp-content\/uploads\/2024\/08\/serztttt.jpg\" alt=\"\" width=\"748\" height=\"450\" srcset=\"https:\/\/www.hashtag.al\/wp-content\/uploads\/2024\/08\/serztttt.jpg 748w, https:\/\/www.hashtag.al\/wp-content\/uploads\/2024\/08\/serztttt-300x180.jpg 300w\" sizes=\"auto, (max-width: 748px) 100vw, 748px\" \/><\/a><\/span><\/p>\n<p><span style=\"color: #000000;\">Gjykata e Apelit e Juridiksionit t\u00eb P\u00ebrgjithsh\u00ebm ka l\u00ebn\u00eb n\u00eb fuqi mas\u00ebn e siguris\u00eb \u201carrest n\u00eb burg\u201d p\u00ebr shtetasin Erdion Muho, i akuzuar p\u00ebr kryerjen e vepr\u00ebs penale \u201cShkat\u00ebrrim i pron\u00ebs me eksploziv\u201d, e kryer n\u00eb bashk\u00ebpunim dhe mbetur n\u00eb tentativ\u00eb, parashikuar nga neni 152\/3, 25 dhe 22 i Kodit Penal.<\/span><\/p>\n<p><span style=\"color: #000000;\">Vendimi i Apelit erdhi pasi Muho kishte k\u00ebrkuar ndryshimin e mas\u00ebs s\u00eb siguris\u00eb t\u00eb vendosur nga Gjykata e Shkall\u00ebs s\u00eb Par\u00eb t\u00eb Juridiksionit t\u00eb P\u00ebrgjithsh\u00ebm Sarand\u00eb.<\/span><\/p>\n<p><span style=\"color: #000000;\">Muho u ndalua m\u00eb 28 korrik, nd\u00ebrsa n\u00eb 30 korrik, Gjykata e Shkall\u00eb s\u00eb Par\u00eb vler\u00ebsoi si t\u00eb ligjsh\u00ebm arrestimin dhe i caktoi mas\u00ebn e siguris\u00eb \u201carrest me burg\u201d.<\/span><\/p>\n<p><span style=\"color: #000000;\">Erdion Muho 35 vje\u00e7, pronar i nj\u00eb agjensie turistike n\u00eb qytet q\u00eb operon edhe n\u00eb fush\u00ebn e transportit nd\u00ebrkomb\u00ebtar detar t\u00eb udh\u00ebtar\u00ebve t\u00eb linj\u00ebs Sarand\u00eb- Korfuz, u ndalua me urdh\u00ebr t\u00eb Prokurores Besiana Sadikaj, mbr\u00ebmjen e 28 korrikut.<\/span><\/p>\n<p><span style=\"color: #000000;\">Sipas urdh\u00ebrit bazuar n\u00eb provat e administruara n\u00eb dosjen penale, ekziston dyshimi se shtetasi Erdion Muho t\u00eb jet\u00eb autori i vepr\u00ebs penale parashikuar nga neni 152 \u201cShkat\u00ebrrim i pron\u00ebs me eksploziv\u201d kryer n\u00eb bashk\u00ebpunim sipas nenit 25 t\u00eb Kodit Penal me viktim\u00ebm Armand Nelaj, e cila mbeti n\u00eb tentativ\u00eb sipas nenit 22 t\u00eb Kodit Penal.<\/span><\/p>\n<p><span style=\"color: #000000;\">Sipas dosjes hetimore, jan\u00eb kryer veprime nga t\u00eb cilat krijohet dyshimi se shtetasi Erdion Muho ka kryer vepr\u00ebn penale.<\/span><\/p>\n<p><span style=\"color: #000000;\">Hetimi ka nisur pas ngjarjes s\u00eb ndodhur n\u00eb or\u00ebn 22.00 t\u00eb dat\u00ebs 24 Qershor, n\u00eb af\u00ebrsi t\u00eb Portit Detar Sarand\u00eb, ku shp\u00ebrthimi i nj\u00eb sasie ekplozivi i mori jet\u00ebn 52-vje\u00e7arit Armand Nelaj, biznesmen n\u00eb fush\u00ebn e makinerive t\u00eb nd\u00ebrtimit.<\/span><\/p>\n<p><span style=\"color: #000000;\">Nga hetimet dyshohet q\u00eb Nelaj at\u00eb nat\u00eb po afrohej n\u00eb kalat\u00ebn e Portit p\u00ebr t\u00eb vendosur nj\u00eb sasi eksplozivi n\u00eb nj\u00eb nga tragetet e linj\u00ebs Sarand\u00eb-Korfuz, por n\u00eb rrethana ende t\u00eb paqarta eksplozivi shp\u00ebrtheu aksidentalisht.<\/span><\/p>\n<p><span style=\"color: #000000;\">Prokuroria dyshon se bashk\u00ebpun\u00ebtor i Nelajt ishte pik\u00ebrisht Erdion Muho dhe ngjarja kishte si motiv konkurenc\u00ebn.<\/span><\/p>\n","protected":false,"gt_translate_keys":[{"key":"rendered","format":"html"}]},"excerpt":{"rendered":"<p>Gjykata e Apelit e Juridiksionit t\u00eb P\u00ebrgjithsh\u00ebm ka l\u00ebn\u00eb n\u00eb fuqi mas\u00ebn e siguris\u00eb \u201carrest n\u00eb burg\u201d p\u00ebr shtetasin Erdion Muho, i akuzuar p\u00ebr kryerjen e vepr\u00ebs penale \u201cShkat\u00ebrrim i pron\u00ebs me eksploziv\u201d, e kryer n\u00eb bashk\u00ebpunim dhe mbetur n\u00eb tentativ\u00eb, parashikuar nga neni 152\/3, 25 dhe 22 i Kodit Penal. Vendimi i Apelit erdhi [&hellip;]<\/p>\n","protected":false,"gt_translate_keys":[{"key":"rendered","format":"html"}]},"author":32,"featured_media":693399,"comment_status":"closed","ping_status":"open","sticky":false,"template":"","format":"standard","meta":{"footnotes":""},"categories":[65],"tags":[],"class_list":["post-693398","post","type-post","status-publish","format-standard","has-post-thumbnail","hentry","category-lajme"],"gt_translate_keys":[{"key":"link","format":"url"}],"_links":{"self":[{"href":"https:\/\/www.hashtag.al\/index.php\/wp-json\/wp\/v2\/posts\/693398","targetHints":{"allow":["GET"]}}],"collection":[{"href":"https:\/\/www.hashtag.al\/index.php\/wp-json\/wp\/v2\/posts"}],"about":[{"href":"https:\/\/www.hashtag.al\/index.php\/wp-json\/wp\/v2\/types\/post"}],"author":[{"embeddable":true,"href":"https:\/\/www.hashtag.al\/index.php\/wp-json\/wp\/v2\/users\/32"}],"replies":[{"embeddable":true,"href":"https:\/\/www.hashtag.al\/index.php\/wp-json\/wp\/v2\/comments?post=693398"}],"version-history":[{"count":0,"href":"https:\/\/www.hashtag.al\/index.php\/wp-json\/wp\/v2\/posts\/693398\/revisions"}],"wp:featuredmedia":[{"embeddable":true,"href":"https:\/\/www.hashtag.al\/index.php\/wp-json\/wp\/v2\/media\/693399"}],"wp:attachment":[{"href":"https:\/\/www.hashtag.al\/index.php\/wp-json\/wp\/v2\/media?parent=693398"}],"wp:term":[{"taxonomy":"category","embeddable":true,"href":"https:\/\/www.hashtag.al\/index.php\/wp-json\/wp\/v2\/categories?post=693398"},{"taxonomy":"post_tag","embeddable":true,"href":"https:\/\/www.hashtag.al\/index.php\/wp-json\/wp\/v2\/tags?post=693398"}],"curies":[{"name":"wp","href":"https:\/\/api.w.org\/{rel}","templated":true}]}}