{"id":693333,"date":"2024-08-13T09:53:05","date_gmt":"2024-08-13T07:53:05","guid":{"rendered":"https:\/\/www.hashtag.al\/?p=693333"},"modified":"2024-08-13T09:53:05","modified_gmt":"2024-08-13T07:53:05","slug":"shperndanin-droge-ne-lagje-te-tiranes-arrestohen-2-persona","status":"publish","type":"post","link":"https:\/\/www.hashtag.al\/index.php\/2024\/08\/13\/shperndanin-droge-ne-lagje-te-tiranes-arrestohen-2-persona\/","title":{"rendered":"Shp\u00ebrndanin drog\u00eb n\u00eb lagje t\u00eb Tiran\u00ebs, arrestohen 2 persona","gt_translate_keys":[{"key":"rendered","format":"text"}]},"content":{"rendered":"<p style=\"text-align: left;\"><span style=\"color: #000000;\"><img loading=\"lazy\" decoding=\"async\" class=\" wp-image-693334 aligncenter\" src=\"https:\/\/www.hashtag.al\/wp-content\/uploads\/2024\/08\/Screenshot-2024-08-13-093739-300x176.png\" alt=\"\" width=\"655\" height=\"384\" srcset=\"https:\/\/www.hashtag.al\/wp-content\/uploads\/2024\/08\/Screenshot-2024-08-13-093739-300x176.png 300w, https:\/\/www.hashtag.al\/wp-content\/uploads\/2024\/08\/Screenshot-2024-08-13-093739.png 607w\" sizes=\"auto, (max-width: 655px) 100vw, 655px\" \/><\/span><\/p>\n<p style=\"text-align: left;\"><span style=\"color: #000000;\">Policia e Tiran\u00ebs ka arrestuar dy persona n\u00eb kuad\u00ebr t\u00eb megaoperacionit policor t\u00eb koduar \u201cTempulli 3\u201d, p\u00ebr shp\u00ebrndarje t\u00eb l\u00ebnd\u00ebve narkotike.<\/span><\/p>\n<p style=\"text-align: left;\"><span style=\"color: #000000;\">Arrestimet jan\u00eb b\u00ebr\u00eb n\u00eb Laprak\u00eb dhe n\u00eb Kodr\u00ebn e Diellit. N\u00eb Laprak\u00eb, u arrestua shtetasi A. T., 30 vje\u00e7, i cili kishte l\u00ebnd\u00eb narkotike kanabis n\u00eb automjetin e tij. Po ashtu, n\u00eb Kodr\u00ebn e Diellit, u kap shtetasi M. H., 30 vje\u00e7, me sasi t\u00eb ngjashme l\u00ebnde narkotike.<\/span><\/p>\n<p style=\"text-align: left;\"><span style=\"color: #000000;\">Gjat\u00eb kontrollit jan\u00eb sekuestruar doza t\u00eb l\u00ebnd\u00ebs narkotike kanabis, t\u00eb gatshme p\u00ebr shitje, dhe dy aparate celulare. T\u00eb dy t\u00eb arrestuarit jan\u00eb akuzuar p\u00ebr vepr\u00ebn penale \u201cProdhimi dhe shitja e narkotik\u00ebve\u201d, sipas nenit 283 t\u00eb Kodit Penal. Materialet i kaluan Prokuroris\u00eb p\u00ebr veprime t\u00eb m\u00ebtejshme.<\/span><\/p>\n<div id=\"taboola-sponsored-mid-article\" class=\" trc_related_container trc_spotlight_widget trc_elastic trc_elastic_sc-ma-balkanweb \" style=\"text-align: left;\" data-placement-name=\"Sponsored Mid Article\">\n<div class=\"trc_rbox_container\">\n<div id=\"trc_wrapper_71078\" class=\"trc_rbox sc-ma-balkanweb trc-content-sponsored \">\n<div id=\"outer_71078\" class=\"trc_rbox_outer\">\n<div id=\"rbox-t2m\" class=\"trc_rbox_div trc_rbox_border_elm\">\n<div id=\"internal_trc_71078\">\n<div class=\"videoCube trc_spotlight_item origin-default thumbnail_top syndicatedItem textItem videoCube_1_child trc-first-recommendation trc-spotlight-first-recommendation trc_excludable \" data-item-id=\"~~V1~~-6943448041448729538~~ux1OJHm8DsAbW2dgzIQmYZCrjblqZ32i5Tft2Z8HDQse79Ni-eBnd8iQ4KmvvX-QCoTT_IvWFG7RTbSa_z-XXmmONCNfRJvxSwUSD1Kpzn4JG8TcWuOjNM8EkLeRwg8HKDInPZbFSL6mg0uqCCiC0I-3LjbxdV-CNz46eMR5cYGql4L1GHU8akmbi2f8H5xU\" data-item-title=\"AI Trading Bot Shocks Markets with Record Profits, Sparks Unprecedented Download Rush\" data-item-thumb=\"http:\/\/c3.taboola.com\/libtrc\/static\/thumbnails\/so_auto\/f_jpg\/v1704918951\/xrzdpsafouelrrhi6ixd.jpg\" data-item-syndicated=\"true\">\n<div class=\"thumbBlock_holder\"><\/div>\n<\/div>\n<\/div>\n<\/div>\n<\/div>\n<\/div>\n<\/div>\n<\/div>\n<p style=\"text-align: left;\"><span style=\"color: #000000;\"><em>\u201cTiran\u00eb\/Vijon megaoperacioni policor i koduar \u201cTempulli 3\u201d.<\/em><\/span><\/p>\n<p style=\"text-align: left;\"><span style=\"color: #000000;\"><em>Goditen nga Sektori p\u00ebr Hetimin e Narkotik\u00ebve n\u00eb bashk\u00ebpunim me Sektorin e Forc\u00ebs s\u00eb Posa\u00e7me \u201cShqiponja\u201d, dy raste t\u00eb shitjes s\u00eb l\u00ebnd\u00ebve narkotike, n\u00eb doza.<\/em><\/span><\/p>\n<p style=\"text-align: left;\"><span style=\"color: #000000;\"><em>Arrestohen 2 shtetas q\u00eb ushtronin k\u00ebt\u00eb veprimtari kriminale, sekuestrohen doza me l\u00ebnde narkotike kanabis, gati p\u00ebr shitje, dhe dy aparate celulare.<\/em><\/span><\/p>\n<p style=\"text-align: left;\"><span style=\"color: #000000;\"><em>Sh\u00ebrbimet e Sektorit p\u00ebr Hetimin e Narkotik\u00ebve n\u00eb bashk\u00ebpunim me Sektorin e Forc\u00ebs s\u00eb Posa\u00e7me \u201cShqiponja\u201d, n\u00eb vijim t\u00eb veprimeve operacionale t\u00eb kryera n\u00eb kuad\u00ebr t\u00eb megaoperacionit policor mbar\u00ebkomb\u00ebtar antidrog\u00eb, t\u00eb koduar \u201cTempulli 3\u201d, pasi kan\u00eb siguruar informacione p\u00ebr 2 shtetas q\u00eb shitnin l\u00ebnd\u00eb narkotike kanabis, n\u00eb doza, kan\u00eb organizuar pun\u00ebn p\u00ebr kapjen dhe v\u00ebnien e tyre p\u00ebrpara p\u00ebrgjegj\u00ebsis\u00eb penale.<\/em><\/span><\/p>\n<p style=\"text-align: left;\"><span style=\"color: #000000;\"><em>Si rezultat i kontrolleve t\u00eb ushtruara:<\/em><\/span><\/p>\n<p style=\"text-align: left;\"><span style=\"color: #000000;\"><em>\u25aa\ufe0fn\u00eb Laprak\u00eb u konstatua automjeti tip \u201cAudi\u201d me drejtues shtetasin A. T., 30 vje\u00e7, t\u00eb cilit gjat\u00eb kontrollit fizik sh\u00ebrbimet e Policis\u00eb i gjet\u00ebn dhe sekuestruan sasi l\u00ebnde t\u00eb dyshuar narkotike kanabis;<\/em><\/span><\/p>\n<p style=\"text-align: left;\"><span style=\"color: #000000;\"><em>\u25aa\ufe0fn\u00eb af\u00ebrsi t\u00eb Kodr\u00ebs s\u00eb Diellit u konstatua shtetasi M. H., 30 vje\u00e7, t\u00eb cilit gjat\u00eb kontrollit fizik, sh\u00ebrbimet e Policis\u00eb i gjet\u00ebn dhe sekuestruan sasi l\u00ebnde t\u00eb dyshuar narkotike kanabis.<\/em><\/span><\/p>\n<p style=\"text-align: left;\"><span style=\"color: #000000;\"><em>N\u00eb vijim t\u00eb veprimeve u b\u00eb arrestimi n\u00eb flagranc\u00eb i tyre p\u00ebr vepr\u00ebn penale \u201cProdhimi dhe shitja e narkotik\u00ebve\u201d, parashikuar nga neni 283 i Kodit Penal.<\/em><\/span><\/p>\n<p style=\"text-align: left;\"><span style=\"color: #000000;\"><em>Nga verifikimet e kryera ka rezultuar se k\u00ebta shtetas e siguronin l\u00ebnd\u00ebn narkotike n\u00eb sasi dhe m\u00eb pas e ndanin n\u00eb doza, t\u00eb cilat i shitnin n\u00eb lagje t\u00eb ndryshme t\u00eb Tiran\u00ebs.<\/em><\/span><\/p>\n<p style=\"text-align: left;\"><span style=\"color: #000000;\"><em>N\u00eb cil\u00ebsin\u00eb e prov\u00ebs materiale u sekuestruan dozat me l\u00ebnde narkotike kanabis, gati p\u00ebr shitje, dhe dy aparate celulare.<\/em><\/span><\/p>\n<p style=\"text-align: left;\"><span style=\"color: #000000;\"><em>Materialet i kaluan Prokuroris\u00eb\u201d<\/em>, njofton policia.<\/span><\/p>\n","protected":false,"gt_translate_keys":[{"key":"rendered","format":"html"}]},"excerpt":{"rendered":"<p>Policia e Tiran\u00ebs ka arrestuar dy persona n\u00eb kuad\u00ebr t\u00eb megaoperacionit policor t\u00eb koduar \u201cTempulli 3\u201d, p\u00ebr shp\u00ebrndarje t\u00eb l\u00ebnd\u00ebve narkotike. Arrestimet jan\u00eb b\u00ebr\u00eb n\u00eb Laprak\u00eb dhe n\u00eb Kodr\u00ebn e Diellit. N\u00eb Laprak\u00eb, u arrestua shtetasi A. T., 30 vje\u00e7, i cili kishte l\u00ebnd\u00eb narkotike kanabis n\u00eb automjetin e tij. Po ashtu, n\u00eb Kodr\u00ebn e [&hellip;]<\/p>\n","protected":false,"gt_translate_keys":[{"key":"rendered","format":"html"}]},"author":49,"featured_media":693334,"comment_status":"closed","ping_status":"open","sticky":false,"template":"","format":"standard","meta":{"footnotes":""},"categories":[65],"tags":[],"class_list":["post-693333","post","type-post","status-publish","format-standard","has-post-thumbnail","hentry","category-lajme"],"gt_translate_keys":[{"key":"link","format":"url"}],"_links":{"self":[{"href":"https:\/\/www.hashtag.al\/index.php\/wp-json\/wp\/v2\/posts\/693333","targetHints":{"allow":["GET"]}}],"collection":[{"href":"https:\/\/www.hashtag.al\/index.php\/wp-json\/wp\/v2\/posts"}],"about":[{"href":"https:\/\/www.hashtag.al\/index.php\/wp-json\/wp\/v2\/types\/post"}],"author":[{"embeddable":true,"href":"https:\/\/www.hashtag.al\/index.php\/wp-json\/wp\/v2\/users\/49"}],"replies":[{"embeddable":true,"href":"https:\/\/www.hashtag.al\/index.php\/wp-json\/wp\/v2\/comments?post=693333"}],"version-history":[{"count":0,"href":"https:\/\/www.hashtag.al\/index.php\/wp-json\/wp\/v2\/posts\/693333\/revisions"}],"wp:featuredmedia":[{"embeddable":true,"href":"https:\/\/www.hashtag.al\/index.php\/wp-json\/wp\/v2\/media\/693334"}],"wp:attachment":[{"href":"https:\/\/www.hashtag.al\/index.php\/wp-json\/wp\/v2\/media?parent=693333"}],"wp:term":[{"taxonomy":"category","embeddable":true,"href":"https:\/\/www.hashtag.al\/index.php\/wp-json\/wp\/v2\/categories?post=693333"},{"taxonomy":"post_tag","embeddable":true,"href":"https:\/\/www.hashtag.al\/index.php\/wp-json\/wp\/v2\/tags?post=693333"}],"curies":[{"name":"wp","href":"https:\/\/api.w.org\/{rel}","templated":true}]}}