{"id":692762,"date":"2024-08-09T10:33:59","date_gmt":"2024-08-09T08:33:59","guid":{"rendered":"https:\/\/www.hashtag.al\/?p=692762"},"modified":"2024-08-09T10:33:59","modified_gmt":"2024-08-09T08:33:59","slug":"zjarri-ne-kuroren-e-liqenit-te-zi-ne-bulqize-del-jashte-kontrollit-kerkohet-nderhyrje-nga-ajri","status":"publish","type":"post","link":"https:\/\/www.hashtag.al\/index.php\/2024\/08\/09\/zjarri-ne-kuroren-e-liqenit-te-zi-ne-bulqize-del-jashte-kontrollit-kerkohet-nderhyrje-nga-ajri\/","title":{"rendered":"Zjarri n\u00eb kuror\u00ebn e Liqenit t\u00eb Zi n\u00eb Bulqiz\u00eb del jasht\u00eb kontrollit, k\u00ebrkohet nd\u00ebrhyrje nga ajri","gt_translate_keys":[{"key":"rendered","format":"text"}]},"content":{"rendered":"<p style=\"text-align: left;\"><span style=\"color: #000000;\"><img loading=\"lazy\" decoding=\"async\" class=\"wp-image-692763 aligncenter\" src=\"https:\/\/www.hashtag.al\/wp-content\/uploads\/2024\/08\/Screenshot-2024-08-09-103158-300x176.png\" alt=\"\" width=\"702\" height=\"412\" srcset=\"https:\/\/www.hashtag.al\/wp-content\/uploads\/2024\/08\/Screenshot-2024-08-09-103158-300x176.png 300w, https:\/\/www.hashtag.al\/wp-content\/uploads\/2024\/08\/Screenshot-2024-08-09-103158.png 601w\" sizes=\"auto, (max-width: 702px) 100vw, 702px\" \/><\/span><\/p>\n<p style=\"text-align: left;\"><span style=\"color: #000000;\">Zjarri n\u00eb masivin pyjor me pish\u00eb, ah e bredh n\u00eb kuror\u00ebn e gjelb\u00ebr n\u00eb Zerqan t\u00eb Bulqiz\u00ebs ka dal\u00eb jasht\u00eb kontrollit.<\/span><\/p>\n<p style=\"text-align: left;\"><span style=\"color: #000000;\">Me gjith\u00eb nd\u00ebrhyrjen e b\u00ebr\u00eb nga toka p\u00ebr 7 dit\u00eb radhazi ka qen\u00eb e pamundur q\u00eb flak\u00ebt t\u00eb shuhen plot\u00ebsisht dhe k\u00ebt\u00eb t\u00eb premte jan\u00eb shfaqur disa vatra zjarri t\u00eb cilat t\u00eb ndihmuara nga era e fort\u00eb e b\u00ebjn\u00eb t\u00eb pamundur fikjen e tyre.<\/span><\/p>\n<div id=\"taboola-sponsored-mid-article\" class=\" trc_related_container trc_spotlight_widget trc_elastic trc_elastic_sc-ma-balkanweb \" style=\"text-align: left;\" data-placement-name=\"Sponsored Mid Article\">\n<div class=\"trc_rbox_container\">\n<div>\n<div id=\"trc_wrapper_59410\" class=\"trc_rbox sc-ma-balkanweb trc-content-sponsored \">\n<div id=\"outer_59410\" class=\"trc_rbox_outer\">\n<div id=\"rbox-t2m\" class=\"trc_rbox_div trc_rbox_border_elm\">\n<div id=\"internal_trc_59410\">\n<div class=\"videoCube trc_spotlight_item origin-default thumbnail_top syndicatedItem textItem videoCube_1_child trc-first-recommendation trc-spotlight-first-recommendation  trc_excludable \" data-item-id=\"~~V1~~-4968772155896059186~~sLZsZB_FsTFVIEkAaCUcb_O8TqKUT2tnCsJG6qjLtYxX0Y1p638VbFQBn088-wXBTIljFaR8WrTkxqclx2uJxqukbm8LRCn5XlXWzq526SziaXKoubIQpbxTvTfPVoldjxfAtsj75Zm6PzSBS4yNydyUv6gagsfm-1Dmjw3CPOsLJRog9rw6h3mC8nyhQwkT\" data-item-title=\"Dating for Mature Singles\" data-item-thumb=\"http:\/\/cdn.taboola.com\/libtrc\/static\/thumbnails\/498654051ef39afaf2db71940711c3f6.jpg\" data-item-syndicated=\"true\">\n<div class=\"thumbBlock_holder\"><\/div>\n<\/div>\n<\/div>\n<\/div>\n<\/div>\n<\/div>\n<\/div>\n<\/div>\n<\/div>\n<p style=\"text-align: left;\"><span style=\"color: #000000;\">N\u00ebnprefekti i Bulqiz\u00ebs, Avni Muliu tha se forcat e Nj\u00ebsis\u00eb Operacionale p\u00ebr shuarjen e zjarreve kan\u00eb punuar p\u00ebr nj\u00eb jav\u00eb por ka qen\u00eb e pamundur fikja plot\u00ebsisht p\u00ebr shkak t\u00eb terrenit t\u00eb v\u00ebshtir\u00eb dhe pem\u00ebve t\u00eb m\u00ebdha. <\/span><\/p>\n<p style=\"text-align: left;\"><span style=\"color: #000000;\">Nga ana tjet\u00ebr ai shprehet se vet\u00ebm nd\u00ebrhyrja nga ajri e ndalon d\u00ebmin e madh n\u00eb k\u00ebt\u00eb zon\u00eb e cila \u00ebsht\u00eb e vetmja e paprekur n\u00eb Bulqiz\u00eb. <\/span><\/p>\n<p style=\"text-align: left;\"><span style=\"color: #000000;\">Zjarri n\u00eb malin e T\u00ebrnov\u00ebs n\u00eb Bulqiz\u00eb ka djegur dhe p\u00ebrshkuar disa hektar pyll me pem\u00eb shekullore.<\/span><\/p>\n","protected":false,"gt_translate_keys":[{"key":"rendered","format":"html"}]},"excerpt":{"rendered":"<p>Zjarri n\u00eb masivin pyjor me pish\u00eb, ah e bredh n\u00eb kuror\u00ebn e gjelb\u00ebr n\u00eb Zerqan t\u00eb Bulqiz\u00ebs ka dal\u00eb jasht\u00eb kontrollit. Me gjith\u00eb nd\u00ebrhyrjen e b\u00ebr\u00eb nga toka p\u00ebr 7 dit\u00eb radhazi ka qen\u00eb e pamundur q\u00eb flak\u00ebt t\u00eb shuhen plot\u00ebsisht dhe k\u00ebt\u00eb t\u00eb premte jan\u00eb shfaqur disa vatra zjarri t\u00eb cilat t\u00eb ndihmuara nga [&hellip;]<\/p>\n","protected":false,"gt_translate_keys":[{"key":"rendered","format":"html"}]},"author":49,"featured_media":692763,"comment_status":"closed","ping_status":"open","sticky":false,"template":"","format":"standard","meta":{"footnotes":""},"categories":[65],"tags":[],"class_list":["post-692762","post","type-post","status-publish","format-standard","has-post-thumbnail","hentry","category-lajme"],"gt_translate_keys":[{"key":"link","format":"url"}],"_links":{"self":[{"href":"https:\/\/www.hashtag.al\/index.php\/wp-json\/wp\/v2\/posts\/692762","targetHints":{"allow":["GET"]}}],"collection":[{"href":"https:\/\/www.hashtag.al\/index.php\/wp-json\/wp\/v2\/posts"}],"about":[{"href":"https:\/\/www.hashtag.al\/index.php\/wp-json\/wp\/v2\/types\/post"}],"author":[{"embeddable":true,"href":"https:\/\/www.hashtag.al\/index.php\/wp-json\/wp\/v2\/users\/49"}],"replies":[{"embeddable":true,"href":"https:\/\/www.hashtag.al\/index.php\/wp-json\/wp\/v2\/comments?post=692762"}],"version-history":[{"count":0,"href":"https:\/\/www.hashtag.al\/index.php\/wp-json\/wp\/v2\/posts\/692762\/revisions"}],"wp:featuredmedia":[{"embeddable":true,"href":"https:\/\/www.hashtag.al\/index.php\/wp-json\/wp\/v2\/media\/692763"}],"wp:attachment":[{"href":"https:\/\/www.hashtag.al\/index.php\/wp-json\/wp\/v2\/media?parent=692762"}],"wp:term":[{"taxonomy":"category","embeddable":true,"href":"https:\/\/www.hashtag.al\/index.php\/wp-json\/wp\/v2\/categories?post=692762"},{"taxonomy":"post_tag","embeddable":true,"href":"https:\/\/www.hashtag.al\/index.php\/wp-json\/wp\/v2\/tags?post=692762"}],"curies":[{"name":"wp","href":"https:\/\/api.w.org\/{rel}","templated":true}]}}