{"id":692460,"date":"2024-08-07T10:17:34","date_gmt":"2024-08-07T08:17:34","guid":{"rendered":"https:\/\/www.hashtag.al\/?p=692460"},"modified":"2024-08-07T10:17:34","modified_gmt":"2024-08-07T08:17:34","slug":"zhupa-10-zona-te-mbrojtura-po-hapen-per-ndertime","status":"publish","type":"post","link":"https:\/\/www.hashtag.al\/index.php\/2024\/08\/07\/zhupa-10-zona-te-mbrojtura-po-hapen-per-ndertime\/","title":{"rendered":"Zhupa: 10 zona t\u00eb mbrojtura po hapen p\u00ebr nd\u00ebrtime","gt_translate_keys":[{"key":"rendered","format":"text"}]},"content":{"rendered":"<p style=\"text-align: left;\"><span style=\"color: #000000;\"><img loading=\"lazy\" decoding=\"async\" class=\"wp-image-692461 aligncenter\" src=\"https:\/\/www.hashtag.al\/wp-content\/uploads\/2024\/08\/Screenshot-2024-08-07-100836-300x176.png\" alt=\"\" width=\"731\" height=\"429\" srcset=\"https:\/\/www.hashtag.al\/wp-content\/uploads\/2024\/08\/Screenshot-2024-08-07-100836-300x176.png 300w, https:\/\/www.hashtag.al\/wp-content\/uploads\/2024\/08\/Screenshot-2024-08-07-100836.png 605w\" sizes=\"auto, (max-width: 731px) 100vw, 731px\" \/><\/span><\/p>\n<p style=\"text-align: left;\"><span style=\"color: #000000;\">N\u00eb nj\u00eb reagim n\u00eb rrjetet sociale deputetja Ina Zhupa zbardh 10 projektvendime p\u00ebr ti hapur rrug\u00ebn nd\u00ebrtime n\u00eb 10 zona t\u00eb mbrojtura.Deputetja Zhupa nenvizon q\u00eb tashm\u00eb organi q\u00eb vendos p\u00ebr nd\u00ebrtimet n\u00eb zonat e mbrojtura \u00ebsht\u00eb i nj\u00ebjti q\u00eb vendos edhe p\u00ebr ato t\u00eb pambrojtura, nj\u00eb organ politik n\u00eb drejtimin e Ram\u00ebs sic \u00ebsht\u00eb KKRT (K\u00ebshilli Komb\u00ebtar i Rregullimit t\u00eb Territorit)<\/span><\/p>\n<p style=\"text-align: left;\"><span style=\"color: #000000;\"><em>Kurbani i rradh\u00ebs p\u00ebr t\u2019u shkat\u00ebrruar jan\u00eb plot 10 zona t\u00eb mbrojtura, t\u00eb p\u00ebrgatitura nga ministria e \u201cnd\u00ebrtimin\u201d Mirela Kumbaro. \u00a0<\/em><\/span><\/p>\n<p style=\"text-align: left;\"><span style=\"color: #000000;\"><em>K\u00ebto dit\u00eb n\u00eb konsultim publik jan\u00eb hedhur plot\u00eb 10 projekt vendime q\u00eb i hapin rrug\u00ebn nd\u00ebrtimit n\u00eb zonat e mbrojtura edhe fal\u00eb ligjit skandaloz q\u00eb kaluan n\u00eb kuvend. Kumbaro e garanton vendin e saj si ministre jet\u00ebgjat\u00eb e qeveris\u00eb Rama pik\u00ebrisht duke sh\u00ebrbyer si kamikaze n\u00eb shkelje t\u00eb konventave, kushtetut\u00ebs dhe interesit publik. \u00a0<\/em><\/span><\/p>\n<p style=\"text-align: left;\"><span style=\"color: #000000;\"><em>K\u00ebto zona humbasin paprekshm\u00ebrin\u00eb dhe sistemin e zonimit t\u00eb brendsh\u00ebm sipas rregulloreve nd\u00ebrkomb\u00ebtare dhe ligjit t\u00eb vjet\u00ebr dhe kalojn\u00eb leht\u00ebsisht n\u00eb nd\u00ebrtime ku autoriteti q\u00eb vendos \u00ebshte KKRT. Shkalla e mbrojtjes ulet p\u00ebr secilin prej tyre. \u00a0<\/em><\/span><\/p>\n<p style=\"text-align: left;\"><span style=\"color: #000000;\"><em>KKRT, \u00ebsht\u00eb pik\u00ebrisht organi q\u00eb jep lejet p\u00ebr kullat e Tiran\u00ebs dhe p\u00ebr resortet e investimet strategjike, t\u00ebr\u00ebsisht politike dhe e drejtuar nga Rama dhe ministrat e drejtor\u00ebt e tij ku tashm\u00eb do vendosin se ku do jen\u00eb \u201cpikat e vogla\u201d n\u00eb k\u00ebto zona t\u00eb mbrojtura. \u00a0<\/em><\/span><\/p>\n<p style=\"text-align: left;\"><span style=\"color: #000000;\"><em>Zonat q\u00eb nisin si kurban p\u00ebr orekset e klient\u00ebve t\u00eb pushtetit dhe q\u00eb kan\u00eb gati projekt vendimet jan\u00eb: \u00a0<\/em><\/span><\/p>\n<p style=\"text-align: left;\"><span style=\"color: #000000;\"><em>1-Bredhi i Drenov\u00ebs\u00a0<\/em><\/span><\/p>\n<p style=\"text-align: left;\"><span style=\"color: #000000;\"><em>2-Rrushkull\u00a0<\/em><\/span><\/p>\n<p style=\"text-align: left;\"><span style=\"color: #000000;\"><em>3-Bun\u00eb Velipoj\u00eb\u00a0<\/em><\/span><\/p>\n<p style=\"text-align: left;\"><span style=\"color: #000000;\"><em>4-Pish\u00eb-Poro-Nart\u00eb\u00a0<\/em><\/span><\/p>\n<p style=\"text-align: left;\"><span style=\"color: #000000;\"><em>5-Liqeni i Pogradecit\u00a0<\/em><\/span><\/p>\n<p style=\"text-align: left;\"><span style=\"color: #000000;\"><em>6-Kuturman-Qaf\u00eb Bush\u00a0<\/em><\/span><\/p>\n<p style=\"text-align: left;\"><span style=\"color: #000000;\"><em>7- Krats\u00eb\u00a0<\/em><\/span><\/p>\n<p style=\"text-align: left;\"><span style=\"color: #000000;\"><em>8-Guri i Nik\u00ebs Valamar\u00eb\u00a0<\/em><\/span><\/p>\n<p style=\"text-align: left;\"><span style=\"color: #000000;\"><em>9- Bjeshk\u00ebt e Oroshit \u00a0<\/em><\/span><\/p>\n<p style=\"text-align: left;\"><span style=\"color: #000000;\"><em>10-BishtKam\u00ebz.\u00a0<\/em><\/span><\/p>\n<p style=\"text-align: left;\"><span style=\"color: #000000;\"><em>Me forc\u00eb kund\u00ebrshtoj k\u00ebto veprime q\u00eb konfirmojn\u00eb at\u00eb q\u00eb tham\u00eb kur miratohej ligji se q\u00ebllimi \u00ebsht\u00eb pik\u00ebrisht p\u00ebrdorimi i zonave t\u00eb mbrojtura me fokus nd\u00ebrtimin dhe do jet\u00eb shkat\u00ebrrimi p\u00ebrfundimtar i tyre. \u00a0<\/em><\/span><\/p>\n<p style=\"text-align: left;\"><span style=\"color: #000000;\"><em>Padia e par\u00eb n\u00eb Gjykat\u00ebn Kushtetutese n\u00eb shtator, do jet\u00eb ajo kund\u00ebr ndryshimeve t\u00eb nj\u00ebanshme dhe shkat\u00ebrrimtare t\u00eb ligjit t\u00eb Zonave t\u00eb Mbrojtura. \u00a0<\/em><\/span><\/p>\n<p style=\"text-align: left;\"><span style=\"color: #000000;\"><em>Beteja do vazhdoi deri n\u00eb fund n\u00eb mbrojtje t\u00eb interesit publik, trash\u00ebgimis\u00eb p\u00ebr brezat e ardhsh\u00ebm dhe kushtetut\u00ebs.\u00a0<\/em><\/span><\/p>\n<p style=\"text-align: left;\"><iframe loading=\"lazy\" style=\"border: none; overflow: hidden;\" src=\"https:\/\/www.facebook.com\/plugins\/post.php?href=https%3A%2F%2Fwww.facebook.com%2FinazhupaPD%2Fposts%2Fpfbid02zdT6rDa9Y8NuX94CzR9Gh46u3vg2sZSB322jzhmgip4MnydNXyKJA4x2LiFYty4pl&amp;show_text=true&amp;width=500\" width=\"500\" height=\"710\" frameborder=\"0\" scrolling=\"no\" allowfullscreen=\"allowfullscreen\"><\/iframe><\/p>\n","protected":false,"gt_translate_keys":[{"key":"rendered","format":"html"}]},"excerpt":{"rendered":"<p>N\u00eb nj\u00eb reagim n\u00eb rrjetet sociale deputetja Ina Zhupa zbardh 10 projektvendime p\u00ebr ti hapur rrug\u00ebn nd\u00ebrtime n\u00eb 10 zona t\u00eb mbrojtura.Deputetja Zhupa nenvizon q\u00eb tashm\u00eb organi q\u00eb vendos p\u00ebr nd\u00ebrtimet n\u00eb zonat e mbrojtura \u00ebsht\u00eb i nj\u00ebjti q\u00eb vendos edhe p\u00ebr ato t\u00eb pambrojtura, nj\u00eb organ politik n\u00eb drejtimin e Ram\u00ebs sic \u00ebsht\u00eb KKRT [&hellip;]<\/p>\n","protected":false,"gt_translate_keys":[{"key":"rendered","format":"html"}]},"author":49,"featured_media":692461,"comment_status":"closed","ping_status":"open","sticky":false,"template":"","format":"standard","meta":{"footnotes":""},"categories":[65],"tags":[],"class_list":["post-692460","post","type-post","status-publish","format-standard","has-post-thumbnail","hentry","category-lajme"],"gt_translate_keys":[{"key":"link","format":"url"}],"_links":{"self":[{"href":"https:\/\/www.hashtag.al\/index.php\/wp-json\/wp\/v2\/posts\/692460","targetHints":{"allow":["GET"]}}],"collection":[{"href":"https:\/\/www.hashtag.al\/index.php\/wp-json\/wp\/v2\/posts"}],"about":[{"href":"https:\/\/www.hashtag.al\/index.php\/wp-json\/wp\/v2\/types\/post"}],"author":[{"embeddable":true,"href":"https:\/\/www.hashtag.al\/index.php\/wp-json\/wp\/v2\/users\/49"}],"replies":[{"embeddable":true,"href":"https:\/\/www.hashtag.al\/index.php\/wp-json\/wp\/v2\/comments?post=692460"}],"version-history":[{"count":0,"href":"https:\/\/www.hashtag.al\/index.php\/wp-json\/wp\/v2\/posts\/692460\/revisions"}],"wp:featuredmedia":[{"embeddable":true,"href":"https:\/\/www.hashtag.al\/index.php\/wp-json\/wp\/v2\/media\/692461"}],"wp:attachment":[{"href":"https:\/\/www.hashtag.al\/index.php\/wp-json\/wp\/v2\/media?parent=692460"}],"wp:term":[{"taxonomy":"category","embeddable":true,"href":"https:\/\/www.hashtag.al\/index.php\/wp-json\/wp\/v2\/categories?post=692460"},{"taxonomy":"post_tag","embeddable":true,"href":"https:\/\/www.hashtag.al\/index.php\/wp-json\/wp\/v2\/tags?post=692460"}],"curies":[{"name":"wp","href":"https:\/\/api.w.org\/{rel}","templated":true}]}}