{"id":692320,"date":"2024-08-06T12:55:51","date_gmt":"2024-08-06T10:55:51","guid":{"rendered":"https:\/\/www.hashtag.al\/?p=692320"},"modified":"2024-08-06T12:55:51","modified_gmt":"2024-08-06T10:55:51","slug":"rehabilitimi-i-disa-lagjeve-ne-tirane-veliaj-investim-qe-do-rrise-vleren-e-prones-se-qytetareve-ne-30-40","status":"publish","type":"post","link":"https:\/\/www.hashtag.al\/index.php\/2024\/08\/06\/rehabilitimi-i-disa-lagjeve-ne-tirane-veliaj-investim-qe-do-rrise-vleren-e-prones-se-qytetareve-ne-30-40\/","title":{"rendered":"Rehabilitimi i disa lagjeve n\u00eb Tiran\u00eb, Veliaj: Investim q\u00eb do rris\u00eb vler\u00ebn e pron\u00ebs s\u00eb qytetar\u00ebve n\u00eb 30-40%","gt_translate_keys":[{"key":"rendered","format":"text"}]},"content":{"rendered":"<p><span style=\"color: #000000;\"><a href=\"https:\/\/www.hashtag.al\/wp-content\/uploads\/2024\/08\/afe133e2-7fa6-4557-919e-86e5c3a4b51d-768x512-1.jpg\"><img loading=\"lazy\" decoding=\"async\" class=\"aligncenter size-full wp-image-692322\" src=\"https:\/\/www.hashtag.al\/wp-content\/uploads\/2024\/08\/afe133e2-7fa6-4557-919e-86e5c3a4b51d-768x512-1.jpg\" alt=\"\" width=\"768\" height=\"512\" srcset=\"https:\/\/www.hashtag.al\/wp-content\/uploads\/2024\/08\/afe133e2-7fa6-4557-919e-86e5c3a4b51d-768x512-1.jpg 768w, https:\/\/www.hashtag.al\/wp-content\/uploads\/2024\/08\/afe133e2-7fa6-4557-919e-86e5c3a4b51d-768x512-1-300x200.jpg 300w\" sizes=\"auto, (max-width: 768px) 100vw, 768px\" \/><\/a><\/span><\/p>\n<p><span style=\"color: #000000;\">Bashkia e Tiran\u00ebs po vijon me ritme t\u00eb shpejta pun\u00ebn p\u00ebr rehabilitimin e hap\u00ebsirave mes pallateve n\u00eb kryq\u00ebzimin e rrug\u00ebve \u201cKujtim Laro\u201d dhe \u201cKongresi i Manastirit\u201d.<\/span><\/p>\n<p><span style=\"color: #000000;\">Kryebashkiaku Erion Veliaj inspektoi punimet n\u00eb terren, ku ekipet po nd\u00ebrhyjn\u00eb p\u00ebr transformimin e zon\u00ebs, e cila pas investimit pritet ta rris\u00eb vler\u00ebn e pron\u00ebs p\u00ebrreth me 30-40%. Veliaj tha se do t\u00eb kryhet edhe unifikimi i fasadave p\u00ebrmes Fondit t\u00eb Komunitetit.<\/span><\/p>\n<p><span style=\"color: #000000;\"><em>\u201c\u00cbsht\u00eb 40 grad\u00eb dhe, p\u00ebr sa koh\u00eb q\u00eb shumica e njer\u00ebzve jan\u00eb p\u00ebr pushime, edhe ne kemi nj\u00eb moment t\u00eb p\u00ebrshtatsh\u00ebm p\u00ebr punuar. K\u00ebtu po b\u00ebjm\u00eb nj\u00eb investim q\u00eb do ta rris\u00eb jasht\u00eb mase vler\u00ebn e pron\u00ebs. Njer\u00ebzit do rikthehen nga pushimet me nj\u00eb sht\u00ebpi q\u00eb vlen t\u00eb pakt\u00ebn 30-40% m\u00eb shum\u00eb, vet\u00ebm prej faktit se do t\u00eb ket\u00eb kanalizime, ndri\u00e7im LED, infrastruktur\u00eb, nj\u00eb \u2018ishull\u2019 p\u00ebr t\u00eb moshuarit. Sigurisht, do t\u00eb doja q\u00eb t\u00eb vijonim edhe me unifikimin e fasadave. Kush i ka pasur mund\u00ebsit\u00eb, e ka b\u00ebr\u00eb vet\u00eb tashm\u00eb. Por, t\u00eb tjer\u00ebt q\u00eb kan\u00eb pasur m\u00eb t\u00eb pamundur, n\u00ebse jan\u00eb me aft\u00ebsi t\u00eb kufizuar, n\u00ebse jan\u00eb pensionist\u00eb, pjes\u00ebn e tyre e paguan Bashkia. Dua q\u00eb k\u00ebtu t\u00eb japim shembullin se \u00e7far\u00eb do t\u00eb thot\u00eb nd\u00ebrhyrja kapilare. Shum\u00eb njer\u00ebz, me t\u00eb drejt\u00eb thon\u00eb q\u00eb, deri sa t\u00eb vij\u00eb asfalti te sht\u00ebpia ime, q\u00eb k\u00ebmba t\u00eb mos m\u00eb shkel\u00eb n\u00eb balt\u00eb, projekti i Tiran\u00ebs nuk quhet i mbaruar. Mund t\u00eb kemi b\u00ebr\u00eb 90% t\u00eb pun\u00ebs, po nuk quhet i mbaruar deri sa t\u2019i shkojm\u00eb secilit te dera e sht\u00ebpis\u00eb\u201d,<\/em> tha Veliaj.<\/span><\/p>\n<p><span style=\"color: #000000;\">Nj\u00eb ftes\u00eb, Veliaj e pati p\u00ebr t\u00eb gjith\u00eb banor\u00ebt e zon\u00ebs, q\u00eb t\u00eb regjistrojn\u00eb f\u00ebmij\u00ebt n\u00eb \u00e7erdhet, kopshtet dhe shkollat pran\u00eb sht\u00ebpive t\u00eb tyre, t\u00eb cilat jan\u00eb nd\u00ebrtuar me t\u00eb nj\u00ebjtin standard, si ato n\u00eb qend\u00ebr t\u00eb qytetit.<\/span><\/p>\n<p><span style=\"color: #000000;\">Ai shtoi se n\u00eb k\u00ebt\u00eb form\u00eb krijohet mund\u00ebsia p\u00ebr t\u2019i sh\u00ebrbyer f\u00ebmij\u00ebve pa u mbivendosur, duke ofruar t\u00eb nj\u00ebjtin sh\u00ebrbim n\u00eb t\u00eb gjitha institucionet.<\/span><\/p>\n<p><span style=\"color: #000000;\">\u201c<em>Duam q\u00eb secili t\u00eb shkoj\u00eb te kopshti, \u00e7erdhja ose shkolla m\u00eb e af\u00ebrt. Tani q\u00eb \u00ebsht\u00eb hapur \u201cXhezmi Delli\u201d do t\u00eb duhet t\u00eb shkojm\u00eb aty sepse n\u00eb momentin q\u00eb ne ngarkojm\u00eb nj\u00eb shkoll\u00eb tjet\u00ebr, at\u00ebher\u00eb do t\u00eb kemi n\u00eb m\u00ebnyr\u00eb t\u00eb paarsyeshme shkolla me dy turne, kurse shkolla ngjitur mbetet me klasa bosh. Do t\u00eb respektojm\u00eb nj\u00ebsit\u00eb administrative, secili do t\u00eb shkoj\u00eb n\u00eb shkoll\u00ebn m\u00eb t\u00eb af\u00ebrt. M\u00ebsuesit shp\u00ebrndahen sipas portalit, nd\u00ebrkoh\u00eb shkollat jan\u00eb me t\u00eb nj\u00ebjtin standard n\u00eb t\u00eb gjith\u00eb Tiran\u00ebn. Ta respektojm\u00eb faktin q\u00eb mbi 40 shkolla t\u00eb reja, plus 101 kopshte dhe \u00e7erdhe, t\u2019u sh\u00ebrbejn\u00eb f\u00ebmij\u00ebve pa u mbivendosur mbi nj\u00ebra-tjetr\u00ebn, me t\u00eb nj\u00ebjtin sh\u00ebrbim, t\u00eb nj\u00ebjtin ushqim, t\u00eb nj\u00ebjtat edukatore, t\u00eb nj\u00ebjt\u00ebt psikolog\u00eb, t\u00eb nj\u00ebjtat sisteme ngrohje-ftohje<\/em>\u201d, tha ai.<\/span><\/p>\n<p><span style=\"color: #000000;\">Projekti i Bashkis\u00eb s\u00eb Tiran\u00ebs p\u00ebr rehabilitimin e k\u00ebsaj zone p\u00ebrmban krijimin e nj\u00eb sheshi, nd\u00ebrkoh\u00eb q\u00eb n\u00eb kryq\u00ebzimet ekzistuese do t\u00eb b\u00ebhet rakordimi i kthesave, i p\u00ebrshtatsh\u00ebm p\u00ebr mjetet e lejuara.<\/span><\/p>\n<p><span style=\"color: #000000;\">Sheshi parashikohet t\u00eb kufizohet me trotuare q\u00eb do t\u00eb ken\u00eb gjer\u00ebsi minimalisht 1 met\u00ebr, nd\u00ebrsa n\u00eb t\u00eb dyja an\u00ebt do t\u00eb realizohet nj\u00eb hap\u00ebsir\u00eb e shtruar me pllaka q\u00eb do t\u00eb jet\u00eb e nd\u00ebrthurur me gjelb\u00ebrim.<\/span><\/p>\n<p><span style=\"color: #000000;\">\u00a0Bashkia e Tiran\u00ebs do t\u00eb realizoj\u00eb nj\u00eb rrjet t\u00eb ri kanalizimesh n\u00eb k\u00ebt\u00eb zon\u00eb, duke z\u00ebvend\u00ebsuar pusetat e vjetra.<\/span><\/p>\n","protected":false,"gt_translate_keys":[{"key":"rendered","format":"html"}]},"excerpt":{"rendered":"<p>Bashkia e Tiran\u00ebs po vijon me ritme t\u00eb shpejta pun\u00ebn p\u00ebr rehabilitimin e hap\u00ebsirave mes pallateve n\u00eb kryq\u00ebzimin e rrug\u00ebve \u201cKujtim Laro\u201d dhe \u201cKongresi i Manastirit\u201d. Kryebashkiaku Erion Veliaj inspektoi punimet n\u00eb terren, ku ekipet po nd\u00ebrhyjn\u00eb p\u00ebr transformimin e zon\u00ebs, e cila pas investimit pritet ta rris\u00eb vler\u00ebn e pron\u00ebs p\u00ebrreth me 30-40%. Veliaj [&hellip;]<\/p>\n","protected":false,"gt_translate_keys":[{"key":"rendered","format":"html"}]},"author":32,"featured_media":692322,"comment_status":"closed","ping_status":"open","sticky":false,"template":"","format":"standard","meta":{"footnotes":""},"categories":[65],"tags":[],"class_list":["post-692320","post","type-post","status-publish","format-standard","has-post-thumbnail","hentry","category-lajme"],"gt_translate_keys":[{"key":"link","format":"url"}],"_links":{"self":[{"href":"https:\/\/www.hashtag.al\/index.php\/wp-json\/wp\/v2\/posts\/692320","targetHints":{"allow":["GET"]}}],"collection":[{"href":"https:\/\/www.hashtag.al\/index.php\/wp-json\/wp\/v2\/posts"}],"about":[{"href":"https:\/\/www.hashtag.al\/index.php\/wp-json\/wp\/v2\/types\/post"}],"author":[{"embeddable":true,"href":"https:\/\/www.hashtag.al\/index.php\/wp-json\/wp\/v2\/users\/32"}],"replies":[{"embeddable":true,"href":"https:\/\/www.hashtag.al\/index.php\/wp-json\/wp\/v2\/comments?post=692320"}],"version-history":[{"count":0,"href":"https:\/\/www.hashtag.al\/index.php\/wp-json\/wp\/v2\/posts\/692320\/revisions"}],"wp:featuredmedia":[{"embeddable":true,"href":"https:\/\/www.hashtag.al\/index.php\/wp-json\/wp\/v2\/media\/692322"}],"wp:attachment":[{"href":"https:\/\/www.hashtag.al\/index.php\/wp-json\/wp\/v2\/media?parent=692320"}],"wp:term":[{"taxonomy":"category","embeddable":true,"href":"https:\/\/www.hashtag.al\/index.php\/wp-json\/wp\/v2\/categories?post=692320"},{"taxonomy":"post_tag","embeddable":true,"href":"https:\/\/www.hashtag.al\/index.php\/wp-json\/wp\/v2\/tags?post=692320"}],"curies":[{"name":"wp","href":"https:\/\/api.w.org\/{rel}","templated":true}]}}