{"id":692029,"date":"2024-08-04T16:13:04","date_gmt":"2024-08-04T14:13:04","guid":{"rendered":"https:\/\/www.hashtag.al\/?p=692029"},"modified":"2024-08-04T16:13:04","modified_gmt":"2024-08-04T14:13:04","slug":"id-te-e-skuaduara-balla-i-paralajmeroi-qytetaret-per-rinovimin-e-mjeteve-te-identifikimit","status":"publish","type":"post","link":"https:\/\/www.hashtag.al\/index.php\/2024\/08\/04\/id-te-e-skuaduara-balla-i-paralajmeroi-qytetaret-per-rinovimin-e-mjeteve-te-identifikimit\/","title":{"rendered":"ID-t\u00eb e skuaduara\/ Balla i paralajm\u00ebroi qytetar\u00ebt p\u00ebr rinovimin e mjeteve t\u00eb identifikimit","gt_translate_keys":[{"key":"rendered","format":"text"}]},"content":{"rendered":"<p><span style=\"color: #000000;\"><a href=\"https:\/\/www.hashtag.al\/wp-content\/uploads\/2024\/08\/Balla1-770x450-1.jpg\"><img loading=\"lazy\" decoding=\"async\" class=\"aligncenter size-full wp-image-692030\" src=\"https:\/\/www.hashtag.al\/wp-content\/uploads\/2024\/08\/Balla1-770x450-1.jpg\" alt=\"\" width=\"770\" height=\"450\" srcset=\"https:\/\/www.hashtag.al\/wp-content\/uploads\/2024\/08\/Balla1-770x450-1.jpg 770w, https:\/\/www.hashtag.al\/wp-content\/uploads\/2024\/08\/Balla1-770x450-1-300x175.jpg 300w, https:\/\/www.hashtag.al\/wp-content\/uploads\/2024\/08\/Balla1-770x450-1-768x449.jpg 768w, https:\/\/www.hashtag.al\/wp-content\/uploads\/2024\/08\/Balla1-770x450-1-250x145.jpg 250w\" sizes=\"auto, (max-width: 770px) 100vw, 770px\" \/><\/a><\/span><\/p>\n<p><span style=\"color: #000000;\">Disa qytetar\u00eb n\u00eb Himar\u00eb kan\u00eb pretenduar se jan\u00eb duke u privuar nga e drejta p\u00ebr t\u00eb shprehur vullnetin e tyre n\u00eb zgjedhjet p\u00ebr kryetarin e Bashkis\u00eb.<\/span><\/p>\n<p><span style=\"color: #000000;\">Kjo, pasi ata jan\u00eb shfaqur p\u00ebrpara kutive t\u00eb votimit me mjet identifikimi t\u00eb skaduar, duke pretenduar se koha nga shpallja e dat\u00ebs s\u00eb zgjedhjeve e deri tani nuk \u00ebsht\u00eb e mjaftueshme p\u00ebr rinovim.<\/span><\/p>\n<p><span style=\"color: #000000;\">Por, p\u00ebr k\u00ebt\u00eb problem, qytetar\u00ebt jan\u00eb paralajm\u00ebruar m\u00eb her\u00ebt nga ish-ministri i Brendsh\u00ebm Taulant Balla q\u00eb ka b\u00ebr\u00eb dhe informuar qytetar\u00ebt p\u00ebr t\u2019i paraprir\u00eb situat\u00ebs.<\/span><\/p>\n<p><span style=\"color: #000000;\">Me an\u00eb t\u00eb nj\u00eb deklarate publike m\u00eb dat\u00eb 22 korrik 2024, ish-ministri i Brendsh\u00ebm Balla, iu ka b\u00ebr\u00eb thirrje banor\u00ebve t\u00eb Himar\u00ebs t\u00eb aplikojn\u00eb p\u00ebr pajisje me kart\u00eb identiteti.<\/span><\/p>\n<p><span style=\"color: #000000;\">Po ashtu, ai ka urdh\u00ebruar dhe mbajtjen hapur edhe n\u00eb dit\u00ebt e pushimit, t\u00eb shtun\u00eb e t\u00eb diel\u00eb dhe gjithashu koha e prodhimit t\u00eb kart\u00ebs s\u00eb re t\u00eb realizohej brenda 48 or\u00ebsh. Edhe n\u00ebse aplikohej m\u00eb dat\u00eb 1 gusht, mund ta merrje kart\u00ebn e re m\u00eb 3 gusht.<\/span><\/p>\n<p>&nbsp;<\/p>\n<p>&nbsp;<\/p>\n<p><span style=\"color: #000000;\">Postimi i ish-ministrit Taulant Balla m\u00eb 22 korrik:<\/span><\/p>\n<p><span style=\"color: #000000;\"><em>IdentiTek <\/em><em>\ud83d\udccd Himar\u00eb do t\u00eb jet\u00eb e hapur \u00e7do dit\u00eb edhe t\u00eb shtun\u00ebn dhe t\u00eb diel\u00ebn 27-28 Korrik dhe t\u00eb shtun\u00ebn 3 Gusht. \u00c7do aplikim p\u00ebr let\u00ebrnjoftim q\u00eb do t\u00eb b\u00ebhet n\u00eb Himar\u00eb para dat\u00ebs 1 gusht, do t\u00eb mund t\u00eb t\u00ebrheq\u00eb let\u00ebrnjoftimin e ri deri m\u00eb 3 gusht. Nuk do t\u00eb pres\u00eb 2 jav\u00eb por do t\u00eb pajiset me let\u00ebrnjoftim para 4 gushtit, mjafton t\u00eb aplikoj\u00eb.<\/em><\/span><\/p>\n<p><span style=\"color: #000000;\"><em>\ud83d\udedc P\u00ebr bashk\u00ebatdhetar\u00ebt q\u00eb kthehen p\u00ebr pushime, Identitek do t\u00eb sh\u00ebrbej\u00eb edhe t\u00eb shtunave p\u00ebr tre jav\u00ebt e para t\u00eb gushtit.<\/em><\/span><\/p>\n<p><span style=\"color: #000000;\"><em>\ud83d\udedc Aplikimi me kupon t\u00eb p\u00ebrshpejtuar mund t\u00eb b\u00ebhet n\u00eb \u00e7do zyr\u00eb n\u00eb t\u00eb gjith\u00eb vendin. Pra n\u00ebse gj\u00ebndjen civile t\u00eb themi e ke n\u00eb Shkod\u00ebr, por nd\u00ebrkoh\u00eb po kalon pushimet n\u00eb Vlor\u00eb, mund ta b\u00ebsh pasaport\u00ebn direkt aty ku ndodhesh. Kjo nuk vlen vet\u00ebm p\u00ebr shtetasit q\u00eb pajisen p\u00ebr her\u00eb t\u00eb par\u00eb me dokument.<\/em><\/span><\/p>\n<p><img decoding=\"async\" src=\"https:\/\/shqiptarja.com\/uploads\/ckeditor\/66af895d7c924balla.JPG\" \/><\/p>\n","protected":false,"gt_translate_keys":[{"key":"rendered","format":"html"}]},"excerpt":{"rendered":"<p>Disa qytetar\u00eb n\u00eb Himar\u00eb kan\u00eb pretenduar se jan\u00eb duke u privuar nga e drejta p\u00ebr t\u00eb shprehur vullnetin e tyre n\u00eb zgjedhjet p\u00ebr kryetarin e Bashkis\u00eb. Kjo, pasi ata jan\u00eb shfaqur p\u00ebrpara kutive t\u00eb votimit me mjet identifikimi t\u00eb skaduar, duke pretenduar se koha nga shpallja e dat\u00ebs s\u00eb zgjedhjeve e deri tani nuk \u00ebsht\u00eb [&hellip;]<\/p>\n","protected":false,"gt_translate_keys":[{"key":"rendered","format":"html"}]},"author":32,"featured_media":692030,"comment_status":"closed","ping_status":"open","sticky":false,"template":"","format":"standard","meta":{"footnotes":""},"categories":[65],"tags":[],"class_list":["post-692029","post","type-post","status-publish","format-standard","has-post-thumbnail","hentry","category-lajme"],"gt_translate_keys":[{"key":"link","format":"url"}],"_links":{"self":[{"href":"https:\/\/www.hashtag.al\/index.php\/wp-json\/wp\/v2\/posts\/692029","targetHints":{"allow":["GET"]}}],"collection":[{"href":"https:\/\/www.hashtag.al\/index.php\/wp-json\/wp\/v2\/posts"}],"about":[{"href":"https:\/\/www.hashtag.al\/index.php\/wp-json\/wp\/v2\/types\/post"}],"author":[{"embeddable":true,"href":"https:\/\/www.hashtag.al\/index.php\/wp-json\/wp\/v2\/users\/32"}],"replies":[{"embeddable":true,"href":"https:\/\/www.hashtag.al\/index.php\/wp-json\/wp\/v2\/comments?post=692029"}],"version-history":[{"count":0,"href":"https:\/\/www.hashtag.al\/index.php\/wp-json\/wp\/v2\/posts\/692029\/revisions"}],"wp:featuredmedia":[{"embeddable":true,"href":"https:\/\/www.hashtag.al\/index.php\/wp-json\/wp\/v2\/media\/692030"}],"wp:attachment":[{"href":"https:\/\/www.hashtag.al\/index.php\/wp-json\/wp\/v2\/media?parent=692029"}],"wp:term":[{"taxonomy":"category","embeddable":true,"href":"https:\/\/www.hashtag.al\/index.php\/wp-json\/wp\/v2\/categories?post=692029"},{"taxonomy":"post_tag","embeddable":true,"href":"https:\/\/www.hashtag.al\/index.php\/wp-json\/wp\/v2\/tags?post=692029"}],"curies":[{"name":"wp","href":"https:\/\/api.w.org\/{rel}","templated":true}]}}