{"id":691922,"date":"2024-08-03T21:12:04","date_gmt":"2024-08-03T19:12:04","guid":{"rendered":"https:\/\/www.hashtag.al\/?p=691922"},"modified":"2024-08-03T21:12:04","modified_gmt":"2024-08-03T19:12:04","slug":"kembimi-i-te-burgosurve-shba-rusi-flet-pas-lirimit-aktivisti-viktor-kara-murza","status":"publish","type":"post","link":"https:\/\/www.hashtag.al\/index.php\/2024\/08\/03\/kembimi-i-te-burgosurve-shba-rusi-flet-pas-lirimit-aktivisti-viktor-kara-murza\/","title":{"rendered":"K\u00ebmbimi i t\u00eb burgosurve SHBA-Rusi, flet pas lirimit aktivisti Viktor Kara-Murza","gt_translate_keys":[{"key":"rendered","format":"text"}]},"content":{"rendered":"<p><span style=\"color: #000000;\"><img loading=\"lazy\" decoding=\"async\" class=\"size-full wp-image-691923 aligncenter\" src=\"https:\/\/www.hashtag.al\/wp-content\/uploads\/2024\/08\/Screenshot-2024-08-03-171539.png\" alt=\"\" width=\"1084\" height=\"616\" srcset=\"https:\/\/www.hashtag.al\/wp-content\/uploads\/2024\/08\/Screenshot-2024-08-03-171539.png 1084w, https:\/\/www.hashtag.al\/wp-content\/uploads\/2024\/08\/Screenshot-2024-08-03-171539-300x170.png 300w, https:\/\/www.hashtag.al\/wp-content\/uploads\/2024\/08\/Screenshot-2024-08-03-171539-1024x582.png 1024w, https:\/\/www.hashtag.al\/wp-content\/uploads\/2024\/08\/Screenshot-2024-08-03-171539-768x436.png 768w\" sizes=\"auto, (max-width: 1084px) 100vw, 1084px\" \/><\/span><\/p>\n<p><span style=\"color: #000000;\">Vladimir Kara-Murza, politikan opozitar rus, fitues i \u00e7mimit \u201cPulitzer\u201d, u lirua si pjes\u00eb e shk\u00ebmbimit historik t\u00eb t\u00eb burgosurve mes Shteteve t\u00eb Bashkuara dhe Rusis\u00eb.<\/span><\/p>\n<p><span style=\"color: #000000;\">Duke folur pas k\u00ebtij k\u00ebmbimi, ai thot\u00eb se kur u zhvendos nga qelia e burgut n\u00eb Siberi n\u00eb nj\u00eb qend\u00ebr paraburgimi n\u00eb Mosk\u00eb, mendoi se do t\u2019a ekzekutonin. <\/span><\/p>\n<p><span style=\"color: #000000;\">I d\u00ebnuar n\u00eb Rusi me 25 vite burg, pasi kritikoi agresionin ndaj Ukrain\u00ebs, zoti Kara-Murza thot\u00eb se ndryshimi m\u00eb i madh midis nj\u00eb diktature dhe nj\u00eb demokracie \u00ebsht\u00eb se n\u00eb demokraci gj\u00ebja m\u00eb e vlefshme \u00ebsht\u00eb jeta njer\u00ebzore.<\/span><\/p>\n<div class=\"wsw__embed\">\n<div class=\"media-pholder media-pholder--video \">\n<div class=\"c-sticky-container\" data-poster=\"https:\/\/gdb.voanews.com\/01000000-0aff-0242-78e0-08dcb3c83dcc_tv_w250_r1.jpg\">\n<div id=\"sp-1\" class=\"c-sticky-element c-sticky-element--initialised\" data-sp_api=\"pangea-video\" data-persistent=\"\" data-persistent-browse-out=\"\" data-sp_instance_id=\"1\">\n<div class=\"c-mmp c-mmp--enabled c-mmp--video c-mmp--standard c-mmp--has-poster c-sticky-element__swipe-el c-mmp--s c-mmp--rendered c-mmp--paused c-mmp--can-play\" data-player_id=\"1\" data-title=\"K\u00ebmbimi i t\u00eb burgosurve SHBA-Rusi, flet pas lirimit aktivisti Viktor Kara-Murza\" data-hide-title=\"False\" data-breakpoint_s=\"320\" data-breakpoint_m=\"640\" data-breakpoint_l=\"992\" data-hlsjs-src=\"\/Scripts\/responsive\/hls.b\" data-bypass-dash-for-vod=\"true\" data-bypass-dash-for-live-video=\"true\" data-bypass-dash-for-live-audio=\"true\"><\/div>\n<\/div>\n<\/div>\n<\/div>\n<\/div>\n<p><span style=\"color: #000000;\">Kur kritiku i Kremlinit, Vladimir Kara-Murza u transferua papritur nga nj\u00eb burg n\u00eb Siberi n\u00eb nj\u00eb qend\u00ebr paraburgimi n\u00eb Mosk\u00eb, ai mendoi se po e \u00e7onin atje p\u00ebr ta ekzekutuar.<\/span><\/p>\n<p><span style=\"color: #000000;\">Atij nuk iu tha se do t\u00eb lirohej si pjes\u00eb e nj\u00eb shk\u00ebmbimi masiv t\u00eb t\u00eb burgosurve me Per\u00ebndimin, m\u00eb i madhi q\u00eb nga Lufta e Ftoht\u00eb.<\/span><\/p>\n<p><span style=\"color: #000000;\">\u201cNj\u00eb jav\u00eb m\u00eb par\u00eb isha n\u00eb qelin\u00eb time t\u00eb izolimit n\u00eb Siberi. Nat\u00ebn q\u00eb m\u00eb mor\u00ebn nga qelia n\u00eb Siberi p\u00ebr t\u2019u transferuar n\u00eb Mosk\u00eb, gjat\u00eb p\u00ebrgatitjeve p\u00ebr k\u00ebt\u00eb shk\u00ebmbim, n\u00eb fakt isha i sigurt se po m\u00eb \u00e7onin p\u00ebr t&#8217;u ekzekutuar. Kjo ishte ajo q\u00eb mendoja\u201d, tregon ai.<\/span><\/p>\n<p><span style=\"color: #000000;\">Fituesi i \u00e7mimit \u201cPulitzer\u201d dhe nj\u00eb nga kritik\u00ebt m\u00eb t\u00eb m\u00ebdhenj ndaj zotit Putin thot\u00eb se shk\u00ebmbime t\u00eb tilla t\u00eb burgosurish b\u00ebhen p\u00ebr shp\u00ebtimin e jet\u00ebve t\u00eb njer\u00ebzve.<\/span><\/p>\n<p><span style=\"color: #000000;\"><em>\u201cPor p\u00ebr mua, ndryshimi m\u00eb i madh midis nj\u00eb diktature dhe nj\u00eb demokracie \u00ebsht\u00eb se n\u00eb demokraci gj\u00ebja m\u00eb e r\u00ebnd\u00ebsishme \u00ebsht\u00eb jeta njer\u00ebzore, mbrojtja e jet\u00ebs njer\u00ebzore dhe shp\u00ebtimi i jet\u00ebs njer\u00ebzore. Dhe p\u00ebr ata njer\u00ebz q\u00eb kritikojn\u00eb vendimet e qeverive demokratike, se pse angazhohen n\u00eb k\u00ebto shk\u00ebmbime t\u00eb burgosurish me regjime autoritare si regjimi i Putinit, me respekt do t\u2019i nxisja q\u00eb t\u00eb mos flasin por t\u00eb mendojn\u00eb p\u00ebr shp\u00ebtimin e jet\u00ebve njer\u00ebzore\u201d<\/em>, thot\u00eb ai.<\/span><\/p>\n<p><span style=\"color: #000000;\">Kara-Murza \u00ebsht\u00eb nj\u00eb nd\u00ebr 16 t\u00eb burgosurit q\u00eb Rusia dhe aleati i saj Bjellorusia liruan t\u00eb enjten, shumica e t\u00eb cil\u00ebve ishin burgosur n\u00ebn akuza t\u00eb motivuara politikisht. Politikani i njohur i opozit\u00ebs ruse u arrestua n\u00eb vitin 2022 pasi kritikoi luft\u00ebn n\u00eb Ukrain\u00eb. Ai u d\u00ebnua n\u00eb vitin 2023 p\u00ebr tradhti si dhe disa akuza t\u00eb tjera me 25 vjet burg. Po ashtu ai iu ka shp\u00ebtuar dy her\u00eb helmimeve, n\u00eb vitin 2015 dhe 2017.<\/span><\/p>\n<p><em><span style=\"color: #000000;\">\u201cUn\u00eb vet\u00eb jam helmuar dy her\u00eb nga nj\u00eb skuad\u00ebr speciale ruse. K\u00ebshtu ka ndodhur edhe me shum\u00eb t\u00eb tjer\u00eb, figura t\u00eb opozit\u00ebs dhe kritik\u00eb t\u00eb Kremlinit n\u00eb Rusi. Dhe ne e dim\u00eb se k\u00ebto sulme kan\u00eb ndodhur shum\u00eb p\u00ebrtej territorit rus, edhe n\u00eb Britani. K\u00ebshtu fjala \u2018i sigurt\u2019 nuk \u00ebsht\u00eb nj\u00eb fjal\u00eb q\u00eb ne si politikan\u00eb t\u00eb opozit\u00ebs ruse e kemi n\u00eb fjalorin ton\u00eb. Un\u00eb e dua vendin tim, mendoj se Rusia meriton t\u00eb jet\u00eb nj\u00eb vend normal, modern, demokratik, nuk kam asnj\u00eb dyshim p\u00ebr k\u00ebt\u00eb. Si historian, mendoj se do t\u00eb vij\u00eb ajo dit\u00eb dhe un\u00eb do t\u00eb b\u00ebj gjith\u00e7ka q\u00eb mundem, gjith\u00e7ka n\u00eb fuqin\u00eb time p\u00ebr t&#8217;u p\u00ebrpjekur ta afroj at\u00eb dit\u00eb pak m\u00eb shum\u00eb\u201d.<\/span><\/em><\/p>\n<p><span style=\"color: #000000;\">Pas marr\u00ebveshjes SHBA- Rusi p\u00ebr shk\u00ebmbimin e t\u00eb burgosurve, n\u00eb mesin e 24 individ\u00ebve ishin gazetar\u00eb, disident\u00eb politik\u00eb, spiun\u00eb t\u00eb dyshuar, nj\u00eb haker kompjuter\u00ebsh, nj\u00eb mashtrues dhe nj\u00eb i d\u00ebnuar p\u00ebr vrasje.<\/span><\/p>\n<p><span style=\"color: #000000;\">Rusia liroi 16 individ\u00eb, p\u00ebrfshir\u00eb gazetarin e \u201cWall Street Journal\u201d Evan Gershkovich dhe ish-marinsin Paul Whelan. T\u00eb dy p\u00ebrballeshin me d\u00ebnime t\u00eb gjata n\u00eb burg pasi u shpall\u00ebn fajtor\u00eb p\u00ebr spiunazh n\u00eb sistemin e politizuar ligjor t\u00eb Rusis\u00eb, akuza t\u00eb cilat qeveria amerikane i cil\u00ebsoi si t\u00eb pabaza.<\/span><\/p>\n<p><span style=\"color: #000000;\">N\u00eb mesin e t\u00eb liruarve nga Moska \u00ebsht\u00eb edhe gazetarja e Radio Evrop\u00ebs s\u00eb Lir\u00eb Alsu Kurmasheva.<\/span><\/p>\n<p><span style=\"color: #000000;\">Prej t\u00eb burgosurve q\u00eb Rusia i mori n\u00eb k\u00ebmbim \u00ebsht\u00eb Vadim Krasikov, i d\u00ebnuar n\u00eb Gjermani p\u00ebr vrasjen e nj\u00eb kryengrit\u00ebsi \u00e7e\u00e7en n\u00eb nj\u00eb park n\u00eb Berlin para dy vitesh, me gjas\u00eb me urdhrat e sh\u00ebrbimeve ruse t\u00eb sigurimit. N\u00eb mesin e t\u00eb burgosurve ishin edhe dy agjent\u00eb \u201ct\u00eb fjetur\u201d t\u00eb cil\u00ebt ishin t\u00eb burgosur n\u00eb Slloveni, tre t\u00eb d\u00ebnuar nga autoritetet amerikane dhe dy nga Norvegjia dhe Polonia.<span style=\"color: #0000ff;\"><strong>\/VOA<\/strong><\/span><\/span><\/p>\n","protected":false,"gt_translate_keys":[{"key":"rendered","format":"html"}]},"excerpt":{"rendered":"<p>Vladimir Kara-Murza, politikan opozitar rus, fitues i \u00e7mimit \u201cPulitzer\u201d, u lirua si pjes\u00eb e shk\u00ebmbimit historik t\u00eb t\u00eb burgosurve mes Shteteve t\u00eb Bashkuara dhe Rusis\u00eb. Duke folur pas k\u00ebtij k\u00ebmbimi, ai thot\u00eb se kur u zhvendos nga qelia e burgut n\u00eb Siberi n\u00eb nj\u00eb qend\u00ebr paraburgimi n\u00eb Mosk\u00eb, mendoi se do t\u2019a ekzekutonin. I d\u00ebnuar [&hellip;]<\/p>\n","protected":false,"gt_translate_keys":[{"key":"rendered","format":"html"}]},"author":4,"featured_media":691923,"comment_status":"closed","ping_status":"open","sticky":false,"template":"","format":"standard","meta":{"footnotes":""},"categories":[6],"tags":[],"class_list":["post-691922","post","type-post","status-publish","format-standard","has-post-thumbnail","hentry","category-nderkombetare"],"gt_translate_keys":[{"key":"link","format":"url"}],"_links":{"self":[{"href":"https:\/\/www.hashtag.al\/index.php\/wp-json\/wp\/v2\/posts\/691922","targetHints":{"allow":["GET"]}}],"collection":[{"href":"https:\/\/www.hashtag.al\/index.php\/wp-json\/wp\/v2\/posts"}],"about":[{"href":"https:\/\/www.hashtag.al\/index.php\/wp-json\/wp\/v2\/types\/post"}],"author":[{"embeddable":true,"href":"https:\/\/www.hashtag.al\/index.php\/wp-json\/wp\/v2\/users\/4"}],"replies":[{"embeddable":true,"href":"https:\/\/www.hashtag.al\/index.php\/wp-json\/wp\/v2\/comments?post=691922"}],"version-history":[{"count":0,"href":"https:\/\/www.hashtag.al\/index.php\/wp-json\/wp\/v2\/posts\/691922\/revisions"}],"wp:featuredmedia":[{"embeddable":true,"href":"https:\/\/www.hashtag.al\/index.php\/wp-json\/wp\/v2\/media\/691923"}],"wp:attachment":[{"href":"https:\/\/www.hashtag.al\/index.php\/wp-json\/wp\/v2\/media?parent=691922"}],"wp:term":[{"taxonomy":"category","embeddable":true,"href":"https:\/\/www.hashtag.al\/index.php\/wp-json\/wp\/v2\/categories?post=691922"},{"taxonomy":"post_tag","embeddable":true,"href":"https:\/\/www.hashtag.al\/index.php\/wp-json\/wp\/v2\/tags?post=691922"}],"curies":[{"name":"wp","href":"https:\/\/api.w.org\/{rel}","templated":true}]}}