{"id":691793,"date":"2024-08-02T15:50:28","date_gmt":"2024-08-02T13:50:28","guid":{"rendered":"https:\/\/www.hashtag.al\/?p=691793"},"modified":"2024-08-02T15:50:28","modified_gmt":"2024-08-02T13:50:28","slug":"rama-nga-himara-vangjel-tavo-do-te-hape-nje-kapitull-te-ri-per-himariotet","status":"publish","type":"post","link":"https:\/\/www.hashtag.al\/index.php\/2024\/08\/02\/rama-nga-himara-vangjel-tavo-do-te-hape-nje-kapitull-te-ri-per-himariotet\/","title":{"rendered":"Rama nga Himara: Vangjel Tavo do t\u00eb hap\u00eb nj\u00eb kapitull t\u00eb ri p\u00ebr himariot\u00ebt","gt_translate_keys":[{"key":"rendered","format":"text"}]},"content":{"rendered":"<p><span style=\"color: #000000;\"><a href=\"https:\/\/www.hashtag.al\/wp-content\/uploads\/2024\/08\/Screenshot-2024-08-02-154900.png\"><img loading=\"lazy\" decoding=\"async\" class=\"aligncenter size-full wp-image-691794\" src=\"https:\/\/www.hashtag.al\/wp-content\/uploads\/2024\/08\/Screenshot-2024-08-02-154900.png\" alt=\"\" width=\"971\" height=\"408\" srcset=\"https:\/\/www.hashtag.al\/wp-content\/uploads\/2024\/08\/Screenshot-2024-08-02-154900.png 971w, https:\/\/www.hashtag.al\/wp-content\/uploads\/2024\/08\/Screenshot-2024-08-02-154900-300x126.png 300w, https:\/\/www.hashtag.al\/wp-content\/uploads\/2024\/08\/Screenshot-2024-08-02-154900-768x323.png 768w\" sizes=\"auto, (max-width: 971px) 100vw, 971px\" \/><\/a><\/span><\/p>\n<p><span style=\"color: #000000;\">Kryeministri Edi Rama, nd\u00ebrsa ishte i pranish\u00ebm n\u00eb Himar\u00eb, ku shprehu mb\u00ebshtetjen e plot\u00eb ndaj kandidatit t\u00eb PS-s\u00eb, Vangjel Tavo, p\u00ebr kryebashkiak n\u00eb zgjedhjet q\u00eb do t\u00eb mbahen m\u00eb 4 gusht.<\/span><\/p>\n<p><span style=\"color: #000000;\">Rama tha se me Vangjel Tavon Himara do t\u00eb hap\u00eb nj\u00eb kapitull t\u00eb ri bashk\u00ebjetese demokratike mes himariot\u00ebve.<\/span><\/p>\n<p><span style=\"color: #000000;\">Nd\u00ebrsa nuk ka kursyer ironit\u00eb, Rama tha se Vangjel\u00ebt e gabuar mund t\u00eb shkojn\u00eb n\u00eb Himar\u00eb p\u00ebr plazh, por nuk do t\u00eb ken\u00eb shans t\u00eb ndezin zjarr n\u00eb k\u00ebt\u00eb bashki.<\/span><\/p>\n<p><span style=\"color: #000000;\">Rama tha se ata q\u00eb duan t\u00eb marrin pushtetin k\u00ebtu duan q\u00eb t\u00eb b\u00ebjn\u00eb at\u00eb q\u00eb akuzojn\u00eb t\u00eb tjer\u00ebt.<\/span><\/p>\n<p><span style=\"color: #000000;\"><em>\u201cVangjel ka shum\u00eb, Tavo ka nj\u00eb. Kjo \u00ebsht\u00eb histori i njohur me k\u00ebt\u00eb, dem baba dem. Q\u00eb kur ishte n\u00eb PS ku s\u2019b\u00ebn fushata, ku b\u00ebn komunikim me njeriun deri m\u00eb der\u00eb e prag m\u00eb prag. Me Ru\u00e7in \u00ebsht\u00eb rritur, kur u b\u00eb i madh tha \u00e7\u2019m\u00eb duhet mua PS, e tani u kthye prap\u00eb p\u00ebr Himar\u00ebn. Ky \u00ebsht\u00eb i t\u00ebri i Himar\u00ebs, se un\u00eb jam p\u00ebrgjysm\u00eb. Po diskutonim me Damianin gjith\u00eb historin\u00eb \u00e7far\u00eb jan\u00eb himarjot\u00ebt dhe si i kan\u00eb pasur marr\u00ebdh\u00ebniet me Tiran\u00ebn, Athin\u00ebn e t\u00eb tjer\u00ebt. Jan\u00eb himarjot\u00eb pik\u00eb, jan\u00eb komplet gj\u00eb tjet\u00ebr edhe Himara i lidh bashk\u00eb. Kjo q\u00eb ka ndodhur \u00ebsht\u00eb nj\u00eb mund\u00ebsi e madhe n\u00eb aspektin p\u00ebr ta par\u00eb perspektiv\u00ebn duke kuptuar edhe arsyet p\u00ebrse kan\u00eb dashur dhe p\u00ebr ta v\u00ebn\u00eb emrin Himar\u00eb e himarjot kryefjal\u00eb.\u201d<\/em> Tha Rama.<\/span><\/p>\n<p><span style=\"color: #000000;\">N\u00eb krah t\u00eb Tavos dhe Blendi Klosit, Rama iu p\u00ebrgjigj edhe nj\u00ebher\u00eb akuzave p\u00ebr grabitjen e pronave n\u00eb Vuno, tha se ishte nj\u00eb kazan n\u00eb Greqi q\u00eb e nisi, p\u00ebr ta vazhduar m\u00eb pas nj\u00eb kazan n\u00eb Tiran\u00eb.<\/span><\/p>\n<p><span style=\"color: #000000;\"><em>&#8216;Kishte dal nj\u00eb kazan atje n\u00eb Greqi, nga nj\u00eb kazan k\u00ebtu. Rama ka grabitur pronat. Po i tregoja historin\u00eb se \u00ebsht\u00eb e bukur shum\u00eb, kaq dometh\u00ebn\u00ebse p\u00ebr t\u00eb gjith\u00eb situat\u00ebn. Pjesa e Kolekajve \u00ebsht\u00eb nga k\u00ebtu dhe kam pasur edhe ata pjes\u00ebt e tyre me dokumente. Un\u00eb ua kam th\u00ebn\u00eb dem baba dem, nuk marr pjes\u00eb n\u00eb k\u00ebt\u00eb s\u2019m\u00eb interesojn\u00eb. Kur shkon n\u00eb bot\u00ebn tjet\u00ebr, hipoteka, parat\u00eb n\u00eb xhep dhe kartat e kreditit nuk funksionojn\u00eb, puna \u00ebsht\u00eb ca l\u00eb mbrapa.&#8217;<\/em><\/span><\/p>\n<p><span style=\"color: #000000;\">Duke folur p\u00ebr \u00e7\u00ebshtjen e pronave n\u00eb Himar\u00eb, Kryeministri theksoi se e problemi kryesor k\u00ebtu \u00ebsht\u00eb se procesi ka qen\u00eb shum\u00eb i fragmentarizuar, njer\u00ebzit nuk kan\u00eb qen\u00eb k\u00ebtu, por askush nuk duhet ti besoj\u00eb sekser\u00ebve.<\/span><\/p>\n<p><span style=\"color: #000000;\">P\u00ebrsa i takon turist\u00ebve, Rama tha se jo vet\u00ebm nuk ka r\u00ebnie, por krahasuar me vjet, turist\u00ebt e huaj jan\u00eb rritur 150 %.<\/span><\/p>\n<p><span style=\"color: #000000;\">\u201c<em>Ku \u00ebhst\u00eb problemi? Patjet\u00ebr q\u00eb n\u00eb vende t\u00eb caktuara si n\u00eb Palas\u00eb apo Ksamil, ka pasur nj\u00eb k\u00ebrcim t\u00eb \u00e7mimeve, por kjo \u00ebsht\u00eb \u00e7\u00ebshtjes e tregut n\u00eb fund fare. Ti e synon pastaj ta jep tregu kok\u00ebs. \u00c7\u00ebshtja kryesore \u00ebsht\u00eb se hotelet jan\u00eb super plot, nd\u00ebrkoh\u00eb numri i restoranteve \u00ebsht\u00eb rritur shum\u00eb m\u00eb tep\u00ebr se ai i shtret\u00ebrve. Dhe restorantet q\u00eb kan\u00eb t\u00ebrhequr shum\u00eb njer\u00ebz me par\u00eb ia kan\u00eb hequr vetes, pasi kan\u00eb gjetur oferta t\u00eb reja. Ky \u00ebsht\u00eb fakt\u201d,<\/em> tha Rama.<\/span><\/p>\n","protected":false,"gt_translate_keys":[{"key":"rendered","format":"html"}]},"excerpt":{"rendered":"<p>Kryeministri Edi Rama, nd\u00ebrsa ishte i pranish\u00ebm n\u00eb Himar\u00eb, ku shprehu mb\u00ebshtetjen e plot\u00eb ndaj kandidatit t\u00eb PS-s\u00eb, Vangjel Tavo, p\u00ebr kryebashkiak n\u00eb zgjedhjet q\u00eb do t\u00eb mbahen m\u00eb 4 gusht. Rama tha se me Vangjel Tavon Himara do t\u00eb hap\u00eb nj\u00eb kapitull t\u00eb ri bashk\u00ebjetese demokratike mes himariot\u00ebve. Nd\u00ebrsa nuk ka kursyer ironit\u00eb, Rama [&hellip;]<\/p>\n","protected":false,"gt_translate_keys":[{"key":"rendered","format":"html"}]},"author":32,"featured_media":691794,"comment_status":"closed","ping_status":"open","sticky":false,"template":"","format":"standard","meta":{"footnotes":""},"categories":[65],"tags":[],"class_list":["post-691793","post","type-post","status-publish","format-standard","has-post-thumbnail","hentry","category-lajme"],"gt_translate_keys":[{"key":"link","format":"url"}],"_links":{"self":[{"href":"https:\/\/www.hashtag.al\/index.php\/wp-json\/wp\/v2\/posts\/691793","targetHints":{"allow":["GET"]}}],"collection":[{"href":"https:\/\/www.hashtag.al\/index.php\/wp-json\/wp\/v2\/posts"}],"about":[{"href":"https:\/\/www.hashtag.al\/index.php\/wp-json\/wp\/v2\/types\/post"}],"author":[{"embeddable":true,"href":"https:\/\/www.hashtag.al\/index.php\/wp-json\/wp\/v2\/users\/32"}],"replies":[{"embeddable":true,"href":"https:\/\/www.hashtag.al\/index.php\/wp-json\/wp\/v2\/comments?post=691793"}],"version-history":[{"count":0,"href":"https:\/\/www.hashtag.al\/index.php\/wp-json\/wp\/v2\/posts\/691793\/revisions"}],"wp:featuredmedia":[{"embeddable":true,"href":"https:\/\/www.hashtag.al\/index.php\/wp-json\/wp\/v2\/media\/691794"}],"wp:attachment":[{"href":"https:\/\/www.hashtag.al\/index.php\/wp-json\/wp\/v2\/media?parent=691793"}],"wp:term":[{"taxonomy":"category","embeddable":true,"href":"https:\/\/www.hashtag.al\/index.php\/wp-json\/wp\/v2\/categories?post=691793"},{"taxonomy":"post_tag","embeddable":true,"href":"https:\/\/www.hashtag.al\/index.php\/wp-json\/wp\/v2\/tags?post=691793"}],"curies":[{"name":"wp","href":"https:\/\/api.w.org\/{rel}","templated":true}]}}