{"id":691730,"date":"2024-08-02T09:28:14","date_gmt":"2024-08-02T07:28:14","guid":{"rendered":"https:\/\/www.hashtag.al\/?p=691730"},"modified":"2024-08-02T09:28:14","modified_gmt":"2024-08-02T07:28:14","slug":"be-paralajmeron-hungarine-mbi-lehtesimin-e-vizave-per-shtetasit-rus","status":"publish","type":"post","link":"https:\/\/www.hashtag.al\/index.php\/2024\/08\/02\/be-paralajmeron-hungarine-mbi-lehtesimin-e-vizave-per-shtetasit-rus\/","title":{"rendered":"BE paralajm\u00ebron Hungarin\u00eb mbi leht\u00ebsimin e vizave p\u00ebr shtetasit rus","gt_translate_keys":[{"key":"rendered","format":"text"}]},"content":{"rendered":"<p><a href=\"https:\/\/www.hashtag.al\/wp-content\/uploads\/2024\/08\/1722577889_hungari.jpeg\"><img loading=\"lazy\" decoding=\"async\" class=\"aligncenter size-full wp-image-691731\" src=\"https:\/\/www.hashtag.al\/wp-content\/uploads\/2024\/08\/1722577889_hungari.jpeg\" alt=\"\" width=\"780\" height=\"440\" srcset=\"https:\/\/www.hashtag.al\/wp-content\/uploads\/2024\/08\/1722577889_hungari.jpeg 780w, https:\/\/www.hashtag.al\/wp-content\/uploads\/2024\/08\/1722577889_hungari-300x169.jpeg 300w, https:\/\/www.hashtag.al\/wp-content\/uploads\/2024\/08\/1722577889_hungari-768x433.jpeg 768w\" sizes=\"auto, (max-width: 780px) 100vw, 780px\" \/><\/a><\/p>\n<p><span style=\"color: #000000;\">Komisionerja e Bashkimit Europian p\u00ebr \u00c7\u00ebshtje t\u00eb Brendshme paralajm\u00ebroi t\u00eb enjten Hungarin\u00eb se vendimi i saj p\u00ebr t\u00eb leht\u00ebsuar kufizimet e vizave p\u00ebr shtetasit rus dhe bjellorus p\u00ebrb\u00ebn nj\u00eb k\u00ebrc\u00ebnim t\u00eb mundsh\u00ebm t\u00eb siguris\u00eb dhe se do t\u00eb merrte masa n\u00ebse shqet\u00ebsimet e saj nuk trajtoheshin.<\/span><\/p>\n<p><span style=\"color: #000000;\">Muajin e kaluar Hungaria zgjeroi programin e saj t\u00eb imigracionit &#8220;karta komb\u00ebtare&#8221; p\u00ebr t\u00eb p\u00ebrfshir\u00eb nd\u00ebr t\u00eb tjera dhe rus\u00ebt dhe bjellorus\u00ebt. Mbajt\u00ebsit t\u00eb nj\u00eb karte t\u00eb till\u00eb i lejohet t\u00eb punoj\u00eb n\u00eb Hungari pa iu n\u00ebnshtruar kontrollit p\u00ebr element\u00ebt e siguris\u00eb dhe mund t\u00eb marr\u00eb me vete dhe familjen.<\/span><\/p>\n<p><span style=\"color: #000000;\">Ky veprim nxiti shqet\u00ebsim tek zyrtar\u00ebt e BE-s\u00eb, t\u00eb cil\u00ebt than\u00eb se Rusia dhe aleati i saj Bjellorusia mund t\u00eb shfryt\u00ebzojn\u00eb k\u00ebt\u00eb skem\u00eb p\u00ebr t\u00eb d\u00ebrguar diversant\u00eb dhe spiun\u00eb n\u00eb zon\u00ebn e l\u00ebvizjes s\u00eb lir\u00eb Shengen t\u00eb Bashkimit Europian nd\u00ebrsa blloku po p\u00ebrpiqet t\u00eb izoloj\u00eb Mosk\u00ebn p\u00ebr luft\u00ebn n\u00eb Ukrain\u00eb.<\/span><\/p>\n<p><span style=\"color: #000000;\"><em>&#8220;Rusia \u00ebsht\u00eb nj\u00eb k\u00ebrc\u00ebnim p\u00ebr sigurin\u00eb. Ne nuk na duhet m\u00eb pak, por m\u00eb shum\u00eb vigjilenc\u00eb<\/em>,&#8221; tha Komisionerja e Bashkimit Europian p\u00ebr \u00c7\u00ebshtje t\u00eb Brendshme , Ylva Johansson n\u00eb nj\u00eb postim n\u00eb rrjetin X t\u00eb enjten n\u00eb mbr\u00ebmje.<\/span><\/p>\n<p><span style=\"color: #000000;\">&#8220;<em>Sot p\u00ebrmes n\u00eb letre i kam k\u00ebrkuar qeveris\u00eb hungareze t\u00eb jape shpjegime. N\u00ebse skema e tyre p\u00ebr leht\u00ebsim t\u00eb rregullave p\u00ebrb\u00ebn rrezik, ne do t\u00eb veprojm\u00eb&#8221;.<\/em><\/span><\/p>\n<p><span style=\"color: #000000;\">Ky incidenti pasqyron t\u00eb tjera tensione mes udh\u00ebheq\u00ebsve europiane dhe qeveris\u00eb s\u00eb kryeministrit hungarez Viktor Orban lidhur me luft\u00ebn e Rusis\u00eb n\u00eb Ukrain\u00eb.<\/span><\/p>\n<p><span style=\"color: #000000;\">Orban ka mbajtur lidhje t\u00eb ngushta me Mosk\u00ebn dhe vizitoi presidentin rus Vladimir Putin muajin e kaluar si pjes\u00eb e asaj q\u00eb e cil\u00ebsoi &#8220;mision paqeje&#8221;, t\u00eb nd\u00ebrmarr\u00eb pa mb\u00ebshtetjen e BE-s\u00eb, disa dit\u00eb pasi mori presidenc\u00ebn e rradh\u00ebs t\u00eb bllokut.<\/span><\/p>\n<p><span style=\"color: #000000;\">Zonja Johansson nuk specifikoi se \u00e7far\u00eb veprimi mund t\u00eb nd\u00ebrmerrte. Por Komisioni Evropian, organi ekzekutiv i Bashkimit Europian, mund t\u00eb nd\u00ebrmarr\u00eb veprime ligjore kund\u00ebr nj\u00eb vendi an\u00ebtar n\u00ebse gjykon se \u00ebsht\u00eb shkelur ligji i BE-s\u00eb.<\/span><\/p>\n<p><span style=\"color: #000000;\">Ministri i Jasht\u00ebm i Hungaris\u00eb Peter Szijjarto tha t\u00eb mart\u00ebn se shtetasit rus\u00eb dhe bjellorus\u00eb duhet t\u00eb pajisen me viz\u00eb p\u00ebr t\u00eb hyr\u00eb n\u00eb Hungari dhe p\u00ebr rrjedhoj\u00eb edhe n\u00eb zon\u00ebn Shengen.<\/span><\/p>\n<p><span style=\"color: #000000;\">Ai tha se lejet e q\u00ebndrimit p\u00ebr shtetasit rus\u00eb dhe bjellorus\u00eb do t\u00eb duhet t\u00eb autorizohen nga autoritetet p\u00ebrkat\u00ebse.\/<span style=\"color: #0000ff;\"><a style=\"color: #0000ff;\" href=\"https:\/\/www.zeriamerikes.com\/a\/7726596.html\">VOA<\/a><\/span><\/span><\/p>\n","protected":false,"gt_translate_keys":[{"key":"rendered","format":"html"}]},"excerpt":{"rendered":"<p>Komisionerja e Bashkimit Europian p\u00ebr \u00c7\u00ebshtje t\u00eb Brendshme paralajm\u00ebroi t\u00eb enjten Hungarin\u00eb se vendimi i saj p\u00ebr t\u00eb leht\u00ebsuar kufizimet e vizave p\u00ebr shtetasit rus dhe bjellorus p\u00ebrb\u00ebn nj\u00eb k\u00ebrc\u00ebnim t\u00eb mundsh\u00ebm t\u00eb siguris\u00eb dhe se do t\u00eb merrte masa n\u00ebse shqet\u00ebsimet e saj nuk trajtoheshin. Muajin e kaluar Hungaria zgjeroi programin e saj t\u00eb [&hellip;]<\/p>\n","protected":false,"gt_translate_keys":[{"key":"rendered","format":"html"}]},"author":32,"featured_media":691731,"comment_status":"closed","ping_status":"open","sticky":false,"template":"","format":"standard","meta":{"footnotes":""},"categories":[6],"tags":[],"class_list":["post-691730","post","type-post","status-publish","format-standard","has-post-thumbnail","hentry","category-nderkombetare"],"gt_translate_keys":[{"key":"link","format":"url"}],"_links":{"self":[{"href":"https:\/\/www.hashtag.al\/index.php\/wp-json\/wp\/v2\/posts\/691730","targetHints":{"allow":["GET"]}}],"collection":[{"href":"https:\/\/www.hashtag.al\/index.php\/wp-json\/wp\/v2\/posts"}],"about":[{"href":"https:\/\/www.hashtag.al\/index.php\/wp-json\/wp\/v2\/types\/post"}],"author":[{"embeddable":true,"href":"https:\/\/www.hashtag.al\/index.php\/wp-json\/wp\/v2\/users\/32"}],"replies":[{"embeddable":true,"href":"https:\/\/www.hashtag.al\/index.php\/wp-json\/wp\/v2\/comments?post=691730"}],"version-history":[{"count":0,"href":"https:\/\/www.hashtag.al\/index.php\/wp-json\/wp\/v2\/posts\/691730\/revisions"}],"wp:featuredmedia":[{"embeddable":true,"href":"https:\/\/www.hashtag.al\/index.php\/wp-json\/wp\/v2\/media\/691731"}],"wp:attachment":[{"href":"https:\/\/www.hashtag.al\/index.php\/wp-json\/wp\/v2\/media?parent=691730"}],"wp:term":[{"taxonomy":"category","embeddable":true,"href":"https:\/\/www.hashtag.al\/index.php\/wp-json\/wp\/v2\/categories?post=691730"},{"taxonomy":"post_tag","embeddable":true,"href":"https:\/\/www.hashtag.al\/index.php\/wp-json\/wp\/v2\/tags?post=691730"}],"curies":[{"name":"wp","href":"https:\/\/api.w.org\/{rel}","templated":true}]}}