{"id":691711,"date":"2024-08-01T21:56:38","date_gmt":"2024-08-01T19:56:38","guid":{"rendered":"https:\/\/www.hashtag.al\/?p=691711"},"modified":"2024-08-01T21:56:38","modified_gmt":"2024-08-01T19:56:38","slug":"vjosa-osmani-perballet-me-situate-te-sikleteshme-ne-aeroportin-e-shkupit-i-merret-telefoni","status":"publish","type":"post","link":"https:\/\/www.hashtag.al\/index.php\/2024\/08\/01\/vjosa-osmani-perballet-me-situate-te-sikleteshme-ne-aeroportin-e-shkupit-i-merret-telefoni\/","title":{"rendered":"Vjosa Osmani p\u00ebrballet me situat\u00eb t\u00eb siklet\u00ebshme n\u00eb Aeroportin e Shkupit, i merret telefoni","gt_translate_keys":[{"key":"rendered","format":"text"}]},"content":{"rendered":"<p><span style=\"color: #000000;\"><a href=\"https:\/\/www.hashtag.al\/wp-content\/uploads\/2024\/06\/vjosa-osmani-3.jpg\"><img loading=\"lazy\" decoding=\"async\" class=\"aligncenter size-full wp-image-681691\" src=\"https:\/\/www.hashtag.al\/wp-content\/uploads\/2024\/06\/vjosa-osmani-3.jpg\" alt=\"\" width=\"1597\" height=\"898\" srcset=\"https:\/\/www.hashtag.al\/wp-content\/uploads\/2024\/06\/vjosa-osmani-3.jpg 1597w, https:\/\/www.hashtag.al\/wp-content\/uploads\/2024\/06\/vjosa-osmani-3-300x169.jpg 300w, https:\/\/www.hashtag.al\/wp-content\/uploads\/2024\/06\/vjosa-osmani-3-1024x576.jpg 1024w, https:\/\/www.hashtag.al\/wp-content\/uploads\/2024\/06\/vjosa-osmani-3-768x432.jpg 768w, https:\/\/www.hashtag.al\/wp-content\/uploads\/2024\/06\/vjosa-osmani-3-1536x864.jpg 1536w\" sizes=\"auto, (max-width: 1597px) 100vw, 1597px\" \/><\/a><\/span><\/p>\n<p><span style=\"color: #000000;\">Presidentja e Kosov\u00ebs, Vjosa Osmani, \u00ebsht\u00eb p\u00ebrballur me nj\u00eb incident t\u00eb pazakont\u00eb n\u00eb Aeroportin e Shkupit.<\/span><\/p>\n<p><span style=\"color: #000000;\">Sipas deklarat\u00ebs s\u00eb K\u00ebshilltarit p\u00ebr Media n\u00eb presidenc\u00eb, Bekim Kupina, sigurimi i aeroportit ka tentuar t\u00eb marr\u00eb telefonin personal t\u00eb Presidentes Osmani, nj\u00eb veprim q\u00eb ajo nuk e ka lejuar.<\/span><\/p>\n<p><span style=\"color: #000000;\">\u201c<em>Kjo sjellje e zyrtarit maqedonas t\u00eb aeroportit \u00ebsht\u00eb n\u00eb kund\u00ebrshtim me \u00e7do praktik\u00eb nd\u00ebrkomb\u00ebtare, sipas t\u00eb cilave kur krer\u00ebt e shtetit udh\u00ebtojn\u00eb, ata mbrohen me privilegje e imunitete diplomatike. N\u00eb kund\u00ebrshtim me k\u00ebto rregulla, pala maqedonase ka marr\u00eb \u00e7ant\u00ebn personale t\u00eb dor\u00ebs s\u00eb presidentes. Edhe pse kjo ishte kund\u00ebr rregullave, ekipi i Presidentes e ka lejuar n\u00eb m\u00ebnyr\u00eb q\u00eb Presidentja t\u00eb hyj\u00eb n\u00eb aeroport, konkretisht n\u00eb sall\u00ebn VIP, e cila ishte rezervuar me not\u00eb verbale t\u00eb Ambasad\u00ebs son\u00eb, si\u00e7 \u00ebsht\u00eb praktika p\u00ebr udh\u00ebtimet e krer\u00ebve t\u00eb shtetit. Mir\u00ebpo, p\u00ebr arsye t\u00eb siguris\u00eb, n\u00eb asnj\u00eb m\u00ebnyr\u00eb nuk \u00ebsht\u00eb lejuar q\u00eb t\u00eb dor\u00ebzohet telefoni personal<\/em>\u201d, tha Kupina.<\/span><\/p>\n<p><span style=\"color: #000000;\">Kupina tha se sjellja e sigurimit ishte e paprecedent\u00eb dhe nuk ka ndodhur askund tjet\u00ebr ndaj presidentes Osmani, p\u00ebrve\u00e7 n\u00eb Aeroportin e Shkupit.<\/span><\/p>\n<p><span style=\"color: #000000;\">\u201c<em>Sjellja arrogante dhe e dhunshme e zyrtarit t\u00eb Aeroportit t\u00eb Shkupit \u00ebsht\u00eb e paprecedente dhe nuk ka ndodhur asnj\u00ebher\u00eb n\u00eb asnj\u00eb udh\u00ebtim t\u00eb presidentes kudo n\u00eb bot\u00eb, p\u00ebrfshir\u00eb n\u00eb shtete jonjoh\u00ebse. V\u00ebrehet qart\u00eb se n\u00eb rastin n\u00eb fjal\u00eb kishte tendenc\u00eb p\u00ebr ta provokuar delegacionin e Republik\u00ebs s\u00eb Kosov\u00ebs dhe p\u00ebr t\u00eb shkaktuar incident<\/em>\u201d-shpjegoi z\u00ebdh\u00ebn\u00ebsi.<\/span><\/p>\n<p><span style=\"color: #000000;\">Ai tha se presidentja e ka njoftuar p\u00ebr k\u00ebt\u00eb skandal diplomatik t\u00eb shkaktuar nga pala maqedonase kryetarin e Kuvendit z.Afrim Gashi, \u201ct\u00eb cilin e fal\u00ebnderon p\u00ebr ndihm\u00ebn e ofruar\u201d.<\/span><\/p>\n<p><span style=\"color: #000000;\">M\u00eb pas, kabinetit t\u00eb president\u00ebs i \u00ebsht\u00eb dashur t\u00eb kontaktoj\u00eb n\u00eb Slloveni sepse Aeroporti i Shkupit ka deklaruar se nuk e ka lejuar aeroplanin komercial t\u00eb niset edhe p\u00ebr m\u00eb shume se nj\u00eb or\u00eb, me pretekstin se shteti slloven nuk po e lejon nisjen. Por kjo gj\u00eb u mohua nga slloven\u00ebt.<\/span><\/p>\n<p><span style=\"color: #000000;\">\u201c<em>Vlen t\u00eb p\u00ebrmendet se pas hyrjes s\u00eb Presidentes n\u00eb aeroplan, Aeroporti i Shkupit nuk e ka lejuar aeroplanin komercial t\u00eb niset edhe p\u00ebr m\u00eb shume se nj\u00eb or\u00eb, me pretekstin se shteti slloven nuk po e lejon nisjen, p\u00ebr shkak se nuk do t\u00eb ishte gati p\u00ebr aterrim. Kabineti i Presidentes e ka kontaktuar pal\u00ebn sllovene t\u00eb cil\u00ebt na kan\u00eb informuar q\u00eb nj\u00eb gj\u00eb e till\u00eb absolutisht nuk \u00ebsht\u00eb e v\u00ebrtet\u00eb dhe se aeroplani do t\u00eb mund t\u00eb ateronte n\u00eb koh\u00ebn e planifikuar. Presidenca e konsideron \u00e7do sulm dhe trajtim t\u00eb parregullt e n\u00eb kundershtim me konventat nd\u00ebrkomb\u00ebtare t\u00eb zyrtar\u00ebve t\u00eb lart\u00eb shtet\u00ebror si sulm ndaj vete shtetit t\u00eb Kosov\u00ebs.\u00a0 Republika e Kosov\u00ebs, asnj\u00ebher\u00eb n\u00eb historin\u00eb e saj, nuk ka trajtuar n\u00eb menyr\u00eb t\u00eb till\u00eb Presidentin\/Presidenten, Kryeministrin apo Ministrat e Maqedonis\u00eb s\u00eb Veriut e as t\u00eb ndonj\u00eb vendi tjet\u00ebr e as nuk do t\u00eb lejoj\u00eb nj\u00eb ndonj\u00ebher\u00eb nj\u00eb gj\u00eb t\u00eb till\u00eb<\/em>\u201d, tha Kupina.<\/span><\/p>\n","protected":false,"gt_translate_keys":[{"key":"rendered","format":"html"}]},"excerpt":{"rendered":"<p>Presidentja e Kosov\u00ebs, Vjosa Osmani, \u00ebsht\u00eb p\u00ebrballur me nj\u00eb incident t\u00eb pazakont\u00eb n\u00eb Aeroportin e Shkupit. Sipas deklarat\u00ebs s\u00eb K\u00ebshilltarit p\u00ebr Media n\u00eb presidenc\u00eb, Bekim Kupina, sigurimi i aeroportit ka tentuar t\u00eb marr\u00eb telefonin personal t\u00eb Presidentes Osmani, nj\u00eb veprim q\u00eb ajo nuk e ka lejuar. \u201cKjo sjellje e zyrtarit maqedonas t\u00eb aeroportit \u00ebsht\u00eb n\u00eb [&hellip;]<\/p>\n","protected":false,"gt_translate_keys":[{"key":"rendered","format":"html"}]},"author":32,"featured_media":681691,"comment_status":"closed","ping_status":"open","sticky":false,"template":"","format":"standard","meta":{"footnotes":""},"categories":[149,13],"tags":[],"class_list":["post-691711","post","type-post","status-publish","format-standard","has-post-thumbnail","hentry","category-kosoverajon","category-te-fundit"],"gt_translate_keys":[{"key":"link","format":"url"}],"_links":{"self":[{"href":"https:\/\/www.hashtag.al\/index.php\/wp-json\/wp\/v2\/posts\/691711","targetHints":{"allow":["GET"]}}],"collection":[{"href":"https:\/\/www.hashtag.al\/index.php\/wp-json\/wp\/v2\/posts"}],"about":[{"href":"https:\/\/www.hashtag.al\/index.php\/wp-json\/wp\/v2\/types\/post"}],"author":[{"embeddable":true,"href":"https:\/\/www.hashtag.al\/index.php\/wp-json\/wp\/v2\/users\/32"}],"replies":[{"embeddable":true,"href":"https:\/\/www.hashtag.al\/index.php\/wp-json\/wp\/v2\/comments?post=691711"}],"version-history":[{"count":0,"href":"https:\/\/www.hashtag.al\/index.php\/wp-json\/wp\/v2\/posts\/691711\/revisions"}],"wp:featuredmedia":[{"embeddable":true,"href":"https:\/\/www.hashtag.al\/index.php\/wp-json\/wp\/v2\/media\/681691"}],"wp:attachment":[{"href":"https:\/\/www.hashtag.al\/index.php\/wp-json\/wp\/v2\/media?parent=691711"}],"wp:term":[{"taxonomy":"category","embeddable":true,"href":"https:\/\/www.hashtag.al\/index.php\/wp-json\/wp\/v2\/categories?post=691711"},{"taxonomy":"post_tag","embeddable":true,"href":"https:\/\/www.hashtag.al\/index.php\/wp-json\/wp\/v2\/tags?post=691711"}],"curies":[{"name":"wp","href":"https:\/\/api.w.org\/{rel}","templated":true}]}}