{"id":691695,"date":"2024-08-01T17:55:48","date_gmt":"2024-08-01T15:55:48","guid":{"rendered":"https:\/\/www.hashtag.al\/?p=691695"},"modified":"2024-08-01T17:55:48","modified_gmt":"2024-08-01T15:55:48","slug":"irani-thote-se-nje-pjesetar-i-gardes-iu-vra-gjate-sulmit-izraelit-ne-bejrut","status":"publish","type":"post","link":"https:\/\/www.hashtag.al\/index.php\/2024\/08\/01\/irani-thote-se-nje-pjesetar-i-gardes-iu-vra-gjate-sulmit-izraelit-ne-bejrut\/","title":{"rendered":"Irani thot\u00eb se nj\u00eb pjes\u00ebtar i Gard\u00ebs iu vra gjat\u00eb sulmit izraelit n\u00eb Bejrut","gt_translate_keys":[{"key":"rendered","format":"text"}]},"content":{"rendered":"<p><span style=\"color: #000000;\"><a href=\"https:\/\/www.hashtag.al\/wp-content\/uploads\/2024\/08\/Screenshot-2024-08-01-174043.png\"><img loading=\"lazy\" decoding=\"async\" class=\"aligncenter size-full wp-image-691696\" src=\"https:\/\/www.hashtag.al\/wp-content\/uploads\/2024\/08\/Screenshot-2024-08-01-174043.png\" alt=\"\" width=\"1167\" height=\"676\" srcset=\"https:\/\/www.hashtag.al\/wp-content\/uploads\/2024\/08\/Screenshot-2024-08-01-174043.png 1167w, https:\/\/www.hashtag.al\/wp-content\/uploads\/2024\/08\/Screenshot-2024-08-01-174043-300x174.png 300w, https:\/\/www.hashtag.al\/wp-content\/uploads\/2024\/08\/Screenshot-2024-08-01-174043-1024x593.png 1024w, https:\/\/www.hashtag.al\/wp-content\/uploads\/2024\/08\/Screenshot-2024-08-01-174043-768x445.png 768w, https:\/\/www.hashtag.al\/wp-content\/uploads\/2024\/08\/Screenshot-2024-08-01-174043-250x145.png 250w\" sizes=\"auto, (max-width: 1167px) 100vw, 1167px\" \/><\/a><\/span><\/p>\n<p><span style=\"color: #000000;\">Milad Bidi, an\u00ebtar i Gard\u00ebs Revolucionare Islamike t\u00eb Iranit, \u00ebsht\u00eb vrar\u00eb gjat\u00eb sulmit ajror izraelit m\u00eb 30 korrik q\u00eb sh\u00ebnjestroi komandantin e lart\u00eb t\u00eb Hezbollahut, Fuad Shukr n\u00eb Bejrut t\u00eb Libanit.<\/span><\/p>\n<p><span style=\"color: #000000;\">Duke konfirmuar vdekjen e tij, komandanti i Gard\u00ebs Revolucionare, Hossein Salami, lavd\u00ebroi Bidin p\u00ebr \u201cluft\u00ebn e tij kund\u00ebr regjimit kriminal dhe pushtues zionist\u201d, duke iu referuar Izraelit, armikut t\u00eb Iranit.<\/span><\/p>\n<p><span style=\"color: #000000;\"><em>\u201cAi do t\u00eb jet\u00eb inspirim p\u00ebr rinin\u00eb ton\u00eb revolucionare\u201d,<\/em> tha Salami p\u00ebrmes nj\u00eb deklarate q\u00eb u publikua n\u00eb agjencin\u00eb e lajmeve Tasnim, p\u00ebrcjell <span style=\"color: #0000ff;\"><a style=\"color: #0000ff;\" href=\"https:\/\/www.evropaelire.org\/a\/iran-sulm-izraelit-bejrut-garda-\/33059619.html\">REL.<\/a><\/span><\/span><\/p>\n<p><span style=\"color: #000000;\">Bidi \u00ebsht\u00eb an\u00ebtari i dyt\u00eb i Gard\u00ebs t\u00eb Republik\u00ebs Islamike q\u00eb \u00ebsht\u00eb vrar\u00eb n\u00eb sulmet izraelite q\u00eb nga bombardimi i Ambasad\u00ebs iraniane n\u00eb Damask m\u00eb 1 prill. N\u00eb at\u00eb sulm mbet\u00ebn t\u00eb vrar\u00eb shtat\u00eb an\u00ebtar\u00eb t\u00eb Gar\u00ebs iraniane, p\u00ebrfshir\u00eb dy gjeneral\u00eb.<\/span><\/p>\n<p><span style=\"color: #000000;\">Irani u kund\u00ebrp\u00ebrgjigj duke gjuajtur nj\u00eb num\u00ebr t\u00eb paprecedent t\u00eb dron\u00ebve dhe raketave kund\u00ebr Izraelit, teksa Teherani paralajm\u00ebroi se do t\u2019i kund\u00ebrp\u00ebrgjigjej \u00e7do sulmi izraelit ndaj interesave t\u00eb tij n\u00eb rajon.<\/span><\/p>\n<p><span style=\"color: #000000;\">Shukr dhe Bidi u vran\u00eb disa or\u00eb para se Ismail Haniyeh, liderit politik t\u00eb Hamasit \u2013 grupit palestinez t\u00eb shpallur organizat\u00eb terroriste nga Shtetet e Bashkuara dhe Bashkimi Evropian \u2013 u vra n\u00eb Teheran.<\/span><\/p>\n<p><span style=\"color: #000000;\">Lideri suprem i Iranit, Ajatollah Ali Khamenei, tha se Irani \u201ce ka p\u00ebr detyr\u00eb\u201d q\u00eb t\u00eb hakmerret p\u00ebr vrasjen e shefit politik t\u00eb Hamasit. P\u00ebr vrasjen e tij, Irani dhe aleat\u00ebt e tij rajonal\u00eb kan\u00eb faj\u00ebsuar Izraelin.<\/span><\/p>\n<p><span style=\"color: #000000;\">T\u00eb pakt\u00ebn 20 an\u00ebtar\u00eb t\u00eb Gard\u00ebs Revolucionare Islamike t\u00eb Iranit jan\u00eb vrar\u00eb n\u00eb sulmet q\u00eb dyshohet se jan\u00eb kryer nga Izraeli n\u00eb Siri dhe Liban q\u00eb kur ka nisur lufta mes Izraelit dhe Hamasit n\u00eb Gaz\u00eb n\u00eb tetor t\u00eb vitit 2023.<\/span><\/p>\n","protected":false,"gt_translate_keys":[{"key":"rendered","format":"html"}]},"excerpt":{"rendered":"<p>Milad Bidi, an\u00ebtar i Gard\u00ebs Revolucionare Islamike t\u00eb Iranit, \u00ebsht\u00eb vrar\u00eb gjat\u00eb sulmit ajror izraelit m\u00eb 30 korrik q\u00eb sh\u00ebnjestroi komandantin e lart\u00eb t\u00eb Hezbollahut, Fuad Shukr n\u00eb Bejrut t\u00eb Libanit. Duke konfirmuar vdekjen e tij, komandanti i Gard\u00ebs Revolucionare, Hossein Salami, lavd\u00ebroi Bidin p\u00ebr \u201cluft\u00ebn e tij kund\u00ebr regjimit kriminal dhe pushtues zionist\u201d, duke [&hellip;]<\/p>\n","protected":false,"gt_translate_keys":[{"key":"rendered","format":"html"}]},"author":32,"featured_media":691696,"comment_status":"closed","ping_status":"open","sticky":false,"template":"","format":"standard","meta":{"footnotes":""},"categories":[6],"tags":[],"class_list":["post-691695","post","type-post","status-publish","format-standard","has-post-thumbnail","hentry","category-nderkombetare"],"gt_translate_keys":[{"key":"link","format":"url"}],"_links":{"self":[{"href":"https:\/\/www.hashtag.al\/index.php\/wp-json\/wp\/v2\/posts\/691695","targetHints":{"allow":["GET"]}}],"collection":[{"href":"https:\/\/www.hashtag.al\/index.php\/wp-json\/wp\/v2\/posts"}],"about":[{"href":"https:\/\/www.hashtag.al\/index.php\/wp-json\/wp\/v2\/types\/post"}],"author":[{"embeddable":true,"href":"https:\/\/www.hashtag.al\/index.php\/wp-json\/wp\/v2\/users\/32"}],"replies":[{"embeddable":true,"href":"https:\/\/www.hashtag.al\/index.php\/wp-json\/wp\/v2\/comments?post=691695"}],"version-history":[{"count":0,"href":"https:\/\/www.hashtag.al\/index.php\/wp-json\/wp\/v2\/posts\/691695\/revisions"}],"wp:featuredmedia":[{"embeddable":true,"href":"https:\/\/www.hashtag.al\/index.php\/wp-json\/wp\/v2\/media\/691696"}],"wp:attachment":[{"href":"https:\/\/www.hashtag.al\/index.php\/wp-json\/wp\/v2\/media?parent=691695"}],"wp:term":[{"taxonomy":"category","embeddable":true,"href":"https:\/\/www.hashtag.al\/index.php\/wp-json\/wp\/v2\/categories?post=691695"},{"taxonomy":"post_tag","embeddable":true,"href":"https:\/\/www.hashtag.al\/index.php\/wp-json\/wp\/v2\/tags?post=691695"}],"curies":[{"name":"wp","href":"https:\/\/api.w.org\/{rel}","templated":true}]}}