{"id":691660,"date":"2024-08-01T15:09:51","date_gmt":"2024-08-01T13:09:51","guid":{"rendered":"https:\/\/www.hashtag.al\/?p=691660"},"modified":"2024-08-01T15:09:51","modified_gmt":"2024-08-01T13:09:51","slug":"ish-kryeministri-izraelit-ska-paqe-ne-agjende-pas-vrasjes-se-liderit-te-hamasit","status":"publish","type":"post","link":"https:\/\/www.hashtag.al\/index.php\/2024\/08\/01\/ish-kryeministri-izraelit-ska-paqe-ne-agjende-pas-vrasjes-se-liderit-te-hamasit\/","title":{"rendered":"Ish-kryeministri izraelit: S\u2019ka paqe n\u00eb agjend\u00eb, pas vrasjes s\u00eb liderit t\u00eb Hamasit","gt_translate_keys":[{"key":"rendered","format":"text"}]},"content":{"rendered":"<p><span style=\"color: #000000;\"><a href=\"https:\/\/www.hashtag.al\/wp-content\/uploads\/2024\/08\/Screenshot-2024-08-01-145653.png\"><img loading=\"lazy\" decoding=\"async\" class=\"aligncenter size-full wp-image-691661\" src=\"https:\/\/www.hashtag.al\/wp-content\/uploads\/2024\/08\/Screenshot-2024-08-01-145653.png\" alt=\"\" width=\"1148\" height=\"647\" srcset=\"https:\/\/www.hashtag.al\/wp-content\/uploads\/2024\/08\/Screenshot-2024-08-01-145653.png 1148w, https:\/\/www.hashtag.al\/wp-content\/uploads\/2024\/08\/Screenshot-2024-08-01-145653-300x169.png 300w, https:\/\/www.hashtag.al\/wp-content\/uploads\/2024\/08\/Screenshot-2024-08-01-145653-1024x577.png 1024w, https:\/\/www.hashtag.al\/wp-content\/uploads\/2024\/08\/Screenshot-2024-08-01-145653-768x433.png 768w\" sizes=\"auto, (max-width: 1148px) 100vw, 1148px\" \/><\/a><\/span><\/p>\n<p><span style=\"color: #000000;\">Ish-kryeministri i Izraelit, Ehud Olmert, ka th\u00ebn\u00eb se vrasja n\u00eb Teheran e Ismail Haniyeh, liderit politik t\u00eb Hamasit \u2013 grupit t\u00eb shpallur terrorist nga SHBA dhe BE \u2013 nuk do t\u00eb ket\u00eb ndikim n\u00eb bisedimet p\u00ebr t\u2019i dh\u00ebn\u00eb fund luft\u00ebs mes Izraelit dhe Hamasit, sepse \u201c<em>paqja nuk \u00ebsht\u00eb n\u00eb agjend\u00eb n\u00eb k\u00ebt\u00eb koh\u00eb\u201d.<\/em><\/span><\/p>\n<p><span style=\"color: #000000;\">Olmert tha p\u00ebr sh\u00ebrbimin iranian t\u00eb Radios Evropa e Lir\u00eb m\u00eb 31 korrik se p\u00ebrgjigja e Iranit p\u00ebr vrasjen do t\u00eb form\u00ebsohet nga besimi i Teheranit se Izraeli e kreu sulmin, pavar\u00ebsisht se Izraeli nuk e ka marr\u00eb p\u00ebrgjegj\u00ebsin\u00eb.<\/span><\/p>\n<p><span style=\"color: #000000;\"><em>\u201cSe a e kemi b\u00ebr\u00eb ne apo jo, kjo ka pak r\u00ebnd\u00ebsi\u201d,<\/em> tha Olmert, i cili ka qen\u00eb i p\u00ebrfshir\u00eb n\u00eb p\u00ebrpjekjet e d\u00ebshtuara p\u00ebr ta arritur nj\u00eb marr\u00ebveshje p\u00ebr zgjidhjen me dy shtete me Autoritetin Palestinez derisa sh\u00ebrbeu si kryeminist\u00ebr nga viti 2006 deri n\u00eb vitin 2009.<\/span><\/p>\n<p><span style=\"color: #000000;\"><em>\u201cMe gjas\u00eb ata [Irani] do t\u00eb vendosin se si t\u00eb p\u00ebrgjigjen bazuar n\u00eb at\u00eb se \u00e7far\u00eb mendojn\u00eb se ka ndodhur\u201d.<\/em><\/span><\/p>\n<p><span style=\"color: #000000;\">Vdekja e Haniyehut n\u00eb tok\u00ebn iraniane dhe sulmet izraelite ndaj grupeve t\u00eb mb\u00ebshtetura nga Teherani, t\u00eb cilat p\u00ebrfshihen n\u00eb sulme kund\u00ebr Izraelit, kan\u00eb nxitur frik\u00eb p\u00ebr rrezikun e shp\u00ebrthimit t\u00eb nj\u00eb lufte t\u00eb drejtp\u00ebrdrejt\u00eb mes Iranit dhe Izraelit dhe p\u00ebr nj\u00eb konflikt t\u00eb gjer\u00eb n\u00eb Lindjen e Mesme.<\/span><\/p>\n<p><span style=\"color: #000000;\">Haniyeh u vra m\u00ebngjesin e 31 korrikut n\u00eb nj\u00eb lagje t\u00eb pasur n\u00eb Teheran, pak pasi kishte marr\u00eb pjes\u00eb n\u00eb ceremonin\u00eb e inaugurimit t\u00eb presidentit iranian, Masud Pezeshkian, n\u00eb Parlament.<\/span><\/p>\n<p><span style=\"color: #000000;\">Qeveria e Izraelit nuk ka komentuar vrasjen e tij, por lideri suprem i Iranit, Ayatollah Ali Khamenei, \u00ebsht\u00eb zotuar p\u00ebr hakmarrje kund\u00ebr Izraelit p\u00ebr vrasjen e tij.<\/span><\/p>\n<p><span style=\"color: #000000;\">Ne\u00eb York Times, duke cituar zyrtar\u00ebt iranian\u00eb, raportoi se Khamenei urdh\u00ebroi sulm t\u00eb drejtp\u00ebrdrejt\u00eb kund\u00ebr Izraelit gjat\u00eb nj\u00eb takimi emergjent t\u00eb K\u00ebshillit Suprem t\u00eb Siguris\u00eb Komb\u00ebtare t\u00eb Iranit m\u00eb 31 korrik.<\/span><\/p>\n<p><span style=\"color: #000000;\">Haniyeh u p\u00ebrfshi bujsh\u00ebm n\u00eb bisedimet e nd\u00ebrmjet\u00ebsuara nga nd\u00ebrkomb\u00ebtar\u00ebt n\u00eb arritjen e nj\u00eb arm\u00ebpushimi t\u00eb p\u00ebrhersh\u00ebm n\u00eb luft\u00ebn mes Izraelit dhe Hamasit. Lufta 10-mujore, e nxitur nga nj\u00eb sulm vdekjeprur\u00ebs i Hamasit n\u00eb Izrael m\u00eb 7 tetor, i ka l\u00ebn\u00eb t\u00eb vdekur gati 40.000 njer\u00ebz, kryesisht civil\u00eb, sipas zyrtar\u00ebve sh\u00ebndet\u00ebsor\u00eb n\u00eb Gaz\u00eb.<\/span><\/p>\n<p><span style=\"color: #000000;\">Vrasja e Haniyehut ndodhi nj\u00eb pasi Izraeli tha se e ka vrar\u00eb Fauk Shukr, komandantin e grupit libanez t\u00eb mb\u00ebshtetur nga Irani, Hezbollah, t\u00eb cilin e akuzoi p\u00ebr nj\u00eb sulm n\u00eb fundjav\u00eb n\u00eb t\u00eb cilin u vran\u00eb dhjet\u00ebra t\u00eb rinj n\u00eb Lart\u00ebsit\u00eb e Golanit, t\u00eb okupuara nga Izraeli.<\/span><\/p>\n<p><span style=\"color: #000000;\">Izraeli e ka p\u00ebrshkruar sulmin e 28 korrikut si m\u00eb vdekjeprur\u00ebsin prej 7 tetorit, kur Hamasi vrau 1.200 izraelit\u00eb dhe mori peng qindra t\u00eb tjer\u00eb.<\/span><\/p>\n<p><span style=\"color: #000000;\">Izraeli \u00ebsht\u00eb zotuar se do ta \u00e7rr\u00ebnjos\u00eb lidershipin e Hamasit pas sulmit t\u00eb 7 tetorit dhe lirimin e t\u00eb gjitha pengjeve q\u00eb po mbahen n\u00eb Gaz\u00eb.\/<span style=\"color: #0000ff;\"><a style=\"color: #0000ff;\" href=\"https:\/\/www.evropaelire.org\/a\/ishkryeministei-izraelit-ska-paqe-vrasja-hamas\/33059406.html\">REL<\/a><\/span><\/span><\/p>\n","protected":false,"gt_translate_keys":[{"key":"rendered","format":"html"}]},"excerpt":{"rendered":"<p>Ish-kryeministri i Izraelit, Ehud Olmert, ka th\u00ebn\u00eb se vrasja n\u00eb Teheran e Ismail Haniyeh, liderit politik t\u00eb Hamasit \u2013 grupit t\u00eb shpallur terrorist nga SHBA dhe BE \u2013 nuk do t\u00eb ket\u00eb ndikim n\u00eb bisedimet p\u00ebr t\u2019i dh\u00ebn\u00eb fund luft\u00ebs mes Izraelit dhe Hamasit, sepse \u201cpaqja nuk \u00ebsht\u00eb n\u00eb agjend\u00eb n\u00eb k\u00ebt\u00eb koh\u00eb\u201d. Olmert tha [&hellip;]<\/p>\n","protected":false,"gt_translate_keys":[{"key":"rendered","format":"html"}]},"author":32,"featured_media":691661,"comment_status":"closed","ping_status":"open","sticky":false,"template":"","format":"standard","meta":{"footnotes":""},"categories":[6],"tags":[],"class_list":["post-691660","post","type-post","status-publish","format-standard","has-post-thumbnail","hentry","category-nderkombetare"],"gt_translate_keys":[{"key":"link","format":"url"}],"_links":{"self":[{"href":"https:\/\/www.hashtag.al\/index.php\/wp-json\/wp\/v2\/posts\/691660","targetHints":{"allow":["GET"]}}],"collection":[{"href":"https:\/\/www.hashtag.al\/index.php\/wp-json\/wp\/v2\/posts"}],"about":[{"href":"https:\/\/www.hashtag.al\/index.php\/wp-json\/wp\/v2\/types\/post"}],"author":[{"embeddable":true,"href":"https:\/\/www.hashtag.al\/index.php\/wp-json\/wp\/v2\/users\/32"}],"replies":[{"embeddable":true,"href":"https:\/\/www.hashtag.al\/index.php\/wp-json\/wp\/v2\/comments?post=691660"}],"version-history":[{"count":0,"href":"https:\/\/www.hashtag.al\/index.php\/wp-json\/wp\/v2\/posts\/691660\/revisions"}],"wp:featuredmedia":[{"embeddable":true,"href":"https:\/\/www.hashtag.al\/index.php\/wp-json\/wp\/v2\/media\/691661"}],"wp:attachment":[{"href":"https:\/\/www.hashtag.al\/index.php\/wp-json\/wp\/v2\/media?parent=691660"}],"wp:term":[{"taxonomy":"category","embeddable":true,"href":"https:\/\/www.hashtag.al\/index.php\/wp-json\/wp\/v2\/categories?post=691660"},{"taxonomy":"post_tag","embeddable":true,"href":"https:\/\/www.hashtag.al\/index.php\/wp-json\/wp\/v2\/tags?post=691660"}],"curies":[{"name":"wp","href":"https:\/\/api.w.org\/{rel}","templated":true}]}}