{"id":691463,"date":"2024-07-31T15:49:24","date_gmt":"2024-07-31T13:49:24","guid":{"rendered":"https:\/\/www.hashtag.al\/?p=691463"},"modified":"2024-07-31T15:49:24","modified_gmt":"2024-07-31T13:49:24","slug":"irani-zotohet-te-hakmerret-per-vrasjen-e-udheheqesit-te-hamasit","status":"publish","type":"post","link":"https:\/\/www.hashtag.al\/index.php\/2024\/07\/31\/irani-zotohet-te-hakmerret-per-vrasjen-e-udheheqesit-te-hamasit\/","title":{"rendered":"Irani zotohet t\u00eb hakmerret p\u00ebr vrasjen e udh\u00ebheq\u00ebsit t\u00eb Hamasit","gt_translate_keys":[{"key":"rendered","format":"text"}]},"content":{"rendered":"<p><span style=\"color: #000000;\"><a href=\"https:\/\/www.hashtag.al\/wp-content\/uploads\/2024\/07\/Screenshot-2024-07-31-153859.png\"><img loading=\"lazy\" decoding=\"async\" class=\"aligncenter size-full wp-image-691464\" src=\"https:\/\/www.hashtag.al\/wp-content\/uploads\/2024\/07\/Screenshot-2024-07-31-153859.png\" alt=\"\" width=\"742\" height=\"412\" srcset=\"https:\/\/www.hashtag.al\/wp-content\/uploads\/2024\/07\/Screenshot-2024-07-31-153859.png 742w, https:\/\/www.hashtag.al\/wp-content\/uploads\/2024\/07\/Screenshot-2024-07-31-153859-300x167.png 300w\" sizes=\"auto, (max-width: 742px) 100vw, 742px\" \/><\/a><\/span><\/p>\n<p><span style=\"color: #000000;\">Irani zotohet t\u00eb hakmerret p\u00ebr vrasjen e liderit politik t\u00eb Hamasit, Ismail Haniyeh, i cili vdiq n\u00eb nj\u00eb sulm ajror gjat\u00eb nat\u00ebs n\u00eb Teheran, sipas mediave iraniane.<\/span><\/p>\n<p><span style=\"color: #000000;\">Hamasi dhe Irani faj\u00ebsojn\u00eb Izraelin p\u00ebr sulmin, nd\u00ebrkoh\u00eb Izraeli nuk ka komentuar, por m\u00eb par\u00eb \u00ebsht\u00eb zotuar t\u00eb eliminoj\u00eb lider\u00ebt e grupit, sipas <span style=\"color: #0000ff;\"><a style=\"color: #0000ff;\" href=\"https:\/\/www.bbc.com\/news\/live\/c4ng7g74xppt\">BBC.<\/a><\/span><\/span><\/p>\n<p><span style=\"color: #000000;\">Haniyeh, 62 vje\u00e7, \u00ebsht\u00eb udh\u00ebheq\u00ebsi m\u00eb i lart\u00eb q\u00eb \u00ebsht\u00eb vrar\u00eb q\u00eb nga sulmet e 7 tetorit.<\/span><\/p>\n<p><span style=\"color: #000000;\">Irani, mb\u00ebshtet\u00ebsi m\u00eb i r\u00ebnd\u00ebsish\u00ebm i Hamasit, shpalli tre dit\u00eb zie dhe premtoi &#8220;d\u00ebnim t\u00eb ashp\u00ebr&#8221; kund\u00ebr Izraelit<\/span><\/p>\n<p><span style=\"color: #000000;\">Vrasja, disa or\u00eb pas nj\u00eb sulmi izraelit ndaj nj\u00eb komandanti t\u00eb Hezbollahut n\u00eb Liban, rrit frik\u00ebn p\u00ebr nj\u00eb konflikt m\u00eb t\u00eb gjer\u00eb n\u00eb Lindjen e Mesme.<\/span><\/p>\n<p><span style=\"color: #000000;\">Vdekja e Haniyeh mund t\u00eb vonoj\u00eb gjithashtu p\u00ebrpjekjet p\u00ebr t\u00eb arritur nj\u00eb arm\u00ebpushim n\u00eb Gaza, pasi ai ishte nj\u00eb lojtar ky\u00e7 n\u00eb negociatat.<\/span><\/p>\n","protected":false,"gt_translate_keys":[{"key":"rendered","format":"html"}]},"excerpt":{"rendered":"<p>Irani zotohet t\u00eb hakmerret p\u00ebr vrasjen e liderit politik t\u00eb Hamasit, Ismail Haniyeh, i cili vdiq n\u00eb nj\u00eb sulm ajror gjat\u00eb nat\u00ebs n\u00eb Teheran, sipas mediave iraniane. Hamasi dhe Irani faj\u00ebsojn\u00eb Izraelin p\u00ebr sulmin, nd\u00ebrkoh\u00eb Izraeli nuk ka komentuar, por m\u00eb par\u00eb \u00ebsht\u00eb zotuar t\u00eb eliminoj\u00eb lider\u00ebt e grupit, sipas BBC. Haniyeh, 62 vje\u00e7, \u00ebsht\u00eb [&hellip;]<\/p>\n","protected":false,"gt_translate_keys":[{"key":"rendered","format":"html"}]},"author":32,"featured_media":691464,"comment_status":"closed","ping_status":"open","sticky":false,"template":"","format":"standard","meta":{"footnotes":""},"categories":[6],"tags":[],"class_list":["post-691463","post","type-post","status-publish","format-standard","has-post-thumbnail","hentry","category-nderkombetare"],"gt_translate_keys":[{"key":"link","format":"url"}],"_links":{"self":[{"href":"https:\/\/www.hashtag.al\/index.php\/wp-json\/wp\/v2\/posts\/691463","targetHints":{"allow":["GET"]}}],"collection":[{"href":"https:\/\/www.hashtag.al\/index.php\/wp-json\/wp\/v2\/posts"}],"about":[{"href":"https:\/\/www.hashtag.al\/index.php\/wp-json\/wp\/v2\/types\/post"}],"author":[{"embeddable":true,"href":"https:\/\/www.hashtag.al\/index.php\/wp-json\/wp\/v2\/users\/32"}],"replies":[{"embeddable":true,"href":"https:\/\/www.hashtag.al\/index.php\/wp-json\/wp\/v2\/comments?post=691463"}],"version-history":[{"count":0,"href":"https:\/\/www.hashtag.al\/index.php\/wp-json\/wp\/v2\/posts\/691463\/revisions"}],"wp:featuredmedia":[{"embeddable":true,"href":"https:\/\/www.hashtag.al\/index.php\/wp-json\/wp\/v2\/media\/691464"}],"wp:attachment":[{"href":"https:\/\/www.hashtag.al\/index.php\/wp-json\/wp\/v2\/media?parent=691463"}],"wp:term":[{"taxonomy":"category","embeddable":true,"href":"https:\/\/www.hashtag.al\/index.php\/wp-json\/wp\/v2\/categories?post=691463"},{"taxonomy":"post_tag","embeddable":true,"href":"https:\/\/www.hashtag.al\/index.php\/wp-json\/wp\/v2\/tags?post=691463"}],"curies":[{"name":"wp","href":"https:\/\/api.w.org\/{rel}","templated":true}]}}