{"id":691232,"date":"2024-07-30T16:18:29","date_gmt":"2024-07-30T14:18:29","guid":{"rendered":"https:\/\/www.hashtag.al\/?p=691232"},"modified":"2024-07-30T16:20:22","modified_gmt":"2024-07-30T14:20:22","slug":"akuzat-e-ahmetajt-tedi-blushi-spak-u-organizate-krimnale-e-rames-nuk-heton-korrupsionin","status":"publish","type":"post","link":"https:\/\/www.hashtag.al\/index.php\/2024\/07\/30\/akuzat-e-ahmetajt-tedi-blushi-spak-u-organizate-krimnale-e-rames-nuk-heton-korrupsionin\/","title":{"rendered":"Akuzat e Ahmetajt, Tedi Blushi: SPAK-u organizat\u00eb kriminale e Ram\u00ebs, nuk heton korrupsionin","gt_translate_keys":[{"key":"rendered","format":"text"}]},"content":{"rendered":"<p><span style=\"color: #000000;\"><a href=\"https:\/\/www.hashtag.al\/wp-content\/uploads\/2024\/07\/tedi-blushi-2-1.jpg\"><img loading=\"lazy\" decoding=\"async\" class=\"aligncenter size-full wp-image-691233\" src=\"https:\/\/www.hashtag.al\/wp-content\/uploads\/2024\/07\/tedi-blushi-2-1.jpg\" alt=\"\" width=\"1117\" height=\"659\" srcset=\"https:\/\/www.hashtag.al\/wp-content\/uploads\/2024\/07\/tedi-blushi-2-1.jpg 1117w, https:\/\/www.hashtag.al\/wp-content\/uploads\/2024\/07\/tedi-blushi-2-1-300x177.jpg 300w, https:\/\/www.hashtag.al\/wp-content\/uploads\/2024\/07\/tedi-blushi-2-1-1024x604.jpg 1024w, https:\/\/www.hashtag.al\/wp-content\/uploads\/2024\/07\/tedi-blushi-2-1-768x453.jpg 768w\" sizes=\"auto, (max-width: 1117px) 100vw, 1117px\" \/><\/a><\/span><\/p>\n<p><span style=\"color: #000000;\">Sekretari i P\u00ebrgjithsh\u00ebm i Partis\u00eb s\u00eb Liris\u00eb, Tedi Blushi ka reaguar p\u00ebrmes nj\u00eb deklarate lidhur me pretendimet e Arben Ahmetajt s\u00eb fundmi n\u00eb media.<\/span><\/p>\n<p><span style=\"color: #000000;\">Sipas Blushit, Ahmetaj ka th\u00ebn\u00eb me prova ato q\u00eb opozita ka denoncuar prej shum\u00eb koh\u00ebsh. Afera p\u00ebr t\u00eb cilat institucionet sipas tij nuk reagojn\u00eb.<\/span><\/p>\n<p><span style=\"color: #000000;\">Sipas Blushit, SPAK-u \u00ebsht\u00eb kthyer n\u00eb organizat\u00ebn m\u00eb t\u00eb rrezikshme kriminale n\u00eb sh\u00ebrbim t\u00eb Edi Ram\u00ebs, q\u00eb jo vet\u00ebm nuk e lufton, por as ka vullnet p\u00ebr t\u00eb hetuar korrupsionin.<\/span><\/p>\n<p>&nbsp;<\/p>\n<p><span style=\"color: #000000;\">Deklarata e Tedi Blushit:<\/span><\/p>\n<p><span style=\"color: #000000;\"><em>D\u00ebshmia trondit\u00ebse e ish-Zv\/Kryeministrit Arben Ahmetaj, ish-krahut t\u00eb djatht\u00eb t\u00eb Edi Ram\u00ebs p\u00ebr ekonomin\u00eb n\u00eb dhjet\u00eb vite provoi para t\u00eb gjith\u00eb shqiptar\u00ebve inkriminimin e tmerrsh\u00ebm dhe korrupsionin skizofrenik dhe familjar t\u00eb Edi Ram\u00ebs dhe Erion Veliaj.<\/em><\/span><\/p>\n<p><span style=\"color: #000000;\"><em>Me prova dhe fakte t\u00eb reja, Ahmetaj provoi degjenerimin total t\u00eb sistemit t\u00eb drejt\u00ebsis\u00eb, n\u00eb nj\u00eb veg\u00ebl qorre politike n\u00eb duart e Edi Ram\u00ebs, q\u00eb ka kapur p\u00ebr fyti t\u00eb SPAK-un dhe q\u00eb po keqp\u00ebrdor mizorisht Altin Dumanin si \u201cvras\u00ebs me pages\u00eb\u201d t\u00eb pluralizimit, opozit\u00ebs dhe kund\u00ebrshtar\u00ebve politik\u00eb t\u00eb Kryeministrit.<\/em><\/span><\/p>\n<p><span style=\"color: #000000;\"><em>Arben Ahmetaj faktoi dje v\u00ebrtet\u00ebsin\u00eb e akuzave shum\u00eb t\u00eb drejta t\u00eb opozit\u00ebs se Edi Rama dhe Erion Veliaj jan\u00eb dy pronar\u00ebt faktik\u00eb t\u00eb inceneratorit fantazm\u00eb t\u00eb Tiran\u00ebs dhe p\u00ebrfituesit e drejtp\u00ebrdrejt\u00eb t\u00eb 700 milion euro taksa t\u00eb shqiptar\u00ebve.<\/em><\/span><\/p>\n<p><span style=\"color: #000000;\"><em>Lidhja e n\u00ebndheshme q\u00eb ekziston mes \u201cbossit\u201d Edi Rama dhe \u201cvart\u00ebsit\u201d Altin Dumani e denoncuar dje bot\u00ebrisht nga Ahmetaj shpjegon \u201caf\u00ebrmendsh\u201d arsyen pse megafera e inceneratorit t\u00eb Tiran\u00ebs cil\u00ebsohet si \u201ckrim intelektual, i v\u00ebshtir\u00eb p\u00ebr t\u2019u zbardhur\u201d nga kreu i SPAK.<\/em><\/span><\/p>\n<p><span style=\"color: #000000;\"><em>Nuk ka asnj\u00eb dyshim se SPAK. \u00ebsht\u00eb kthyer sot n\u00eb organizat\u00ebn m\u00eb t\u00eb rrezikshme kriminale n\u00eb sh\u00ebrbim t\u00eb Edi Ram\u00ebs, q\u00eb jo vet\u00ebm nuk po lufton, por as ka vullnet p\u00ebr t\u00eb hetuar korrupsionin, p\u00ebrkundrazi.<\/em><\/span><\/p>\n<p><span style=\"color: #000000;\"><em>\u00cbsht\u00eb fakt se SPAK. po godet prej koh\u00ebsh denoncuesit e korrupsionit t\u00eb tmerrsh\u00ebm t\u00eb Edi Ram\u00ebs, por jo korrupsionin q\u00eb b\u00ebn dhe ku \u00ebsht\u00eb p\u00ebrfshir\u00eb drejtp\u00ebrdrejt Edi Rama.<\/em><\/span><\/p>\n<p><span style=\"color: #000000;\"><em>Ndaj nuk arrestohet Erion Veliaj p\u00ebr inceneratorin e Tiran\u00ebs dhe 6 miliard euro tendera me 5D-t\u00eb e tij, ndaj nuk hetohen 13 miliard euro tendera t\u00eb Qeveris\u00eb vet\u00ebm n\u00eb infrastruktur\u00eb e sh\u00ebndet\u00ebsi, ndaj nuk hetohet afera e AKSHI-t, ndaj nuk zbardhet dosja \u201cEcoPark\u201d ku jan\u00eb implikuar familjar\u00ebt e af\u00ebrt t\u00eb Kryeministrit me vet\u00eb firm\u00ebn e Edi Ram\u00ebs.<\/em><\/span><\/p>\n<p><span style=\"color: #000000;\"><em>Asnj\u00eb reagim nuk ka as p\u00ebr skandalin e r\u00ebnd\u00eb \u201cMcGonigal\u201d, korruptimin e zyrtarit t\u00eb lart\u00eb amerikan t\u00eb FBI me para t\u00eb pista t\u00eb paguara direkt nga Edi Rama, n\u00eb takimet e tij t\u00eb fshehta me emisar\u00eb, nga Tirana n\u00eb Uashington, nga Vjena n\u00eb Dubai, si\u00e7 e provoi dje bot\u00ebrisht edhe Arben Ahmetaj.<\/em><\/span><\/p>\n<p><span style=\"color: #000000;\"><em>Skandalet q\u00eb denoncoi ish-Zv\/Kryeministri i Edi Ram\u00ebs meritojn\u00eb nj\u00eb hetim t\u00eb thelluar dhe shum\u00eb serioz.<\/em><\/span><\/p>\n<p><span style=\"color: #000000;\"><em>6 miliard euro tendera n\u00eb Bashkin\u00eb e Tiran\u00ebs dhe 700 milion euro t\u00eb inceneratorit fantazm\u00eb t\u00eb Tiran\u00eb nuk mund t\u00eb mbulohen me disa drejtor\u00eb Bashkie t\u00eb arrestuar dhe as duke arrestuar disa kryetare bashkie n\u00eb rrethe q\u00eb menaxhojn\u00eb fonde modeste.<\/em><\/span><\/p>\n<p><span style=\"color: #000000;\"><em>Mbi 13 miliarda euro tendera t\u00eb Edi Ram\u00ebs n\u00eb infrastruktur\u00eb dhe sh\u00ebndet\u00ebsi nuk mund t\u00eb mbulohen dot me disa ndalime drejtor\u00ebsh apo ish-ministrash q\u00eb vet\u00ebsh\u00ebrbehen si \u201csapun\u201d p\u00ebr t\u00eb shplar\u00eb nga burgu fytyr\u00ebn kriminale t\u00eb Qeveris\u00eb m\u00eb t\u00eb korruptuar t\u00eb kontinentit.<\/em><\/span><\/p>\n<p><span style=\"color: #000000;\"><em>Vet\u00ebm duke arrestuar Edi Ram\u00ebn dhe Erion Veliaj mund t\u00eb thuhet se SPAK. po punon.<\/em><\/span><\/p>\n<p><span style=\"color: #000000;\"><em>SPAK. u krijua p\u00ebr t\u2019i dh\u00ebn\u00eb fund pand\u00ebshkueshm\u00ebris\u00eb n\u00eb nivelet m\u00eb t\u00eb larta, por jo p\u00ebr t\u00eb marr\u00eb n\u00eb pyetje nj\u00eb fshat t\u00eb t\u00ebr\u00eb p\u00ebr nj\u00eb autokombajn\u00eb, apo p\u00ebr t\u00eb arrestuar disa drejtor\u00eb, zv\/ministra p\u00ebr nj\u00eb ark\u00eb sardele apo ministra bedela q\u00eb vet\u00ebofrohen p\u00ebr t\u00eb b\u00ebr\u00eb burg n\u00eb vend t\u00eb Edi Ram\u00ebs.<\/em><\/span><\/p>\n<p><span style=\"color: #000000;\"><em>\u2013 Pron\u00ebsia faktike e Edi Ram\u00ebs dhe Erion Veliaj tek inceneratori i Tiran\u00ebs dhe miliarda euro tendera t\u00eb Bashkis\u00eb,<\/em><\/span><\/p>\n<p><span style=\"color: #000000;\"><em>\u2013 Afera Mc.Gonigal,<\/em><\/span><\/p>\n<p><span style=\"color: #000000;\"><em>\u2013 Afera e \u201cEcoparkut\u201d dhe AKSHI-t,<\/em><\/span><\/p>\n<p><span style=\"color: #000000;\"><em>\u2013 Tenderat korruptiv\u00eb n\u00eb infrastruktur\u00eb dhe tuneli i Llogaras\u00eb, t\u00eb denoncuara dje nga Arben Ahmetaj jan\u00eb prova p\u00ebrv\u00ebluese q\u00eb n\u00ebse nuk hetohen, bashk\u00eb me Edi Ram\u00ebn dhe Erion Veliaj do t\u00eb p\u00ebrv\u00eblojn\u00eb edhe vet\u00eb SPAK-un n\u00eb zjarrin e revolt\u00ebs qytetare.<\/em><\/span><\/p>\n<p><span style=\"color: #000000;\"><em>Faleminderit<\/em><\/span><\/p>\n","protected":false,"gt_translate_keys":[{"key":"rendered","format":"html"}]},"excerpt":{"rendered":"<p>Sekretari i P\u00ebrgjithsh\u00ebm i Partis\u00eb s\u00eb Liris\u00eb, Tedi Blushi ka reaguar p\u00ebrmes nj\u00eb deklarate lidhur me pretendimet e Arben Ahmetajt s\u00eb fundmi n\u00eb media. Sipas Blushit, Ahmetaj ka th\u00ebn\u00eb me prova ato q\u00eb opozita ka denoncuar prej shum\u00eb koh\u00ebsh. Afera p\u00ebr t\u00eb cilat institucionet sipas tij nuk reagojn\u00eb. Sipas Blushit, SPAK-u \u00ebsht\u00eb kthyer n\u00eb organizat\u00ebn [&hellip;]<\/p>\n","protected":false,"gt_translate_keys":[{"key":"rendered","format":"html"}]},"author":32,"featured_media":691233,"comment_status":"closed","ping_status":"open","sticky":false,"template":"","format":"standard","meta":{"footnotes":""},"categories":[65],"tags":[],"class_list":["post-691232","post","type-post","status-publish","format-standard","has-post-thumbnail","hentry","category-lajme"],"gt_translate_keys":[{"key":"link","format":"url"}],"_links":{"self":[{"href":"https:\/\/www.hashtag.al\/index.php\/wp-json\/wp\/v2\/posts\/691232","targetHints":{"allow":["GET"]}}],"collection":[{"href":"https:\/\/www.hashtag.al\/index.php\/wp-json\/wp\/v2\/posts"}],"about":[{"href":"https:\/\/www.hashtag.al\/index.php\/wp-json\/wp\/v2\/types\/post"}],"author":[{"embeddable":true,"href":"https:\/\/www.hashtag.al\/index.php\/wp-json\/wp\/v2\/users\/32"}],"replies":[{"embeddable":true,"href":"https:\/\/www.hashtag.al\/index.php\/wp-json\/wp\/v2\/comments?post=691232"}],"version-history":[{"count":0,"href":"https:\/\/www.hashtag.al\/index.php\/wp-json\/wp\/v2\/posts\/691232\/revisions"}],"wp:featuredmedia":[{"embeddable":true,"href":"https:\/\/www.hashtag.al\/index.php\/wp-json\/wp\/v2\/media\/691233"}],"wp:attachment":[{"href":"https:\/\/www.hashtag.al\/index.php\/wp-json\/wp\/v2\/media?parent=691232"}],"wp:term":[{"taxonomy":"category","embeddable":true,"href":"https:\/\/www.hashtag.al\/index.php\/wp-json\/wp\/v2\/categories?post=691232"},{"taxonomy":"post_tag","embeddable":true,"href":"https:\/\/www.hashtag.al\/index.php\/wp-json\/wp\/v2\/tags?post=691232"}],"curies":[{"name":"wp","href":"https:\/\/api.w.org\/{rel}","templated":true}]}}