{"id":691133,"date":"2024-07-30T07:39:13","date_gmt":"2024-07-30T05:39:13","guid":{"rendered":"https:\/\/www.hashtag.al\/?p=691133"},"modified":"2024-07-30T07:39:13","modified_gmt":"2024-07-30T05:39:13","slug":"hidhet-lende-plasese-ne-tarracen-e-nje-lokali-ne-velipoje","status":"publish","type":"post","link":"https:\/\/www.hashtag.al\/index.php\/2024\/07\/30\/hidhet-lende-plasese-ne-tarracen-e-nje-lokali-ne-velipoje\/","title":{"rendered":"Hidhet l\u00ebnd\u00eb plas\u00ebse n\u00eb tarrac\u00ebn e nj\u00eb lokali n\u00eb Velipoj\u00eb","gt_translate_keys":[{"key":"rendered","format":"text"}]},"content":{"rendered":"<p style=\"text-align: left;\"><span style=\"color: #000000;\"><img loading=\"lazy\" decoding=\"async\" class=\"size-full wp-image-669521 aligncenter\" src=\"https:\/\/www.hashtag.al\/wp-content\/uploads\/2024\/04\/policiaA1.jpg\" alt=\"\" width=\"699\" height=\"407\" srcset=\"https:\/\/www.hashtag.al\/wp-content\/uploads\/2024\/04\/policiaA1.jpg 699w, https:\/\/www.hashtag.al\/wp-content\/uploads\/2024\/04\/policiaA1-300x175.jpg 300w, https:\/\/www.hashtag.al\/wp-content\/uploads\/2024\/04\/policiaA1-250x145.jpg 250w\" sizes=\"auto, (max-width: 699px) 100vw, 699px\" \/><\/span><\/p>\n<p style=\"text-align: left;\"><span style=\"color: #000000;\">Burime zyrtare b\u00ebjn\u00eb me dije se \u00ebsht\u00eb hedhur l\u00ebnd\u00eb plas\u00ebse n\u00eb tarrac\u00ebn e nj\u00eb lokali. Ngjarja ndodhi rreth or\u00ebs 03:45, n\u00eb fshatin \u201cRrjoll\u201d n\u00eb Velipoj\u00eb.<\/span><\/p>\n<p style=\"text-align: left;\"><span style=\"color: #000000;\"><strong>Shkod\u00ebr\/Informacion paraprak<\/strong><\/span><\/p>\n<div id=\"taboola-sponsored-mid-article\" class=\"trc_related_container trc_spotlight_widget tbl-trecs-container trc_elastic trc_elastic_sc-ma-balkanweb\" style=\"text-align: left;\" data-placement-name=\"Sponsored Mid Article\">\n<div class=\"trc_rbox_container\">\n<div>\n<div id=\"trc_wrapper_136741360\" class=\"trc_rbox sc-ma-balkanweb trc-content-sponsored\">\n<div id=\"outer_136741360\" class=\"trc_rbox_outer\">\n<div id=\"rbox-t2m\" class=\"trc_rbox_div trc_rbox_border_elm\">\n<div id=\"internal_trc_136741360\">\n<div class=\"videoCube trc_spotlight_item origin-default textItem thumbnail_top videoCube_1_child syndicatedItem trc-first-recommendation trc-spotlight-first-recommendation trc_excludable\" data-item-id=\"~~V1~~-1785464348568798269~~2mwj36EsfLH1pef9EMj0d-HqVjWqNXbEwiYUbYqD3rXnoZueAsnM0UTkqRiz-o8uuhZmRcnnuCUbiSY1Wal6yaj1YIlunMo99NuYUZjiwxQ1okyiHAQZ6feZxlhn09cSCkrQ19BmrwN1DWq7cGECmORLGLP4X1Djm4U2PW11cN50rjU-dX_6bxEyl_SLeG_0Pswpza8FHSxVbGJza-IJ4UnmKFd-vZPMoEVh7qXBZrVZB8DaX6O8pcEwqSfmCEst3EAOa5XCqoOiDwrDXaXUSbqtfNB9PSjDBlig62vbwfc\" data-item-title=\"Looking for a soulmate!\" data-item-thumb=\"https:\/\/cdn.taboola.com\/libtrc\/static\/thumbnails\/53482a9dd5c5580eb1e7cec135814d27.jpg\" data-item-syndicated=\"true\">\n<div class=\"thumbBlock_holder\"><\/div>\n<\/div>\n<\/div>\n<\/div>\n<\/div>\n<\/div>\n<\/div>\n<\/div>\n<\/div>\n<p style=\"text-align: left;\"><span style=\"color: #000000;\">Rreth or\u00ebs 03:45, n\u00eb fshatin \u201cRrjoll\u201d, Velipoj\u00eb, n\u00eb tarrac\u00ebn e lokalit t\u00eb shtetasit A. D., 35 vje\u00e7, \u00ebsht\u00eb hedhur nj\u00eb sasi e vog\u00ebl l\u00ebnd\u00eb plas\u00ebse.<\/span><\/p>\n<p style=\"text-align: left;\"><span style=\"color: #000000;\">Si pasoj\u00eb ka vet\u00ebm d\u00ebme t\u00eb vogla materiale. Grupi hetimor n\u00ebn drejtimin e Prokuroris\u00eb vijon veprimet p\u00ebr sigurimin e provave me q\u00ebllim identifikimin dhe kapjen e autorit\/ve.<\/span><\/p>\n","protected":false,"gt_translate_keys":[{"key":"rendered","format":"html"}]},"excerpt":{"rendered":"<p>Burime zyrtare b\u00ebjn\u00eb me dije se \u00ebsht\u00eb hedhur l\u00ebnd\u00eb plas\u00ebse n\u00eb tarrac\u00ebn e nj\u00eb lokali. Ngjarja ndodhi rreth or\u00ebs 03:45, n\u00eb fshatin \u201cRrjoll\u201d n\u00eb Velipoj\u00eb. Shkod\u00ebr\/Informacion paraprak Rreth or\u00ebs 03:45, n\u00eb fshatin \u201cRrjoll\u201d, Velipoj\u00eb, n\u00eb tarrac\u00ebn e lokalit t\u00eb shtetasit A. D., 35 vje\u00e7, \u00ebsht\u00eb hedhur nj\u00eb sasi e vog\u00ebl l\u00ebnd\u00eb plas\u00ebse. Si pasoj\u00eb ka [&hellip;]<\/p>\n","protected":false,"gt_translate_keys":[{"key":"rendered","format":"html"}]},"author":4,"featured_media":669521,"comment_status":"closed","ping_status":"open","sticky":false,"template":"","format":"standard","meta":{"footnotes":""},"categories":[65],"tags":[],"class_list":["post-691133","post","type-post","status-publish","format-standard","has-post-thumbnail","hentry","category-lajme"],"gt_translate_keys":[{"key":"link","format":"url"}],"_links":{"self":[{"href":"https:\/\/www.hashtag.al\/index.php\/wp-json\/wp\/v2\/posts\/691133","targetHints":{"allow":["GET"]}}],"collection":[{"href":"https:\/\/www.hashtag.al\/index.php\/wp-json\/wp\/v2\/posts"}],"about":[{"href":"https:\/\/www.hashtag.al\/index.php\/wp-json\/wp\/v2\/types\/post"}],"author":[{"embeddable":true,"href":"https:\/\/www.hashtag.al\/index.php\/wp-json\/wp\/v2\/users\/4"}],"replies":[{"embeddable":true,"href":"https:\/\/www.hashtag.al\/index.php\/wp-json\/wp\/v2\/comments?post=691133"}],"version-history":[{"count":0,"href":"https:\/\/www.hashtag.al\/index.php\/wp-json\/wp\/v2\/posts\/691133\/revisions"}],"wp:featuredmedia":[{"embeddable":true,"href":"https:\/\/www.hashtag.al\/index.php\/wp-json\/wp\/v2\/media\/669521"}],"wp:attachment":[{"href":"https:\/\/www.hashtag.al\/index.php\/wp-json\/wp\/v2\/media?parent=691133"}],"wp:term":[{"taxonomy":"category","embeddable":true,"href":"https:\/\/www.hashtag.al\/index.php\/wp-json\/wp\/v2\/categories?post=691133"},{"taxonomy":"post_tag","embeddable":true,"href":"https:\/\/www.hashtag.al\/index.php\/wp-json\/wp\/v2\/tags?post=691133"}],"curies":[{"name":"wp","href":"https:\/\/api.w.org\/{rel}","templated":true}]}}