{"id":691023,"date":"2024-07-29T17:01:27","date_gmt":"2024-07-29T15:01:27","guid":{"rendered":"https:\/\/www.hashtag.al\/?p=691023"},"modified":"2024-07-29T17:01:27","modified_gmt":"2024-07-29T15:01:27","slug":"zjarri-perfshin-masivin-pyjor-te-zavalines-ne-elbasan","status":"publish","type":"post","link":"https:\/\/www.hashtag.al\/index.php\/2024\/07\/29\/zjarri-perfshin-masivin-pyjor-te-zavalines-ne-elbasan\/","title":{"rendered":"Zjarri p\u00ebrfshin masivin pyjor t\u00eb Zavalin\u00ebs n\u00eb Elbasan","gt_translate_keys":[{"key":"rendered","format":"text"}]},"content":{"rendered":"<p><span style=\"color: #000000;\"><a href=\"https:\/\/www.hashtag.al\/wp-content\/uploads\/2024\/07\/WhatsApp-Image-2024-07-29-at-16.36.58-770x374-1.jpeg\"><img loading=\"lazy\" decoding=\"async\" class=\"aligncenter size-full wp-image-691024\" src=\"https:\/\/www.hashtag.al\/wp-content\/uploads\/2024\/07\/WhatsApp-Image-2024-07-29-at-16.36.58-770x374-1.jpeg\" alt=\"\" width=\"770\" height=\"374\" srcset=\"https:\/\/www.hashtag.al\/wp-content\/uploads\/2024\/07\/WhatsApp-Image-2024-07-29-at-16.36.58-770x374-1.jpeg 770w, https:\/\/www.hashtag.al\/wp-content\/uploads\/2024\/07\/WhatsApp-Image-2024-07-29-at-16.36.58-770x374-1-300x146.jpeg 300w, https:\/\/www.hashtag.al\/wp-content\/uploads\/2024\/07\/WhatsApp-Image-2024-07-29-at-16.36.58-770x374-1-768x373.jpeg 768w\" sizes=\"auto, (max-width: 770px) 100vw, 770px\" \/><\/a><\/span><\/p>\n<p><span style=\"color: #000000;\">Nj\u00eb vat\u00ebr zjarri e p\u00ebrmasave t\u00eb m\u00ebdha ka p\u00ebrfshir\u00eb nj\u00eb pjes\u00eb t\u00eb masivit pyjor t\u00eb Zavalin\u00ebs n\u00eb Nj\u00ebsin\u00eb Administrative Gjinar t\u00eb Bashkis\u00eb s\u00eb Elbasanit<\/span><\/p>\n<p><span style=\"color: #000000;\">Burime zyrtare konfirmuan se v\u00ebnia e flak\u00ebve n\u00ebn kontroll p\u00ebr momentin \u00ebsht\u00eb mjaft e v\u00ebshtir\u00eb.<\/span><\/p>\n<p><span style=\"color: #000000;\">Kjo p\u00ebr faktin se zona e \u201d pushtuar\u201d nga flak\u00ebt ndodhet n\u00eb nj\u00eb terren t\u00eb v\u00ebshtir\u00eb malor<\/span><\/p>\n<p><span style=\"color: #000000;\">N\u00eb vendngjarje ndodhen zjarrfik\u00ebsit si edhe forcat e ushtris\u00eb dhe t\u00eb emergjencave civile.<\/span><\/p>\n<p><span style=\"color: #000000;\">Ky \u00ebsht\u00eb zjarri m\u00eb i madh q\u00eb ka p\u00ebrfshir\u00eb gjat\u00eb k\u00ebsaj vere pyjet e Qarkut t\u00eb Elbasanit, nd\u00ebrkoh\u00eb q\u00eb po punohet me forca t\u00eb shumta p\u00ebr izolimin e tij .<\/span><\/p>\n","protected":false,"gt_translate_keys":[{"key":"rendered","format":"html"}]},"excerpt":{"rendered":"<p>Nj\u00eb vat\u00ebr zjarri e p\u00ebrmasave t\u00eb m\u00ebdha ka p\u00ebrfshir\u00eb nj\u00eb pjes\u00eb t\u00eb masivit pyjor t\u00eb Zavalin\u00ebs n\u00eb Nj\u00ebsin\u00eb Administrative Gjinar t\u00eb Bashkis\u00eb s\u00eb Elbasanit Burime zyrtare konfirmuan se v\u00ebnia e flak\u00ebve n\u00ebn kontroll p\u00ebr momentin \u00ebsht\u00eb mjaft e v\u00ebshtir\u00eb. Kjo p\u00ebr faktin se zona e \u201d pushtuar\u201d nga flak\u00ebt ndodhet n\u00eb nj\u00eb terren t\u00eb v\u00ebshtir\u00eb [&hellip;]<\/p>\n","protected":false,"gt_translate_keys":[{"key":"rendered","format":"html"}]},"author":32,"featured_media":691024,"comment_status":"closed","ping_status":"open","sticky":false,"template":"","format":"standard","meta":{"footnotes":""},"categories":[65],"tags":[],"class_list":["post-691023","post","type-post","status-publish","format-standard","has-post-thumbnail","hentry","category-lajme"],"gt_translate_keys":[{"key":"link","format":"url"}],"_links":{"self":[{"href":"https:\/\/www.hashtag.al\/index.php\/wp-json\/wp\/v2\/posts\/691023","targetHints":{"allow":["GET"]}}],"collection":[{"href":"https:\/\/www.hashtag.al\/index.php\/wp-json\/wp\/v2\/posts"}],"about":[{"href":"https:\/\/www.hashtag.al\/index.php\/wp-json\/wp\/v2\/types\/post"}],"author":[{"embeddable":true,"href":"https:\/\/www.hashtag.al\/index.php\/wp-json\/wp\/v2\/users\/32"}],"replies":[{"embeddable":true,"href":"https:\/\/www.hashtag.al\/index.php\/wp-json\/wp\/v2\/comments?post=691023"}],"version-history":[{"count":0,"href":"https:\/\/www.hashtag.al\/index.php\/wp-json\/wp\/v2\/posts\/691023\/revisions"}],"wp:featuredmedia":[{"embeddable":true,"href":"https:\/\/www.hashtag.al\/index.php\/wp-json\/wp\/v2\/media\/691024"}],"wp:attachment":[{"href":"https:\/\/www.hashtag.al\/index.php\/wp-json\/wp\/v2\/media?parent=691023"}],"wp:term":[{"taxonomy":"category","embeddable":true,"href":"https:\/\/www.hashtag.al\/index.php\/wp-json\/wp\/v2\/categories?post=691023"},{"taxonomy":"post_tag","embeddable":true,"href":"https:\/\/www.hashtag.al\/index.php\/wp-json\/wp\/v2\/tags?post=691023"}],"curies":[{"name":"wp","href":"https:\/\/api.w.org\/{rel}","templated":true}]}}