{"id":691001,"date":"2024-07-29T14:50:27","date_gmt":"2024-07-29T12:50:27","guid":{"rendered":"https:\/\/www.hashtag.al\/?p=691001"},"modified":"2024-07-29T14:50:27","modified_gmt":"2024-07-29T12:50:27","slug":"kerkoi-zbutje-te-mases-se-sigurise-gjkko-le-ne-burg-bujar-ajetin","status":"publish","type":"post","link":"https:\/\/www.hashtag.al\/index.php\/2024\/07\/29\/kerkoi-zbutje-te-mases-se-sigurise-gjkko-le-ne-burg-bujar-ajetin\/","title":{"rendered":"K\u00ebrkoi zbutje t\u00eb mas\u00ebs s\u00eb siguris\u00eb, GJKKO l\u00eb n\u00eb burg Bujar Ajetin","gt_translate_keys":[{"key":"rendered","format":"text"}]},"content":{"rendered":"<p><span style=\"color: #000000;\"><a href=\"https:\/\/www.hashtag.al\/wp-content\/uploads\/2024\/07\/1700948514_bujargermizi.jpeg\"><img loading=\"lazy\" decoding=\"async\" class=\"aligncenter size-full wp-image-691002\" src=\"https:\/\/www.hashtag.al\/wp-content\/uploads\/2024\/07\/1700948514_bujargermizi.jpeg\" alt=\"\" width=\"780\" height=\"440\" srcset=\"https:\/\/www.hashtag.al\/wp-content\/uploads\/2024\/07\/1700948514_bujargermizi.jpeg 780w, https:\/\/www.hashtag.al\/wp-content\/uploads\/2024\/07\/1700948514_bujargermizi-300x169.jpeg 300w, https:\/\/www.hashtag.al\/wp-content\/uploads\/2024\/07\/1700948514_bujargermizi-768x433.jpeg 768w\" sizes=\"auto, (max-width: 780px) 100vw, 780px\" \/><\/a><\/span><\/p>\n<p><span style=\"color: #000000;\">Gjykata e Posa\u00e7me ka refuzuar t\u00eb liroj\u00eb nga paraburgimi Bujar Ajetin (Gjermizi) n\u00eb hetim p\u00ebr vrasjen e dy v\u00ebllez\u00ebrve Nela.<\/span><\/p>\n<p><span style=\"color: #000000;\">Bujar Ajeti u arrestua n\u00eb n\u00ebntor 2023 me urdh\u00ebr t\u00eb SPAK, ku p\u00ebrve\u00e7 tij, ran\u00eb n\u00eb pranga edhe Dedan Gjoni, ish-shef i krimeve n\u00eb Komisariatin nr. 6, Bujar Ajeti si dhe Besmir Murtati dhe ish z\u00ebvend\u00ebsdrejtori i policis\u00eb s\u00eb Tiran\u00ebs, Erzen Bre\u00e7ani.<\/span><\/p>\n<p><span style=\"color: #000000;\">N\u00eb dosjen e SPAK, Germizi akuzohet se n\u00eb bashk\u00ebpunim me Mustafin dhe shefin e Krimeve Gjoni ka planifikuar vrasjen e dy v\u00ebllez\u00ebrve q\u00eb jetojn\u00eb n\u00eb Britani t\u00eb Madhe.<\/span><\/p>\n<p><span style=\"color: #000000;\">Ata kan\u00eb dashur t\u00eb vrasin Albert dhe Edmond Nela nga Kuk\u00ebsi dhe dyshohet se shkak ishte b\u00ebr\u00eb konflikti p\u00ebr trafikun e l\u00ebnd\u00ebve narkotike.<\/span><\/p>\n<p>&nbsp;<\/p>\n<p><span style=\"color: #000000;\">NJOFTIMI<\/span><\/p>\n<ol>\n<li><span style=\"color: #000000;\"><em> K\u00ebrkuesi Bujar Ajeti (Gjermizi), m\u00eb dat\u00eb 09.07.2024 ka paraqitur pran\u00eb Gjykat\u00ebs k\u00ebrkes\u00ebn me objekt: \u201c1. Verifikimin e nevojave t\u00eb sigurimit n\u00ebp\u00ebrmjet marrjes s\u00eb informacionit p\u00ebr hetimet e kryera nga ana e Prokuroris\u00eb s\u00eb Posa\u00e7me kund\u00ebr Korrupsionit dhe Krimit t\u00eb Organizuar, p\u00ebrsa i p\u00ebrket procedimit penal n\u00eb ngarkim t\u00eb shtetasit Bujar Ajeti (Gjermizi); 2. Z\u00ebvend\u00ebsimin e mas\u00ebs s\u00eb sigurimit t\u00eb \u201cArresti n\u00eb burg\u201d, parashikuar nga neni 238 i K.Pr.Penale n\u00eb mas\u00ebn e sigurimit \u201cArresti n\u00eb sht\u00ebpi\u201d, parashikuar nga neni<\/em><\/span><\/li>\n<\/ol>\n<p><span style=\"color: #000000;\"><em>237 i K.Pr.Penal.\u201d.<\/em><\/span><\/p>\n<ol start=\"2\">\n<li><span style=\"color: #000000;\"><em> N\u00eb p\u00ebrfundim t\u00eb gjykimit, Gjykata e Posa\u00e7me e Shkall\u00ebs s\u00eb Par\u00eb p\u00ebr Korrupsionin dhe Krimin e Organizuar me trup gjykues t\u00eb p\u00ebrb\u00ebr\u00eb nga gjyqtarja Elsa Ulliri, bazuar n\u00eb nenin 246\/6 t\u00eb K.Pr.Penale, me vendimin Nr. 432, dat\u00eb 29.07.2024, vendosi:<\/em><\/span><\/li>\n<li><span style=\"color: #000000;\"><em> Verifikimin e nevojave t\u00eb sigurimit dhe vazhdimi i zbatimit t\u00eb mas\u00ebs s\u00eb sigurimit \u201cArrest n\u00eb burg\u201d, caktuar ndaj shtetasit Bujar Ajeti me an\u00eb t\u00eb vendimit Nr.124, dat\u00eb 17.11.2023 t\u00eb Gjykat\u00ebs s\u00eb Shkall\u00ebs s\u00eb Par\u00eb p\u00ebr Korrupsionin dhe Krimin e<\/em><\/span><\/li>\n<\/ol>\n<p><span style=\"color: #000000;\"><em>Organizuar.<\/em><\/span><\/p>\n<ol start=\"2\">\n<li><span style=\"color: #000000;\"><em> Shpenzimet gjyq\u00ebsore si\u00e7 jan\u00eb b\u00ebr\u00eb.<\/em><\/span><\/li>\n<li><span style=\"color: #000000;\"><em> Kund\u00ebr k\u00ebtij vendimi lejohet ankim n\u00eb Gjykat\u00ebn e Posa\u00e7me t\u00eb Apelit p\u00ebr Korrupsionin dhe Krimin e Organizuar brenda 5 dit\u00ebve, duke filluar ky afat nga e nes\u00ebrmja e komunikimit t\u00eb vendimit. Tiran\u00eb, m\u00eb dat\u00eb 29.07.2024 Gjykata e Posa\u00e7me e Shkall\u00ebs s\u00eb Par\u00eb p\u00ebr Korrupsionin dhe Krimin e Organizua<\/em><\/span><\/li>\n<\/ol>\n","protected":false,"gt_translate_keys":[{"key":"rendered","format":"html"}]},"excerpt":{"rendered":"<p>Gjykata e Posa\u00e7me ka refuzuar t\u00eb liroj\u00eb nga paraburgimi Bujar Ajetin (Gjermizi) n\u00eb hetim p\u00ebr vrasjen e dy v\u00ebllez\u00ebrve Nela. Bujar Ajeti u arrestua n\u00eb n\u00ebntor 2023 me urdh\u00ebr t\u00eb SPAK, ku p\u00ebrve\u00e7 tij, ran\u00eb n\u00eb pranga edhe Dedan Gjoni, ish-shef i krimeve n\u00eb Komisariatin nr. 6, Bujar Ajeti si dhe Besmir Murtati dhe ish [&hellip;]<\/p>\n","protected":false,"gt_translate_keys":[{"key":"rendered","format":"html"}]},"author":32,"featured_media":691002,"comment_status":"closed","ping_status":"open","sticky":false,"template":"","format":"standard","meta":{"footnotes":""},"categories":[65],"tags":[],"class_list":["post-691001","post","type-post","status-publish","format-standard","has-post-thumbnail","hentry","category-lajme"],"gt_translate_keys":[{"key":"link","format":"url"}],"_links":{"self":[{"href":"https:\/\/www.hashtag.al\/index.php\/wp-json\/wp\/v2\/posts\/691001","targetHints":{"allow":["GET"]}}],"collection":[{"href":"https:\/\/www.hashtag.al\/index.php\/wp-json\/wp\/v2\/posts"}],"about":[{"href":"https:\/\/www.hashtag.al\/index.php\/wp-json\/wp\/v2\/types\/post"}],"author":[{"embeddable":true,"href":"https:\/\/www.hashtag.al\/index.php\/wp-json\/wp\/v2\/users\/32"}],"replies":[{"embeddable":true,"href":"https:\/\/www.hashtag.al\/index.php\/wp-json\/wp\/v2\/comments?post=691001"}],"version-history":[{"count":0,"href":"https:\/\/www.hashtag.al\/index.php\/wp-json\/wp\/v2\/posts\/691001\/revisions"}],"wp:featuredmedia":[{"embeddable":true,"href":"https:\/\/www.hashtag.al\/index.php\/wp-json\/wp\/v2\/media\/691002"}],"wp:attachment":[{"href":"https:\/\/www.hashtag.al\/index.php\/wp-json\/wp\/v2\/media?parent=691001"}],"wp:term":[{"taxonomy":"category","embeddable":true,"href":"https:\/\/www.hashtag.al\/index.php\/wp-json\/wp\/v2\/categories?post=691001"},{"taxonomy":"post_tag","embeddable":true,"href":"https:\/\/www.hashtag.al\/index.php\/wp-json\/wp\/v2\/tags?post=691001"}],"curies":[{"name":"wp","href":"https:\/\/api.w.org\/{rel}","templated":true}]}}