{"id":690952,"date":"2024-07-29T09:30:13","date_gmt":"2024-07-29T07:30:13","guid":{"rendered":"https:\/\/www.hashtag.al\/?p=690952"},"modified":"2024-07-29T09:38:02","modified_gmt":"2024-07-29T07:38:02","slug":"kuvendi-shtyn-per-neser-seancen-e-posacme","status":"publish","type":"post","link":"https:\/\/www.hashtag.al\/index.php\/2024\/07\/29\/kuvendi-shtyn-per-neser-seancen-e-posacme\/","title":{"rendered":"Kuvendi shtyn p\u00ebr nes\u00ebr seanc\u00ebn e posa\u00e7me","gt_translate_keys":[{"key":"rendered","format":"text"}]},"content":{"rendered":"<p><img loading=\"lazy\" decoding=\"async\" class=\"size-full wp-image-690897 aligncenter\" src=\"https:\/\/www.hashtag.al\/wp-content\/uploads\/2024\/07\/Screenshot-2024-07-28-193118.png\" alt=\"\" width=\"601\" height=\"349\" srcset=\"https:\/\/www.hashtag.al\/wp-content\/uploads\/2024\/07\/Screenshot-2024-07-28-193118.png 601w, https:\/\/www.hashtag.al\/wp-content\/uploads\/2024\/07\/Screenshot-2024-07-28-193118-300x174.png 300w, https:\/\/www.hashtag.al\/wp-content\/uploads\/2024\/07\/Screenshot-2024-07-28-193118-250x145.png 250w\" sizes=\"auto, (max-width: 601px) 100vw, 601px\" \/><\/p>\n<p style=\"text-align: left;\"><span style=\"color: #000000;\">Nj\u00eb dit\u00eb pas njoftimit t\u00eb ndryshimeve n\u00eb qeveri nga kryeministri Edi Rama, ku disa ministra jan\u00eb z\u00ebvend\u00ebsuar, pritet q\u00eb sot t\u00eb miratohet dekreti nga presidenti Bajram Begaj.<\/span><\/p>\n<p style=\"text-align: left;\"><span style=\"color: #000000;\">Pas p\u00ebrfundimit t\u00eb Kongresit Zgjedhor t\u00eb Partis\u00eb Socialiste, ku u zgjodh dhe Asambleja e re, kryeministri Rama u paraqit n\u00eb Presidenc\u00eb p\u00ebr t\u00eb paraqitur propozimet e tij personalisht p\u00ebr kreun e shtetit.<\/span><\/p>\n<p style=\"text-align: left;\"><span style=\"color: #000000;\">Ndryshimet n\u00eb kabinetin qeveritar pritet t\u00eb ratifikohen sot me dekret, nd\u00ebrsa seanca e jasht\u00ebzakonshme e Kuvendit, e parashikuar p\u00ebr pasditen e sotme, \u00ebsht\u00eb shtyr\u00eb p\u00ebr nes\u00ebr n\u00eb or\u00ebn 18:00.<\/span><\/p>\n<p style=\"text-align: left;\"><span style=\"color: #000000;\">P\u00ebrve\u00e7 k\u00ebsaj, kryeministri Rama do t\u00eb mbledh\u00eb sot Kryesin\u00eb e PS-s\u00eb, ku do t\u00eb diskutohet n\u00eb detaje mbi k\u00ebto ndryshime t\u00eb njoftuara gjat\u00eb Kongresit.<\/span><\/p>\n","protected":false,"gt_translate_keys":[{"key":"rendered","format":"html"}]},"excerpt":{"rendered":"<p>Nj\u00eb dit\u00eb pas njoftimit t\u00eb ndryshimeve n\u00eb qeveri nga kryeministri Edi Rama, ku disa ministra jan\u00eb z\u00ebvend\u00ebsuar, pritet q\u00eb sot t\u00eb miratohet dekreti nga presidenti Bajram Begaj. Pas p\u00ebrfundimit t\u00eb Kongresit Zgjedhor t\u00eb Partis\u00eb Socialiste, ku u zgjodh dhe Asambleja e re, kryeministri Rama u paraqit n\u00eb Presidenc\u00eb p\u00ebr t\u00eb paraqitur propozimet e tij personalisht [&hellip;]<\/p>\n","protected":false,"gt_translate_keys":[{"key":"rendered","format":"html"}]},"author":4,"featured_media":690897,"comment_status":"closed","ping_status":"open","sticky":false,"template":"","format":"standard","meta":{"footnotes":""},"categories":[65],"tags":[],"class_list":["post-690952","post","type-post","status-publish","format-standard","has-post-thumbnail","hentry","category-lajme"],"gt_translate_keys":[{"key":"link","format":"url"}],"_links":{"self":[{"href":"https:\/\/www.hashtag.al\/index.php\/wp-json\/wp\/v2\/posts\/690952","targetHints":{"allow":["GET"]}}],"collection":[{"href":"https:\/\/www.hashtag.al\/index.php\/wp-json\/wp\/v2\/posts"}],"about":[{"href":"https:\/\/www.hashtag.al\/index.php\/wp-json\/wp\/v2\/types\/post"}],"author":[{"embeddable":true,"href":"https:\/\/www.hashtag.al\/index.php\/wp-json\/wp\/v2\/users\/4"}],"replies":[{"embeddable":true,"href":"https:\/\/www.hashtag.al\/index.php\/wp-json\/wp\/v2\/comments?post=690952"}],"version-history":[{"count":0,"href":"https:\/\/www.hashtag.al\/index.php\/wp-json\/wp\/v2\/posts\/690952\/revisions"}],"wp:featuredmedia":[{"embeddable":true,"href":"https:\/\/www.hashtag.al\/index.php\/wp-json\/wp\/v2\/media\/690897"}],"wp:attachment":[{"href":"https:\/\/www.hashtag.al\/index.php\/wp-json\/wp\/v2\/media?parent=690952"}],"wp:term":[{"taxonomy":"category","embeddable":true,"href":"https:\/\/www.hashtag.al\/index.php\/wp-json\/wp\/v2\/categories?post=690952"},{"taxonomy":"post_tag","embeddable":true,"href":"https:\/\/www.hashtag.al\/index.php\/wp-json\/wp\/v2\/tags?post=690952"}],"curies":[{"name":"wp","href":"https:\/\/api.w.org\/{rel}","templated":true}]}}