{"id":690848,"date":"2024-07-28T15:46:38","date_gmt":"2024-07-28T13:46:38","guid":{"rendered":"https:\/\/www.hashtag.al\/?p=690848"},"modified":"2024-07-28T15:46:38","modified_gmt":"2024-07-28T13:46:38","slug":"gabimet-ne-fjalimin-e-rames","status":"publish","type":"post","link":"https:\/\/www.hashtag.al\/index.php\/2024\/07\/28\/gabimet-ne-fjalimin-e-rames\/","title":{"rendered":"\u201cGabimet\u201d n\u00eb fjalimin e Ram\u00ebs","gt_translate_keys":[{"key":"rendered","format":"text"}]},"content":{"rendered":"<p>&nbsp;<\/p>\n<p><img loading=\"lazy\" decoding=\"async\" class=\"aligncenter size-full wp-image-421748\" src=\"https:\/\/www.hashtag.al\/wp-content\/uploads\/2021\/01\/edmond-arizaj-nj-e1610552027296.jpg\" alt=\"\" width=\"700\" height=\"417\" srcset=\"https:\/\/www.hashtag.al\/wp-content\/uploads\/2021\/01\/edmond-arizaj-nj-e1610552027296.jpg 700w, https:\/\/www.hashtag.al\/wp-content\/uploads\/2021\/01\/edmond-arizaj-nj-e1610552027296-300x179.jpg 300w\" sizes=\"auto, (max-width: 700px) 100vw, 700px\" \/><\/p>\n<p><span style=\"color: #000000;\"><em><strong>Nga Edmond Arizaj<\/strong><\/em><\/span><\/p>\n<ol>\n<li><span style=\"color: #000000;\">Nuk i uroi sh\u00ebrim t\u00eb shpejt\u00eb Lindita Nikoll\u00ebs (zonja u t\u00ebrhoq nga posti p\u00ebr shkak t\u00eb s\u00ebmundjes, apo jo)<\/span><\/li>\n<li><span style=\"color: #000000;\">Akuzoi deputet\u00ebt duke ngarkuar me p\u00ebrgjegj\u00ebsi kreun e grupit parlamentar duke e z\u00ebvend\u00ebsuar (ka harruar se \u00ebsht\u00eb ai vet\u00eb q\u00eb i zgjedh deputet\u00ebt n\u00eb lista)<\/span><\/li>\n<li><span style=\"color: #000000;\">Akuzat ndaj deputet\u00ebve q\u00eb nuk i qajn\u00eb hallin popullit, ardhur nga udh\u00ebheq\u00ebsi, revokojn\u00eb tjet\u00ebr periudh\u00eb (uji vjen i past\u00ebr nga lart, po e turbullojn\u00eb k\u00ebta posht\u00eb)<\/span><\/li>\n<li><span style=\"color: #000000;\">Paracaktoi kryetaren e PS-s\u00eb pasi ai vet\u00eb, pra Rama t\u00eb mos jet\u00eb m\u00eb n\u00eb k\u00ebt\u00eb bot\u00eb (dmth deri kur Zoti ta th\u00ebrras\u00eb n\u00eb PS nuk do t\u00eb ket\u00eb zgjedhje?!)<\/span><\/li>\n<li><span style=\"color: #000000;\">Rrezikoi infarkt t\u00eb ndonj\u00eb eksponenti politik, teksa d\u00ebgjonte emrin q\u00eb i l\u00ebvizte andej k\u00ebtej, apo q\u00eb nuk i l\u00ebvizte (vet\u00ebm habia e Taulant Ball\u00ebs dhe modestia e Elisa Spiropalit tregonte se jo t\u00eb gjith\u00eb e dinin fundin e fjalimit t\u00eb Ram\u00ebs)<\/span><\/li>\n<li><span style=\"color: #000000;\">Absolutiz\u00ebm krejt pa teklif n\u00eb parashikim fitore, n\u00eb drejtim, n\u00eb pretendim 100 vje\u00e7ar pushteti, n\u00eb em\u00ebrime dhe shkarkime (p\u00ebr \u00e7far\u00eb egziston kryesia dhe asambleja? A mund t\u00eb imagjinoj\u00eb kush \u00e7far\u00eb ndodh me PS pa Ram\u00ebn?!)<\/span><\/li>\n<li><span style=\"color: #000000;\">Pothuaj asnj\u00eb shpjegim esencial p\u00ebr reform\u00ebn zgjedhore (deputetiq\u00ebduam. al dhe listat e mbyllura sikur nuk shkojn\u00eb me nj\u00ebra tjetr\u00ebn!)<\/span><\/li>\n<li><span style=\"color: #000000;\">Qejmbetja me Vlor\u00ebn dhe vlonjat\u00ebt p\u00ebr \u00e7mimet (imagjino sa vlonjat\u00ebve u ka mbetur qejfi me \u00e7mimet n\u00eb Palas\u00eb, Jal\u00eb, Dh\u00ebrmi, etj, nga personat q\u00eb kan\u00eb marr\u00eb leje aktiviteti nga qeveria)<\/span><\/li>\n<li><span style=\"color: #000000;\">Fjalit\u00eb ku u p\u00ebrmend SPAK, k\u00ebt\u00eb rradh\u00eb ishin t\u00eb pagabimta.<\/span><\/li>\n<\/ol>\n","protected":false,"gt_translate_keys":[{"key":"rendered","format":"html"}]},"excerpt":{"rendered":"<p>&nbsp; Nga Edmond Arizaj Nuk i uroi sh\u00ebrim t\u00eb shpejt\u00eb Lindita Nikoll\u00ebs (zonja u t\u00ebrhoq nga posti p\u00ebr shkak t\u00eb s\u00ebmundjes, apo jo) Akuzoi deputet\u00ebt duke ngarkuar me p\u00ebrgjegj\u00ebsi kreun e grupit parlamentar duke e z\u00ebvend\u00ebsuar (ka harruar se \u00ebsht\u00eb ai vet\u00eb q\u00eb i zgjedh deputet\u00ebt n\u00eb lista) Akuzat ndaj deputet\u00ebve q\u00eb nuk i qajn\u00eb [&hellip;]<\/p>\n","protected":false,"gt_translate_keys":[{"key":"rendered","format":"html"}]},"author":51,"featured_media":421748,"comment_status":"closed","ping_status":"open","sticky":false,"template":"","format":"standard","meta":{"footnotes":""},"categories":[20],"tags":[],"class_list":["post-690848","post","type-post","status-publish","format-standard","has-post-thumbnail","hentry","category-blog"],"gt_translate_keys":[{"key":"link","format":"url"}],"_links":{"self":[{"href":"https:\/\/www.hashtag.al\/index.php\/wp-json\/wp\/v2\/posts\/690848","targetHints":{"allow":["GET"]}}],"collection":[{"href":"https:\/\/www.hashtag.al\/index.php\/wp-json\/wp\/v2\/posts"}],"about":[{"href":"https:\/\/www.hashtag.al\/index.php\/wp-json\/wp\/v2\/types\/post"}],"author":[{"embeddable":true,"href":"https:\/\/www.hashtag.al\/index.php\/wp-json\/wp\/v2\/users\/51"}],"replies":[{"embeddable":true,"href":"https:\/\/www.hashtag.al\/index.php\/wp-json\/wp\/v2\/comments?post=690848"}],"version-history":[{"count":0,"href":"https:\/\/www.hashtag.al\/index.php\/wp-json\/wp\/v2\/posts\/690848\/revisions"}],"wp:featuredmedia":[{"embeddable":true,"href":"https:\/\/www.hashtag.al\/index.php\/wp-json\/wp\/v2\/media\/421748"}],"wp:attachment":[{"href":"https:\/\/www.hashtag.al\/index.php\/wp-json\/wp\/v2\/media?parent=690848"}],"wp:term":[{"taxonomy":"category","embeddable":true,"href":"https:\/\/www.hashtag.al\/index.php\/wp-json\/wp\/v2\/categories?post=690848"},{"taxonomy":"post_tag","embeddable":true,"href":"https:\/\/www.hashtag.al\/index.php\/wp-json\/wp\/v2\/tags?post=690848"}],"curies":[{"name":"wp","href":"https:\/\/api.w.org\/{rel}","templated":true}]}}