{"id":690666,"date":"2024-07-27T13:57:35","date_gmt":"2024-07-27T11:57:35","guid":{"rendered":"https:\/\/www.hashtag.al\/?p=690666"},"modified":"2024-07-27T13:57:35","modified_gmt":"2024-07-27T11:57:35","slug":"prostitucion-sherr-vjedhje-9-te-arrestuar-ne-tirane-durres-elbasan-e-korce","status":"publish","type":"post","link":"https:\/\/www.hashtag.al\/index.php\/2024\/07\/27\/prostitucion-sherr-vjedhje-9-te-arrestuar-ne-tirane-durres-elbasan-e-korce\/","title":{"rendered":"Prostitucion, sherr, vjedhje, 9 t\u00eb arrestuar n\u00eb Tiran\u00eb, Durr\u00ebs, Elbasan e Kor\u00e7\u00eb","gt_translate_keys":[{"key":"rendered","format":"text"}]},"content":{"rendered":"<p><img loading=\"lazy\" decoding=\"async\" class=\"aligncenter size-full wp-image-690668\" src=\"https:\/\/www.hashtag.al\/wp-content\/uploads\/2024\/07\/durres.png\" alt=\"\" width=\"1137\" height=\"560\" srcset=\"https:\/\/www.hashtag.al\/wp-content\/uploads\/2024\/07\/durres.png 1137w, https:\/\/www.hashtag.al\/wp-content\/uploads\/2024\/07\/durres-300x148.png 300w, https:\/\/www.hashtag.al\/wp-content\/uploads\/2024\/07\/durres-1024x504.png 1024w, https:\/\/www.hashtag.al\/wp-content\/uploads\/2024\/07\/durres-768x378.png 768w\" sizes=\"auto, (max-width: 1137px) 100vw, 1137px\" \/><\/p>\n<p><span style=\"color: #000000;\">Dy gra jan\u00eb arrestuar n\u00eb Tiran\u00eb pasi akuzohen p\u00ebr prostitucion nd\u00ebrsa dy t\u00eb tjera jan\u00eb proceduar n\u00eb gjendje t\u00eb lir\u00eb. <\/span><\/p>\n<p><span style=\"color: #000000;\">Ato jan\u00eb ndaluar gjat\u00eb operacionit t\u00eb koduar \u201cRed Light\u201d n\u00eb nj\u00eb lokal n\u00eb rrug\u00ebn \u201cKastriot\u00ebt\u201d, Tiran\u00eb.<\/span><\/p>\n<p><span style=\"color: #000000;\"><strong>Njoftimi<\/strong><\/span><\/p>\n<p><span style=\"color: #000000;\"><em>\u201cFinalizohet operacioni policor i koduar \u201cRed light\u201d, nga Seksioni p\u00ebr Hetimin e Trafiqeve t\u00eb Paligjshme n\u00eb DVP Tiran\u00eb, n\u00eb drejtimin e Prokuroris\u00eb pran\u00eb Gjykat\u00ebs s\u00eb Shkall\u00ebs s\u00eb Par\u00eb t\u00eb Juridiksionit t\u00eb P\u00ebrgjithsh\u00ebm Tiran\u00eb. <\/em><em>Shfryt\u00ebzonte disa shtetase p\u00ebr prostitucion, n\u00eb lokalin e saj, arrestohet 52-vje\u00e7arja. <\/em><em>Arrestohet gjithashtu nj\u00eb shtetase tjet\u00ebr p\u00ebr ushtrim prostitucioni si dhe procedohen penalisht 2 t\u00eb tjera. <\/em><em>Sekuestrohen 2 automjete, 2 aparate celulare dhe shuma parash, t\u00eb dyshuara t\u00eb p\u00ebrfituara nga kjo veprimtari kriminale. <\/em><em>Specialist\u00ebt e Seksionit p\u00ebr Hetimin e Trafiqeve t\u00eb Paligjshme, n\u00eb drejtimin e Prokuroris\u00eb pran\u00eb Gjykat\u00ebs s\u00eb Shkall\u00ebs s\u00eb Par\u00eb t\u00eb Juridiksionit t\u00eb P\u00ebrgjithsh\u00ebm Tiran\u00eb, n\u00eb kuad\u00ebr t\u00eb nj\u00eb procedimi penal t\u00eb vitit 2023, ndjekur me metoda speciale t\u00eb hetimit, kan\u00eb organizuar dhe finalizuar operacionin policor t\u00eb koduar \u201cRed light\u201d.<\/em><em>N\u00eb kuad\u00ebr t\u00eb k\u00ebtij operacioni:\u00a0<\/em><\/span><span style=\"color: #000000;\"><em>u arrestua shtetasja L. S., 52 vje\u00e7e, banuese n\u00eb Tiran\u00eb, p\u00ebr veprat penale \u201cProstitucioni\u201d, \u201cShfryt\u00ebzimi i prostiucionit\u201d, dhe \u201cMbajtja e lokaleve p\u00ebr prostitucion\u201d;\u00a0<\/em><\/span><span style=\"color: #000000;\"><em>u arrestua shtetasja M. B., 20 vje\u00e7e, banuese n\u00eb Tiran\u00eb, p\u00ebr vepr\u00ebn penale \u201cProstitucioni\u201d;\u00a0<\/em><\/span><span style=\"color: #000000;\"><em>u proceduan penalisht shtetaset O. B., 34 vje\u00e7e, dhe M. Dh., 19 vje\u00e7e.\u00a0<\/em><\/span><span style=\"color: #000000;\"><em>Nga veprimet hetimore t\u00eb kryera ka rezultuar se shtetasja L. S., ka n\u00eb menaxhim nj\u00eb lokal n\u00eb rrug\u00ebn \u201cKastriot\u00ebt\u201d, n\u00eb t\u00eb cilin mbante shtetaset M. B., O. B., dhe M. Dh., dhe i shfryt\u00ebzonte p\u00ebr prostitucion, me klient\u00eb t\u00eb ndrysh\u00ebm t\u00eb lokalit.\u00a0<\/em><\/span><span style=\"color: #000000;\"><em>N\u00eb cil\u00ebsin\u00eb e prov\u00ebs materiale u sekuestruan 2 automjete, 2 aparate celulare dhe shuma parash, t\u00eb dyshuara t\u00eb p\u00ebrfituara nga kjo veprimtari kriminale. <\/em><em>Materialet i kaluan Prokuroris\u00eb.&#8221;<\/em><\/span><\/p>\n<p><span style=\"color: #000000;\">&#8230;<\/span><\/p>\n<p><span style=\"color: #000000;\">N\u00eb Elbasan jan\u00eb arrestuar pes\u00eb persona, nd\u00ebrsa jan\u00eb proceduar dy t\u00eb tjer\u00eb. Nj\u00eb 39-vje\u00e7ar u ndalua pasi akuzohet p\u00ebr vjedhje nd\u00ebrsa kat\u00ebr t\u00eb tjer\u00eb p\u00ebr sherr me nj\u00ebri-tjetrin pas nj\u00eb seance gjyq\u00ebsore n\u00eb Gjykat\u00ebn e Elbsanit.<\/span><\/p>\n<p><span style=\"color: #000000;\"><strong>Njoftimi<\/strong><\/span><\/p>\n<p><span style=\"color: #000000;\"><em>\u201cI vodhi \u00e7ant\u00ebn e dor\u00ebs, nj\u00eb shtetasi, brenda s\u00eb cil\u00ebs kishte sende personale dhe 2 aparate celulare, identifikohet, kapet dhe vihet n\u00eb pranga 39-vje\u00e7ari .<\/em><em>Sekuestrohen \u00e7anta me sendet personale, t\u00eb cilat u gjet\u00ebn t\u00eb fshehura, gjat\u00eb kontrollit n\u00eb banes\u00ebn e 39-vje\u00e7arit.<\/em><em>Si rezultat i veprimeve hetimore dhe profesionale t\u00eb kryera nga specialist\u00ebt p\u00ebr Hetimin e Krimeve t\u00eb Komisariatit t\u00eb Policis\u00eb Elbasan, menj\u00ebher\u00eb pas administrimit t\u00eb kall\u00ebzimit t\u00eb nj\u00eb shtetasi, se n\u00eb lagjen \u201cBrigada 17 Sulmuese\u201d, i kishin vjedhur \u00e7ant\u00ebn e dor\u00ebs, brenda s\u00eb cil\u00ebs kishte sende personale, kan\u00eb identifikuar, kapur dhe arrestuar n\u00eb flagranc\u00eb autorin e dyshuar t\u00eb k\u00ebtij rasti, shtetasin:<\/em><\/span><\/p>\n<p><span style=\"color: #000000;\"><em>E.L., 39 vje\u00e7, banues n\u00eb Elbasan.Nga veprimet hetimore 39-vje\u00e7ari, m\u00eb dat\u00eb 23.07.2024, n\u00eb lagjen \u201cBrigada 17 Sulmuese\u201d, i ka vjedhur \u00e7ant\u00ebn e dor\u00ebs nj\u00eb 67-vje\u00e7ari, brenda s\u00eb cil\u00ebs kishte sende personale dhe 2 aparate celulare.Sh\u00ebrbimet e Policis\u00eb, gjat\u00eb kontrollit n\u00eb banes\u00ebn e shtetasit E. L., gjet\u00ebn t\u00eb fshehura dhe sekuestruan \u00e7ant\u00ebn me sende personale, t\u00eb 67-vje\u00e7arit.Materialet procedurale i kaluan Prokuroris\u00eb pran\u00eb Gjykat\u00ebs s\u00eb Shkall\u00ebs s\u00eb Par\u00eb t\u00eb Juridiksionit t\u00eb P\u00ebrgjithsh\u00ebm Elbasan, p\u00ebr veprime t\u00eb m\u00ebtejshme, p\u00ebr veprat penale \u201cVjedhja\u201d.\u201d<\/em><\/span><\/p>\n<p><span style=\"color: #000000;\"><strong>Njoftimi<\/strong><\/span><\/p>\n<p><span style=\"color: #000000;\"><em>\u201cOficeri i Policis\u00eb Gjyq\u00ebsore pran\u00eb Prokuroris\u00eb s\u00eb Elbasanit arrestoi n\u00eb flagranc\u00eb shtetasit D. M., 46 vje\u00e7, E. M., 64 vje\u00e7, G. M., 47 dhe F. K., 43 vje\u00e7e, si edhe referoi materialet n\u00eb Prokurori ku nisi procedimi penal p\u00ebr shtetasit Y. M., 56 vje\u00e7 dhe A. M., 56 vje\u00e7e, pasi pas nj\u00eb seance Gjyq\u00ebsore n\u00eb Gjykat\u00ebn e Elbasanit, me pal\u00eb shtetasit B. K. dhe F. K. (bashk\u00ebshort\u00eb), k\u00ebta shtetas, n\u00eb bashk\u00ebpunim me nj\u00ebri-tjetrin, kan\u00eb dhunuar fizikisht shtetasin B. K., si edhe gjat\u00eb shoqerimi p\u00ebr n\u00eb ambientet e Policis\u00eb, kan\u00eb kund\u00ebrshtuar me forc\u00eb punonj\u00ebsit e Policis\u00eb.\u201d<\/em><\/span><\/p>\n<p><span style=\"color: #000000;\">&#8230;<\/span><\/p>\n<p><span style=\"color: #000000;\">N\u00eb Kor\u00e7\u00eb \u00ebsht\u00eb prangosur nj\u00eb 24-vje\u00e7ar i cili dyshohet se \u00ebsht\u00eb p\u00ebrpjekur t\u00eb djeg\u00eb parukerin\u00eb e ish-kunat\u00ebs.<\/span><\/p>\n<p><span style=\"color: #000000;\"><strong>Njoftimi<\/strong><\/span><\/p>\n<p><span style=\"color: #000000;\"><em>\u201cNj\u00eb 24-vje\u00e7ar u vu n\u00eb pranga n\u00eb Kor\u00e7\u00eb, pasi dyshohet se tentoi t\u00eb digjte parukerin\u00eb e ish-kunat\u00ebs s\u00eb tij. <\/em><em>Sipas policis\u00eb, i riu do t\u00eb p\u00ebrdorte benzin\u00eb p\u00ebr djegur biznesin q\u00eb p\u00ebrdoret nga ish-kunata. Dyshohet se k\u00ebt\u00eb veprim, shtetasi me iniciale S.D. e nd\u00ebrmori p\u00ebr hakmarrje, por nuk dihen m\u00eb shum\u00eb detaje. <\/em><em>Ai u vu n\u00eb pranga dhe \u00e7\u00ebshtja po hetohet nga Prokuroria e Kor\u00e7\u00ebs.<\/em><\/span><\/p>\n<p><span style=\"color: #000000;\">&#8230;<\/span><\/p>\n<p><span style=\"color: #000000;\">Nj\u00eb 32-vje\u00e7ar \u00ebsht\u00eb arrestuar n\u00eb Durr\u00ebs pasi akuzohet p\u00ebr vjedhje me forc\u00eb. G\u00ebzim Myzeqari (Jakupi) akuzohet se u ka marr\u00eb me forc\u00eb var\u00ebset nga qafa dy grave.<\/span><\/p>\n<p><span style=\"color: #000000;\"><strong>Njoftimi<\/strong><\/span><\/p>\n<p><span style=\"color: #000000;\"><em>\u201cFinalizohet nga Stacioni i Policis\u00eb Plazh n\u00eb Durr\u00ebs n\u00eb bashk\u00ebpunim me Komisariatin e Policis\u00eb Kavaj\u00eb, operacioni policor i koduar \u201cHija\u201d. Fal\u00eb reagimit n\u00eb koh\u00eb dhe pun\u00ebs profesionale t\u00eb sh\u00ebrbimeve t\u00eb Policis\u00eb, u identifikua dhe u vu n\u00eb pranga 32 vje\u00e7ari q\u00eb u kishte marr\u00eb me forc\u00eb var\u00ebset nga qafa dy shtetaseve. Sh\u00ebrbimet e Stacionit t\u00eb Policis\u00eb Plazh Durr\u00ebs, me marrjen e njoftimit se nj\u00eb shtetas kishte kryer dy vjedhje duke iu marr\u00eb me forc\u00eb var\u00ebset nga qafa dy shtetaseve, menj\u00ebher\u00eb kan\u00eb organizuar pun\u00ebn p\u00ebr identifikimin dhe kapjen e autorit. Fal\u00eb reagimit n\u00eb koh\u00eb, veprimeve t\u00eb shpejta profesionale dhe hetimore u b\u00eb e mundur identifikimi dhe lokalizimi i autorit t\u00eb dyshuar, ku n\u00eb bashk\u00ebpunim me Komisariatin e Policis\u00eb Kavaj\u00eb u b\u00eb kapja dhe ndalimi i shtetasit G\u00ebzim Myzeqari (Jakupi) 32 vje\u00e7, banues n\u00eb lagjen ne. 2 Kavaj\u00eb. Ky shtetas u ka marr\u00eb me forc\u00eb var\u00ebset nga qafa dy shtetaseve. Materialet i kaluan Prokuroris\u00eb pran\u00eb Gjykat\u00ebs s\u00eb Shkall\u00ebs s\u00eb Par\u00eb t\u00eb Juridiksionit t\u00eb P\u00ebrgjithsh\u00ebm Durr\u00ebs, p\u00ebr veprime t\u00eb m\u00ebtejshme, p\u00ebr vepr\u00ebn penale \u201cVjedhja\u201d.\u201d<\/em><\/span><\/p>\n","protected":false,"gt_translate_keys":[{"key":"rendered","format":"html"}]},"excerpt":{"rendered":"<p>Dy gra jan\u00eb arrestuar n\u00eb Tiran\u00eb pasi akuzohen p\u00ebr prostitucion nd\u00ebrsa dy t\u00eb tjera jan\u00eb proceduar n\u00eb gjendje t\u00eb lir\u00eb. Ato jan\u00eb ndaluar gjat\u00eb operacionit t\u00eb koduar \u201cRed Light\u201d n\u00eb nj\u00eb lokal n\u00eb rrug\u00ebn \u201cKastriot\u00ebt\u201d, Tiran\u00eb. Njoftimi \u201cFinalizohet operacioni policor i koduar \u201cRed light\u201d, nga Seksioni p\u00ebr Hetimin e Trafiqeve t\u00eb Paligjshme n\u00eb DVP Tiran\u00eb, [&hellip;]<\/p>\n","protected":false,"gt_translate_keys":[{"key":"rendered","format":"html"}]},"author":51,"featured_media":690668,"comment_status":"closed","ping_status":"open","sticky":false,"template":"","format":"standard","meta":{"footnotes":""},"categories":[65],"tags":[],"class_list":["post-690666","post","type-post","status-publish","format-standard","has-post-thumbnail","hentry","category-lajme"],"gt_translate_keys":[{"key":"link","format":"url"}],"_links":{"self":[{"href":"https:\/\/www.hashtag.al\/index.php\/wp-json\/wp\/v2\/posts\/690666","targetHints":{"allow":["GET"]}}],"collection":[{"href":"https:\/\/www.hashtag.al\/index.php\/wp-json\/wp\/v2\/posts"}],"about":[{"href":"https:\/\/www.hashtag.al\/index.php\/wp-json\/wp\/v2\/types\/post"}],"author":[{"embeddable":true,"href":"https:\/\/www.hashtag.al\/index.php\/wp-json\/wp\/v2\/users\/51"}],"replies":[{"embeddable":true,"href":"https:\/\/www.hashtag.al\/index.php\/wp-json\/wp\/v2\/comments?post=690666"}],"version-history":[{"count":0,"href":"https:\/\/www.hashtag.al\/index.php\/wp-json\/wp\/v2\/posts\/690666\/revisions"}],"wp:featuredmedia":[{"embeddable":true,"href":"https:\/\/www.hashtag.al\/index.php\/wp-json\/wp\/v2\/media\/690668"}],"wp:attachment":[{"href":"https:\/\/www.hashtag.al\/index.php\/wp-json\/wp\/v2\/media?parent=690666"}],"wp:term":[{"taxonomy":"category","embeddable":true,"href":"https:\/\/www.hashtag.al\/index.php\/wp-json\/wp\/v2\/categories?post=690666"},{"taxonomy":"post_tag","embeddable":true,"href":"https:\/\/www.hashtag.al\/index.php\/wp-json\/wp\/v2\/tags?post=690666"}],"curies":[{"name":"wp","href":"https:\/\/api.w.org\/{rel}","templated":true}]}}