{"id":690538,"date":"2024-07-26T18:12:01","date_gmt":"2024-07-26T16:12:01","guid":{"rendered":"https:\/\/www.hashtag.al\/?p=690538"},"modified":"2024-07-26T18:16:14","modified_gmt":"2024-07-26T16:16:14","slug":"nisin-sot-lojerat-olimpike-ne-paris-rama-pritet-nga-macron","status":"publish","type":"post","link":"https:\/\/www.hashtag.al\/index.php\/2024\/07\/26\/nisin-sot-lojerat-olimpike-ne-paris-rama-pritet-nga-macron\/","title":{"rendered":"Nisin sot Loj\u00ebrat Olimpike n\u00eb Paris, Rama pritet nga Macron","gt_translate_keys":[{"key":"rendered","format":"text"}]},"content":{"rendered":"<p><img loading=\"lazy\" decoding=\"async\" class=\"size-full wp-image-690539 aligncenter\" src=\"https:\/\/www.hashtag.al\/wp-content\/uploads\/2024\/07\/Screenshot-2024-07-26-180811.png\" alt=\"\" width=\"609\" height=\"355\" srcset=\"https:\/\/www.hashtag.al\/wp-content\/uploads\/2024\/07\/Screenshot-2024-07-26-180811.png 609w, https:\/\/www.hashtag.al\/wp-content\/uploads\/2024\/07\/Screenshot-2024-07-26-180811-300x175.png 300w, https:\/\/www.hashtag.al\/wp-content\/uploads\/2024\/07\/Screenshot-2024-07-26-180811-250x145.png 250w\" sizes=\"auto, (max-width: 609px) 100vw, 609px\" \/><\/p>\n<p>Kryeministri Edi Rama \u00ebsht\u00eb pritur dit\u00ebn e sotme nga Presidenti i Franc\u00ebs Emmanuel Macron n\u00eb Paris, teksa n\u00eb kryeqytetin francez do t\u00eb nisin sot Loj\u00ebrat Olimpike.<\/p>\n<p>I shoq\u00ebruar nga bashk\u00ebshortja Linda Rama, kreu i qeveris\u00eb shqiptare \u00ebsht\u00eb takuar me Macron, i cili ka pritur ve\u00e7 Ram\u00ebs t\u00eb gjith\u00eb lider\u00ebt e vendeve pjes\u00ebmarr\u00ebse n\u00eb Loj\u00ebrat Olimpike Paris2024.<\/p>\n<p><iframe loading=\"lazy\" style=\"border: none; overflow: hidden;\" src=\"https:\/\/www.facebook.com\/plugins\/video.php?href=https%3A%2F%2Fwww.facebook.com%2Fediramaal%2Fvideos%2F489919363626264%2F%3Fref%3Dembed_video&amp;show_text=0&amp;width=560\" width=\"560\" height=\"315\" frameborder=\"0\" scrolling=\"no\" allowfullscreen=\"allowfullscreen\"><\/iframe><\/p>\n","protected":false,"gt_translate_keys":[{"key":"rendered","format":"html"}]},"excerpt":{"rendered":"<p>Kryeministri Edi Rama \u00ebsht\u00eb pritur dit\u00ebn e sotme nga Presidenti i Franc\u00ebs Emmanuel Macron n\u00eb Paris, teksa n\u00eb kryeqytetin francez do t\u00eb nisin sot Loj\u00ebrat Olimpike. I shoq\u00ebruar nga bashk\u00ebshortja Linda Rama, kreu i qeveris\u00eb shqiptare \u00ebsht\u00eb takuar me Macron, i cili ka pritur ve\u00e7 Ram\u00ebs t\u00eb gjith\u00eb lider\u00ebt e vendeve pjes\u00ebmarr\u00ebse n\u00eb Loj\u00ebrat Olimpike [&hellip;]<\/p>\n","protected":false,"gt_translate_keys":[{"key":"rendered","format":"html"}]},"author":4,"featured_media":690539,"comment_status":"closed","ping_status":"open","sticky":false,"template":"","format":"standard","meta":{"footnotes":""},"categories":[65],"tags":[],"class_list":["post-690538","post","type-post","status-publish","format-standard","has-post-thumbnail","hentry","category-lajme"],"gt_translate_keys":[{"key":"link","format":"url"}],"_links":{"self":[{"href":"https:\/\/www.hashtag.al\/index.php\/wp-json\/wp\/v2\/posts\/690538","targetHints":{"allow":["GET"]}}],"collection":[{"href":"https:\/\/www.hashtag.al\/index.php\/wp-json\/wp\/v2\/posts"}],"about":[{"href":"https:\/\/www.hashtag.al\/index.php\/wp-json\/wp\/v2\/types\/post"}],"author":[{"embeddable":true,"href":"https:\/\/www.hashtag.al\/index.php\/wp-json\/wp\/v2\/users\/4"}],"replies":[{"embeddable":true,"href":"https:\/\/www.hashtag.al\/index.php\/wp-json\/wp\/v2\/comments?post=690538"}],"version-history":[{"count":0,"href":"https:\/\/www.hashtag.al\/index.php\/wp-json\/wp\/v2\/posts\/690538\/revisions"}],"wp:featuredmedia":[{"embeddable":true,"href":"https:\/\/www.hashtag.al\/index.php\/wp-json\/wp\/v2\/media\/690539"}],"wp:attachment":[{"href":"https:\/\/www.hashtag.al\/index.php\/wp-json\/wp\/v2\/media?parent=690538"}],"wp:term":[{"taxonomy":"category","embeddable":true,"href":"https:\/\/www.hashtag.al\/index.php\/wp-json\/wp\/v2\/categories?post=690538"},{"taxonomy":"post_tag","embeddable":true,"href":"https:\/\/www.hashtag.al\/index.php\/wp-json\/wp\/v2\/tags?post=690538"}],"curies":[{"name":"wp","href":"https:\/\/api.w.org\/{rel}","templated":true}]}}