{"id":690451,"date":"2024-07-26T11:52:27","date_gmt":"2024-07-26T09:52:27","guid":{"rendered":"https:\/\/www.hashtag.al\/?p=690451"},"modified":"2024-07-26T11:52:27","modified_gmt":"2024-07-26T09:52:27","slug":"si-u-shnderrua-vettingu-ne-raprezalje-klanesh","status":"publish","type":"post","link":"https:\/\/www.hashtag.al\/index.php\/2024\/07\/26\/si-u-shnderrua-vettingu-ne-raprezalje-klanesh\/","title":{"rendered":"Si u shnd\u00ebrrua Vettingu n\u00eb raprezalje klanesh","gt_translate_keys":[{"key":"rendered","format":"text"}]},"content":{"rendered":"<p><span style=\"color: #000000;\"><strong><a href=\"https:\/\/www.hashtag.al\/wp-content\/uploads\/2024\/07\/452968577_10233002633118596_5430674640155928470_n.jpg\"><img loading=\"lazy\" decoding=\"async\" class=\"aligncenter size-full wp-image-690452\" src=\"https:\/\/www.hashtag.al\/wp-content\/uploads\/2024\/07\/452968577_10233002633118596_5430674640155928470_n.jpg\" alt=\"\" width=\"720\" height=\"540\" srcset=\"https:\/\/www.hashtag.al\/wp-content\/uploads\/2024\/07\/452968577_10233002633118596_5430674640155928470_n.jpg 720w, https:\/\/www.hashtag.al\/wp-content\/uploads\/2024\/07\/452968577_10233002633118596_5430674640155928470_n-300x225.jpg 300w\" sizes=\"auto, (max-width: 720px) 100vw, 720px\" \/><\/a><\/strong><\/span><\/p>\n<p><span style=\"color: #000000;\"><strong>Nga Elton Qyno<\/strong><\/span><\/p>\n<p><span style=\"color: #000000;\">Fatkeq\u00ebsisht dit\u00ebn e djeshme \u201cVettingu\u201d pezulloi nga detyra gjyqtarin m\u00eb t\u00eb vjet\u00ebr dhe t\u00eb thjesht\u00eb t\u00eb Kor\u00e7\u00ebs, me 31 vite eksperienc\u00eb, Seladin Pysqylin.<\/span><\/p>\n<p><span style=\"color: #000000;\">Si n\u00eb shum\u00eb raste t\u00eb tjera, edhe n\u00eb k\u00ebt\u00eb rast ky \u201cqerata\u201d Komision i Pavarur i Kualifikimit, gjeti shkelje dometh\u00ebn\u00ebse tek pasuria e gjyqtarit m\u00eb t\u00eb vjet\u00ebr t\u00eb Kor\u00e7\u00ebs, dhe \u201cfaktet\u201d kok\u00eb-forta t\u00eb hetimit administrativ nuk mund t\u00eb kap\u00ebrceheshin, megjith\u00ebse past\u00ebrtia e figur\u00ebs dhe kriteri profesional ishte shum\u00eb \u201cOK\u201d.<\/span><\/p>\n<p><span style=\"color: #000000;\">N\u00eb fakt gjyqtar Seladin Pysqyli, nuk ishte nga ata njer\u00ebz t\u00eb Drejt\u00ebsis\u00eb, q\u00eb ju del n\u00eb aplikacion \u201cSky\u201d dhe ju e keni kaluar.<\/span><\/p>\n<p><span style=\"color: #000000;\">I nisur me shum\u00eb buj\u00eb dhe besim tek publiku se \u201cVettingu\u201d do krastiste element\u00ebt e korruptuar n\u00eb Drejt\u00ebsi, fatkeq\u00ebsisht shum\u00eb shpejt u katandis kjo histori n\u00eb nj\u00eb gjueti hienash, q\u00eb sulmojn\u00eb ashtu n\u00eb tuf\u00eb pren\u00eb e tyre q\u00eb kan\u00eb p\u00ebrball\u00eb.<\/span><\/p>\n<p><span style=\"color: #000000;\">Me nj\u00eb mb\u00ebshtetje totale nd\u00ebrkomb\u00ebtare, por jo maksimalisht t\u00eb publikut Shqiptar, \u201cVettingu\u201d u kthye n\u00eb grupimin m\u00eb fam\u00ebkeq t\u00eb p\u00ebrndjekjes s\u00eb gjyqtar\u00ebve dhe prokuror\u00ebve t\u00eb ndersh\u00ebm, t\u00eb cil\u00ebt nuk kishin lidhje politike, nuk flirtonin me krimin e organizuar dhe aq m\u00eb tep\u00ebr dhe m\u00eb e r\u00ebnd\u00ebsishme, nuk i fusnin dor\u00ebn n\u00eb xhep qytetar\u00ebve.<\/span><\/p>\n<p><span style=\"color: #000000;\">Histori p\u00ebrndjekje q\u00eb shkoi deri tek \u00e7orapet, kostumet, k\u00ebpuc\u00ebt dhe kokrat e kafshat\u00ebs s\u00eb buk\u00ebs, aq sa n\u00eb disa vendime shkarkimi i subjekteve qoft\u00eb prokuror\u00eb dhe gjyqtar\u00eb, trupat e \u201cVettingut\u201d u kthyen n\u00eb qesharake.<\/span><\/p>\n<p><span style=\"color: #000000;\">K\u00ebrkonin llogari p\u00ebr prind\u00ebr t\u00eb vdekur, (Rasti Bledar Maksuti) llogari p\u00ebr pasuri t\u00eb trash\u00ebguara, a thua se gjyqtar\u00eb e prokuror\u00eb nuk kishin ardhur n\u00eb k\u00ebt\u00eb bot\u00eb nga dy prind\u00ebr q\u00eb kishin punuar nj\u00eb jet\u00eb, por nga nj\u00eb \u00e7ift Gjirafash n\u00eb Afrik\u00eb.<\/span><\/p>\n<p><span style=\"color: #000000;\">Llogari p\u00ebr tatim-taksash n\u00eb Greqi, Arabi (Rasti Antoneta Sevdari) e deri tek sa gur\u00eb kan\u00eb muret e sht\u00ebpis\u00eb dhe sa tulla kan\u00eb shkall\u00ebt pa lej\u00eb nd\u00ebrtimi, q\u00eb ishin nd\u00ebrtuar nga Babai, kur Gent Trenova nuk ishte b\u00ebr\u00eb ende prokuror.<\/span><\/p>\n<p><span style=\"color: #000000;\">Tek njer\u00ebzit e drejt\u00eb, t\u00eb urt\u00eb dhe q\u00eb i sh\u00ebrbenin drejt\u00ebsis\u00eb duke sakrifikuar dhe nga jeta e tyre, duhet patjet\u00ebr t\u00eb gjenden \u201cballist\u00ebt\u201d brenda tyre dhe menj\u00ebher\u00eb t\u00eb shpallen me ligj special \u201cKulak\u00eb\u201d.<\/span><\/p>\n<p><span style=\"color: #000000;\">Nd\u00ebrkoh\u00eb vet\u00eb ata q\u00eb marin n\u00eb rivler\u00ebsim figur\u00ebn e prokurorit dhe gjyqtarit, ishin dikur t\u00eb shkarkuar p\u00ebr horll\u00ebqe t\u00eb ndryshme, deri n\u00eb seksiz\u00ebm n\u00eb Administrata Publike apo dhe nga sistemi i Drejt\u00ebsis\u00eb, si rasi Luan Daci, e ca t\u00eb tjera\u2026<\/span><\/p>\n<p><span style=\"color: #000000;\">Pra llogjika e gjykimit \u00ebsht\u00eb aq ekstreme, pasi ata t\u00eb shkarkuarit e dikursh\u00ebm qoft\u00eb n\u00eb KPK dhe KPA, marin vendime shkarkimi p\u00ebr k\u00ebta gjyqtar\u00eb e prokuror\u00eb sot, duke i larguar p\u00ebrfundimisht nga sistemi i drejt\u00ebsis\u00eb, duke i nxjer\u00eb n\u00eb rrug\u00eb.<\/span><\/p>\n<p><span style=\"color: #000000;\">Maskarda fillon e shtohet kur an\u00ebtar\u00eb t\u00eb \u201cVettingut\u201d n\u00eb KPA dhe KPK b\u00ebjn\u00eb korrupsion duke i k\u00ebrkuar euro dhe para, prokuror\u00ebve dhe gjyqtar\u00ebve t\u00eb korruptuar, duke i premtuar dhe duke i kaluar dhe duke i l\u00ebn\u00eb n\u00eb sistemin e drejt\u00ebsis\u00eb p\u00ebr t\u00eb thithur me pas financa, tek qytetar\u00ebt hallexhinj q\u00eb rrotullohen sallave t\u00eb gjyqeve apo dyerve t\u00eb prokuror\u00ebve.<\/span><\/p>\n<p><span style=\"color: #000000;\">Akoma m\u00eb ul\u00ebrit\u00ebse \u00ebsht\u00eb kur an\u00ebtar\u00eb t\u00eb KPK-s\u00eb tunden e shkunden, n\u00eb nj\u00eb resort luksi n\u00eb Vlor\u00eb me lek\u00ebt e oligarkut Shefqet Kastrati dhe refuzojn\u00eb t\u00eb tregojn\u00eb emrin e financuesit.<\/span><\/p>\n<p><span style=\"color: #000000;\">E nga ana tjet\u00ebr kthehen nga Vlora n\u00eb zyrat e tyre n\u00eb Tiran\u00eb dhe k\u00ebrkojn\u00eb llogari p\u00ebr financimet dhe pasurin\u00eb e prokuror\u00ebve dhe gjyqtar\u00ebve, se ku i kane gjetur. Hapu dhe&#8230;!!!<\/span><\/p>\n<p><span style=\"color: #000000;\">Si gazetar i vjet\u00ebr dhe prej 18 vite raportoj \u00e7do dit\u00eb mbi aktivitetin e institucioneve t\u00eb Drejt\u00ebsis\u00eb n\u00eb vend, gjykoj se \u201cVettingu\u201d n\u00eb Shqip\u00ebris\u00eb ishte i domosdosh\u00ebm dhe p\u00ebr disa element\u00eb q\u00eb fryheshin se kishin varur nj\u00eb kollare 500 dollar\u00eb n\u00eb qaf\u00eb, ka vepruar shum\u00eb mir\u00eb.<\/span><\/p>\n<p><span style=\"color: #000000;\">Shum\u00eb mir\u00eb ka vepruar edhe p\u00ebr ata gjyqtar\u00eb e prokuror\u00eb q\u00eb s\u2019kishin l\u00ebn\u00eb gjob\u00eb financiare pa vendosur, por n\u00eb fund t\u00eb dit\u00ebs i kishte mbetur meraku dhe tek nj\u00eb shishe vere 2 mij\u00eb euro e lart.<\/span><\/p>\n<p><span style=\"color: #000000;\">Shum\u00eb mir\u00eb ka vepruar p\u00ebr ata gjyqtar\u00eb e prokuror\u00eb q\u00eb k\u00ebrkonin para dhe p\u00ebr nj\u00eb \u00e7\u00ebshtje divorci vullnetar n\u00eb gjykat\u00eb apo p\u00ebr nj\u00eb kujdestari f\u00ebmije.<\/span><\/p>\n<p><span style=\"color: #000000;\">Po aq mir\u00eb \u201cVettingu\u201d ka vepruar dhe tek rastet e prokuror\u00ebve dhe gjyqtar\u00ebve, q\u00eb ironikisht kishin mar\u00eb nok\u00ebn numerike \u201c139\u201d, e cila n\u00ebnkuptonte Nenin 139 t\u00eb Kodit Penal, q\u00eb \u00ebsht\u00eb \u201cVjedhja me dhun\u00eb\u201d.<\/span><\/p>\n<p><span style=\"color: #000000;\">Por nga ana tjet\u00ebr nuk mund t\u00eb pajtohem me nj\u00eb shkarkim masiv t\u00eb njer\u00ebzve t\u00eb urt\u00eb, gjyqtar\u00eb e prokuror\u00eb t\u00eb guximsh\u00ebm q\u00eb kan\u00eb luftuar p\u00ebr kauza t\u00eb Drejt\u00ebsis\u00eb, t\u00eb pakompromentuar qoft\u00eb me politik\u00ebn, q\u00eb jepnin vendime d\u00ebnimi apo pafaj\u00ebsi se jua k\u00ebrkonte politika, influencat e biznesit dhe deri tek element\u00eb t\u00eb Krimit t\u00eb Organizuar, si\u00e7 b\u00ebnte Xhevahiri i Drejt\u00ebsis\u00eb.<\/span><\/p>\n<p><span style=\"color: #000000;\">Sot pro\u00e7esi i rivler\u00ebsimit \u00ebsht\u00eb tashm\u00eb n\u00eb fundin e vet dhe nuk p\u00ebrb\u00ebn m\u00eb as lajm shkarkimi i nj\u00eb gjyqtari apo nj\u00eb prokurori.<\/span><\/p>\n<p><span style=\"color: #000000;\">Sot sistemi i Drejt\u00ebsis\u00eb, (Prokurori-Gjykata), jan\u00eb n\u00eb grahmat e fundit p\u00ebr shkak t\u00eb mbingarkes\u00ebs ekstreme.<\/span><\/p>\n<p><span style=\"color: #000000;\">Sot kush provon t\u00eb hyj\u00eb n\u00eb nj\u00eb proces penal apo civil, t\u00eb llogaris\u00eb mir\u00eb vitet e mosh\u00ebs, pasi me modesti po e them se vall\u00eb e kap gjall\u00eb seanc\u00ebn p\u00ebrfundimtare t\u00eb gjykimit.<\/span><\/p>\n<p><span style=\"color: #000000;\">Por sot, komuniteti i gjyqtar\u00ebve, prokuror\u00ebve, avokat\u00ebve por dhe i qytetar\u00ebve t\u00eb thjesht\u00eb n\u00eb Kor\u00e7\u00eb, \u00ebsht\u00eb i shokuar nga lajmi i shkarkimit t\u00eb gjyqtar Seladin Pysqylit.<\/span><\/p>\n<p><span style=\"color: #000000;\">P\u00ebrpos eksperienc\u00ebs s\u00eb gjat\u00eb n\u00eb pun\u00eb, investimit t\u00eb nj\u00eb jete n\u00eb krye t\u00eb detyr\u00ebs, (m\u00eb i vjetri) modeli i k\u00ebtij gjyqtari \u00ebsht\u00eb nj\u00eb model i pap\u00ebrs\u00ebritsh\u00ebm dhe humbje p\u00ebr t\u00eb gjith\u00eb sistemin e drejt\u00ebsis\u00eb.<\/span><\/p>\n<p><span style=\"color: #000000;\">N\u00eb korridoret e gjykat\u00ebs, t\u00eb gjith\u00eb flasin n\u00ebn z\u00eb p\u00ebr largimin e gjyqtarit m\u00eb t\u00eb mir\u00eb t\u00eb Gjykat\u00ebs s\u00eb Kor\u00e7\u00ebs, i cili pritej t\u00eb ishte udh\u00ebheq\u00ebsi shpirt\u00ebror dhe ligjor edhe p\u00ebr gjyqtar\u00ebt e rinj.<\/span><\/p>\n<p><span style=\"color: #000000;\">T\u00eb gjith\u00eb koleg\u00ebt e tij gjyqtar\u00eb, prokuror\u00eb, por edhe avokat\u00eb flasin n\u00ebn z\u00eb p\u00ebr lajmin e keq t\u00eb largimit t\u00eb kolegut m\u00eb t\u00eb mir\u00eb mes tyre, t\u00eb atij q\u00eb ishte truri dhe shpirti i asaj gjykate.<\/span><\/p>\n<p><span style=\"color: #000000;\">Nj\u00eb model gjyqtari q\u00eb kishte pen\u00ebn dhe vij\u00ebn llogjike, m\u00eb t\u00eb mir\u00eb mes koleg\u00ebve t\u00eb tij, q\u00eb p\u00ebrpiqej t\u00eb zgjidhte jo vet\u00ebm pro\u00e7edurialisht \u00e7\u00ebshtjen gjyq\u00ebsore, por q\u00eb b\u00ebhej pal\u00eb me hallin e qytetarit, p\u00ebr t\u00eb dh\u00ebn\u00eb zgjidhjen m\u00eb t\u00eb mir\u00eb si qytetar model dhe si gjyqtar i zemrave njer\u00ebzore.<\/span><\/p>\n<p><span style=\"color: #000000;\">Nj\u00eb model gjyqtari q\u00eb p\u00ebrpos dh\u00ebnies s\u00eb nj\u00eb nd\u00ebshkimi p\u00ebr autorin e nj\u00eb vepre penale, p\u00ebrpiqej t\u00eb edukonte brezin e ri si me q\u00ebn\u00eb prindi i nj\u00ebrit prej tyre.<\/span><\/p>\n<p><span style=\"color: #000000;\">Nj\u00eb gjyqtar, i cili ja dedikonte 20 or\u00eb nga dita e tij pun\u00ebs, \u00ebsht\u00eb humbje p\u00ebr Gjykat\u00ebn e Kor\u00e7\u00ebs dhe p\u00ebr gjith\u00eb komunitetin e k\u00ebtij qyteti.<\/span><\/p>\n<p><span style=\"color: #000000;\">Ndonj\u00ebher\u00eb faktet q\u00eb lidhen me informalitetin e shoq\u00ebris\u00eb shqiptare jan\u00eb fakte shurdhe, q\u00eb nuk flasin asgj\u00eb p\u00ebr gjenialitetin e nj\u00eb gjyqtari, q\u00eb i duhej patjet\u00ebr edhe pak vite k\u00ebsaj shoq\u00ebrie.<\/span><\/p>\n<p><span style=\"color: #000000;\">Tek njer\u00ebzit e drejt\u00eb, t\u00eb urt\u00eb dhe q\u00eb i sh\u00ebrbenin drejt\u00ebsis\u00eb duke sakrifikuar dhe nga jeta e tyre, duhet patjet\u00ebr t\u00eb gjenden \u201cballist\u00ebt\u201d brenda tyre dhe menj\u00ebher\u00eb t\u00eb shpallen me ligj special \u201cKulak\u00eb\u201d.<\/span><\/p>\n<p><span style=\"color: #000000;\">N\u00eb fakt gjyqtar Seladin Pysqyli, nuk ishte nga ata njer\u00ebz t\u00eb Drejt\u00ebsis\u00eb, q\u00eb ju del n\u00eb aplikacion \u201cSky\u201d dhe ju e keni kaluar.<\/span><\/p>\n","protected":false,"gt_translate_keys":[{"key":"rendered","format":"html"}]},"excerpt":{"rendered":"<p>Nga Elton Qyno Fatkeq\u00ebsisht dit\u00ebn e djeshme \u201cVettingu\u201d pezulloi nga detyra gjyqtarin m\u00eb t\u00eb vjet\u00ebr dhe t\u00eb thjesht\u00eb t\u00eb Kor\u00e7\u00ebs, me 31 vite eksperienc\u00eb, Seladin Pysqylin. Si n\u00eb shum\u00eb raste t\u00eb tjera, edhe n\u00eb k\u00ebt\u00eb rast ky \u201cqerata\u201d Komision i Pavarur i Kualifikimit, gjeti shkelje dometh\u00ebn\u00ebse tek pasuria e gjyqtarit m\u00eb t\u00eb vjet\u00ebr t\u00eb Kor\u00e7\u00ebs, [&hellip;]<\/p>\n","protected":false,"gt_translate_keys":[{"key":"rendered","format":"html"}]},"author":32,"featured_media":690452,"comment_status":"closed","ping_status":"open","sticky":false,"template":"","format":"standard","meta":{"footnotes":""},"categories":[22],"tags":[],"class_list":["post-690451","post","type-post","status-publish","format-standard","has-post-thumbnail","hentry","category-ballina"],"gt_translate_keys":[{"key":"link","format":"url"}],"_links":{"self":[{"href":"https:\/\/www.hashtag.al\/index.php\/wp-json\/wp\/v2\/posts\/690451","targetHints":{"allow":["GET"]}}],"collection":[{"href":"https:\/\/www.hashtag.al\/index.php\/wp-json\/wp\/v2\/posts"}],"about":[{"href":"https:\/\/www.hashtag.al\/index.php\/wp-json\/wp\/v2\/types\/post"}],"author":[{"embeddable":true,"href":"https:\/\/www.hashtag.al\/index.php\/wp-json\/wp\/v2\/users\/32"}],"replies":[{"embeddable":true,"href":"https:\/\/www.hashtag.al\/index.php\/wp-json\/wp\/v2\/comments?post=690451"}],"version-history":[{"count":0,"href":"https:\/\/www.hashtag.al\/index.php\/wp-json\/wp\/v2\/posts\/690451\/revisions"}],"wp:featuredmedia":[{"embeddable":true,"href":"https:\/\/www.hashtag.al\/index.php\/wp-json\/wp\/v2\/media\/690452"}],"wp:attachment":[{"href":"https:\/\/www.hashtag.al\/index.php\/wp-json\/wp\/v2\/media?parent=690451"}],"wp:term":[{"taxonomy":"category","embeddable":true,"href":"https:\/\/www.hashtag.al\/index.php\/wp-json\/wp\/v2\/categories?post=690451"},{"taxonomy":"post_tag","embeddable":true,"href":"https:\/\/www.hashtag.al\/index.php\/wp-json\/wp\/v2\/tags?post=690451"}],"curies":[{"name":"wp","href":"https:\/\/api.w.org\/{rel}","templated":true}]}}