{"id":689847,"date":"2024-07-23T17:13:34","date_gmt":"2024-07-23T15:13:34","guid":{"rendered":"https:\/\/www.hashtag.al\/?p=689847"},"modified":"2024-07-23T17:14:27","modified_gmt":"2024-07-23T15:14:27","slug":"kryebashkiaku-i-lezhes-reagon-per-mashtrimin-ndaj-biznesmenit-persona-te-panjohur-kane-permendur-emrin-tim","status":"publish","type":"post","link":"https:\/\/www.hashtag.al\/index.php\/2024\/07\/23\/kryebashkiaku-i-lezhes-reagon-per-mashtrimin-ndaj-biznesmenit-persona-te-panjohur-kane-permendur-emrin-tim\/","title":{"rendered":"Kryebashkiaku i Lezh\u00ebs reagon p\u00ebr mashtrimin ndaj biznesmenit: Persona t\u00eb panjohur kan\u00eb p\u00ebrmendur emrin tim","gt_translate_keys":[{"key":"rendered","format":"text"}]},"content":{"rendered":"<p style=\"text-align: left;\"><span style=\"color: #000000;\"><img loading=\"lazy\" decoding=\"async\" class=\"size-full wp-image-689848 aligncenter\" src=\"https:\/\/www.hashtag.al\/wp-content\/uploads\/2024\/07\/Screenshot-2024-07-23-171006.png\" alt=\"\" width=\"597\" height=\"360\" srcset=\"https:\/\/www.hashtag.al\/wp-content\/uploads\/2024\/07\/Screenshot-2024-07-23-171006.png 597w, https:\/\/www.hashtag.al\/wp-content\/uploads\/2024\/07\/Screenshot-2024-07-23-171006-300x181.png 300w\" sizes=\"auto, (max-width: 597px) 100vw, 597px\" \/><\/span><\/p>\n<p style=\"text-align: left;\"><span style=\"color: #000000;\">Kryetari i Bashkis\u00eb s\u00eb Lezh\u00ebs, Pjerin Ndreu, ka reaguar, pas raportimeve se tre persona i kan\u00eb marr\u00eb para nj\u00eb biznesmeni n\u00eb Lezh\u00eb, duke u hequr si kreu i Bashkis\u00eb.<\/span><\/p>\n<p style=\"text-align: left;\"><span style=\"color: #000000;\">N\u00eb reagim ai thot\u00eb se persona q\u00eb nuk ishin t\u00eb\u00a0 njohur nga ai kan\u00eb p\u00ebrdorur emrin e tij p\u00ebr t\u00eb b\u00ebr\u00eb presion ndaj nj\u00eb biznesmeni. Ndreu thot\u00eb se disa nga k\u00ebta mashtrues jan\u00eb kapur, nd\u00ebrsa pret hetime t\u00eb m\u00ebtejshme, q\u00eb t\u00eb arrestohen t\u00eb gjith\u00eb t\u00eb dyshuarit.<\/span><\/p>\n<p style=\"text-align: left;\"><span style=\"color: #000000;\"><em>\u201cNje mik, biznesmen nga Lezha, ka rene pre e nje mashtrimi, ku disa shtetas,\u00a0 te panjohur per mua, kane perdorur emrin tim per ti marre para!<\/em><\/span><\/p>\n<p style=\"text-align: left;\"><span style=\"color: #000000;\"><em>Para ca ditesh ne e kapem situaten, denoncum, dhe u be e mundur kapja e autoreve nga ana e Policise Lezhe!<\/em><\/span><\/p>\n<p style=\"text-align: left;\"><span style=\"color: #000000;\"><em>Nese ka persona te tjere qe kane rene pre e ketij mashtrimi, ju lutem te denonconi ne polici\u201d,<\/em> thuhet n\u00eb reagimin e Ndreut.\u00a0\u00a0<\/span><\/p>\n","protected":false,"gt_translate_keys":[{"key":"rendered","format":"html"}]},"excerpt":{"rendered":"<p>Kryetari i Bashkis\u00eb s\u00eb Lezh\u00ebs, Pjerin Ndreu, ka reaguar, pas raportimeve se tre persona i kan\u00eb marr\u00eb para nj\u00eb biznesmeni n\u00eb Lezh\u00eb, duke u hequr si kreu i Bashkis\u00eb. N\u00eb reagim ai thot\u00eb se persona q\u00eb nuk ishin t\u00eb\u00a0 njohur nga ai kan\u00eb p\u00ebrdorur emrin e tij p\u00ebr t\u00eb b\u00ebr\u00eb presion ndaj nj\u00eb biznesmeni. Ndreu [&hellip;]<\/p>\n","protected":false,"gt_translate_keys":[{"key":"rendered","format":"html"}]},"author":4,"featured_media":689848,"comment_status":"closed","ping_status":"open","sticky":false,"template":"","format":"standard","meta":{"footnotes":""},"categories":[65],"tags":[],"class_list":["post-689847","post","type-post","status-publish","format-standard","has-post-thumbnail","hentry","category-lajme"],"gt_translate_keys":[{"key":"link","format":"url"}],"_links":{"self":[{"href":"https:\/\/www.hashtag.al\/index.php\/wp-json\/wp\/v2\/posts\/689847","targetHints":{"allow":["GET"]}}],"collection":[{"href":"https:\/\/www.hashtag.al\/index.php\/wp-json\/wp\/v2\/posts"}],"about":[{"href":"https:\/\/www.hashtag.al\/index.php\/wp-json\/wp\/v2\/types\/post"}],"author":[{"embeddable":true,"href":"https:\/\/www.hashtag.al\/index.php\/wp-json\/wp\/v2\/users\/4"}],"replies":[{"embeddable":true,"href":"https:\/\/www.hashtag.al\/index.php\/wp-json\/wp\/v2\/comments?post=689847"}],"version-history":[{"count":0,"href":"https:\/\/www.hashtag.al\/index.php\/wp-json\/wp\/v2\/posts\/689847\/revisions"}],"wp:featuredmedia":[{"embeddable":true,"href":"https:\/\/www.hashtag.al\/index.php\/wp-json\/wp\/v2\/media\/689848"}],"wp:attachment":[{"href":"https:\/\/www.hashtag.al\/index.php\/wp-json\/wp\/v2\/media?parent=689847"}],"wp:term":[{"taxonomy":"category","embeddable":true,"href":"https:\/\/www.hashtag.al\/index.php\/wp-json\/wp\/v2\/categories?post=689847"},{"taxonomy":"post_tag","embeddable":true,"href":"https:\/\/www.hashtag.al\/index.php\/wp-json\/wp\/v2\/tags?post=689847"}],"curies":[{"name":"wp","href":"https:\/\/api.w.org\/{rel}","templated":true}]}}