{"id":689836,"date":"2024-07-23T17:24:02","date_gmt":"2024-07-23T15:24:02","guid":{"rendered":"https:\/\/www.hashtag.al\/?p=689836"},"modified":"2024-07-23T17:24:02","modified_gmt":"2024-07-23T15:24:02","slug":"kina-njofton-marreveshje-mes-hamasit-dhe-fatahut","status":"publish","type":"post","link":"https:\/\/www.hashtag.al\/index.php\/2024\/07\/23\/kina-njofton-marreveshje-mes-hamasit-dhe-fatahut\/","title":{"rendered":"Kina njofton marr\u00ebveshje mes Hamasit dhe Fatahut","gt_translate_keys":[{"key":"rendered","format":"text"}]},"content":{"rendered":"<p><span style=\"color: #000000;\"><a href=\"https:\/\/www.hashtag.al\/wp-content\/uploads\/2024\/07\/Screenshot-2024-07-23-163308.png\"><img loading=\"lazy\" decoding=\"async\" class=\"aligncenter size-full wp-image-689837\" src=\"https:\/\/www.hashtag.al\/wp-content\/uploads\/2024\/07\/Screenshot-2024-07-23-163308.png\" alt=\"\" width=\"1222\" height=\"708\" srcset=\"https:\/\/www.hashtag.al\/wp-content\/uploads\/2024\/07\/Screenshot-2024-07-23-163308.png 1222w, https:\/\/www.hashtag.al\/wp-content\/uploads\/2024\/07\/Screenshot-2024-07-23-163308-300x174.png 300w, https:\/\/www.hashtag.al\/wp-content\/uploads\/2024\/07\/Screenshot-2024-07-23-163308-1024x593.png 1024w, https:\/\/www.hashtag.al\/wp-content\/uploads\/2024\/07\/Screenshot-2024-07-23-163308-768x445.png 768w, https:\/\/www.hashtag.al\/wp-content\/uploads\/2024\/07\/Screenshot-2024-07-23-163308-250x145.png 250w\" sizes=\"auto, (max-width: 1222px) 100vw, 1222px\" \/><\/a><\/span><\/p>\n<p><span style=\"color: #000000;\">Media shtet\u00ebrore kineze njoftoi t\u00eb mart\u00ebn se fraksionet rivale palestineze, Fatahu dhe Hamasi kan\u00eb n\u00ebnshkruar nj\u00eb deklarat\u00eb me synimin p\u00ebr t\u2019i dh\u00ebn\u00eb fund mosmarr\u00ebveshjeve disavje\u00e7are dhe p\u00ebr t\u00eb formuar nj\u00eb qeveri t\u00eb unitetit komb\u00ebtar.<\/span><\/p>\n<p><span style=\"color: #000000;\">N\u00eb nj\u00eb postim n\u00eb mediat sociale t\u00eb rrjetit televiziv kinez \u2018CGTN\u2019 thuhej se marr\u00ebveshja u n\u00ebnshkrua n\u00eb Pekin, pas nj\u00eb forumi dyditor t\u00eb organizuar nga ministri i Jasht\u00ebm Wang Yi.<\/span><\/p>\n<p><span style=\"color: #000000;\">Bisedimet p\u00ebrfshinin edhe 12 fraksione t\u00eb tjera m\u00eb t\u00eb vogla palestineze.<\/span><\/p>\n<p><span style=\"color: #000000;\">Transmetuesi shtet\u00ebror kinez \u2018CCTV\u2019 nuk dha detaje t\u00eb m\u00ebtejshme mbi marr\u00ebveshjen.<\/span><\/p>\n<p><span style=\"color: #000000;\">Bisedimet n\u00eb Pekin kishin p\u00ebr q\u00ebllim krijimin e nj\u00eb udh\u00ebrr\u00ebfyesi p\u00ebr Gaz\u00ebn e pasluft\u00ebs, sapo t\u00eb arrihet nj\u00eb arm\u00ebpushim mes Izraelit dhe Hamasit, q\u00eb do t&#8217;i jepte fund luft\u00ebs n\u00ebnt\u00eb-mujore n\u00eb Gaz\u00eb.<\/span><\/p>\n<p><span style=\"color: #000000;\">Kryeministri izraelit Benjamin Netanyahu ka th\u00ebn\u00eb se q\u00ebllimi i vendit t\u00eb tij \u00ebsht\u00eb t\u00eb shkat\u00ebrroj\u00eb grupin e Hamasit t\u00eb mb\u00ebshtetur nga Irani. Ai \u00ebsht\u00eb kund\u00ebr \u00e7do opsioni q\u00eb grupi t\u00eb ket\u00eb rol n\u00eb administrat\u00ebn e Gaz\u00ebs t\u00eb pas luft\u00ebs.<\/span><\/p>\n<p><span style=\"color: #000000;\"><em>&#8220;N\u00eb vend q\u00eb t\u00eb refuzoj\u00eb terrorizmin, udh\u00ebheq\u00ebsi i Fatahut Mahmoud Abbas p\u00ebrqafon vras\u00ebsit dhe p\u00ebrdhunuesit e Hamasit, duke zbuluar fytyr\u00ebn e tij t\u00eb v\u00ebrtet\u00eb. N\u00eb realitet, kjo nuk do t\u00eb ndodh\u00eb, sepse sundimi i Hamasit do t\u00eb shtypet dhe Abbasi \u201cdo ta shoh\u00eb Gaz\u00ebn nga larg\u201d. Siguria e Izraelit do t\u00eb mbetet vet\u00ebm n\u00eb duart e Izraelit\u201d,<\/em> shkruante ministri i Jasht\u00ebm izraelit, Israel Katz n\u00eb rrjetin social X.<\/span><\/p>\n<p><span style=\"color: #000000;\">Fatahu dhe Hamasi kan\u00eb patur mosmarr\u00ebveshje p\u00ebr dekadash lidhur me q\u00ebndrimin e tyre ndaj Izraelit. Fatahu, partia politike palestineze q\u00eb qeveris pjes\u00eb t\u00eb Bregut Per\u00ebndimor, ka n\u00ebnshkruar marr\u00ebveshje t\u00eb p\u00ebrkohshme paqeje me Izraelin, nd\u00ebrsa Hamasi refuzon t\u00eb njoh\u00eb zyrtarisht shtetin hebre.<\/span><\/p>\n<p><span style=\"color: #000000;\">Pal\u00ebt u ndan\u00eb dhunsh\u00ebm kur luft\u00ebtar\u00ebt e Hamasit d\u00ebbuan forcat e Fatahut nga Rajoni i Gaz\u00ebs n\u00eb vitin 2007 dhe mor\u00ebn kontrollin e rajonit.<\/span><\/p>\n<p><span style=\"color: #000000;\">Prej asaj kohe Hamasi qeveris Gaz\u00ebn dhe \u00ebsht\u00eb p\u00ebrfshir\u00eb n\u00eb nj\u00eb luft\u00eb brutale me Izraelin, q\u00eb u nxit nga sulmi terrorist i grupit ndaj pjes\u00ebs jugore t\u00eb shtetit hebre m\u00eb 7 tetor t\u00eb vitit 2023. Gjat\u00eb sulmit, Hamasi vrau 1200 persona dhe mori peng rreth 250 t\u00eb tjer\u00eb.<\/span><\/p>\n<p><span style=\"color: #000000;\">Izraeli u kund\u00ebrp\u00ebrgjigj me sulme t\u00eb pand\u00ebrprera ajrore dhe tok\u00ebsore q\u00eb kan\u00eb shkaktuar vdekjen e t\u00eb pakt\u00ebn 38,500 personave e kan\u00eb plagosur m\u00eb shum\u00eb se 88,800 t\u00eb tjer\u00eb, sipas ministris\u00eb s\u00eb Sh\u00ebndet\u00ebsis\u00eb t\u00eb Gaz\u00ebs q\u00eb kontrollohet nga Hamasi.<\/span><\/p>\n<p><span style=\"color: #000000;\">Gjat\u00eb 17 viteve t\u00eb fundit, Egjipti dhe vendet e tjera arabe kan\u00eb b\u00ebr\u00eb p\u00ebrpjekje p\u00ebr t\u00eb pajtuar Hamasin dhe Fatahun. Mbetet p\u00ebr t&#8217;u par\u00eb n\u00ebse marr\u00ebveshja e arritur n\u00eb Pekin do t&#8217;i mbijetoj\u00eb realitetit n\u00eb terren.<\/span><\/p>\n<p><span style=\"color: #000000;\">Marr\u00ebveshja n\u00ebnvizon ndikimin n\u00eb rritje t\u00eb Kin\u00ebs n\u00eb Lindjen e Mesme, pasi ka nd\u00ebrmjet\u00ebsuar nj\u00eb tjet\u00ebr pakt paqeje mes Arabis\u00eb Saudite dhe Iranit.\/<span style=\"color: #0000ff;\"><a style=\"color: #0000ff;\" href=\"https:\/\/www.zeriamerikes.com\/a\/7709455.html\">VOA<\/a><\/span><\/span><\/p>\n","protected":false,"gt_translate_keys":[{"key":"rendered","format":"html"}]},"excerpt":{"rendered":"<p>Media shtet\u00ebrore kineze njoftoi t\u00eb mart\u00ebn se fraksionet rivale palestineze, Fatahu dhe Hamasi kan\u00eb n\u00ebnshkruar nj\u00eb deklarat\u00eb me synimin p\u00ebr t\u2019i dh\u00ebn\u00eb fund mosmarr\u00ebveshjeve disavje\u00e7are dhe p\u00ebr t\u00eb formuar nj\u00eb qeveri t\u00eb unitetit komb\u00ebtar. N\u00eb nj\u00eb postim n\u00eb mediat sociale t\u00eb rrjetit televiziv kinez \u2018CGTN\u2019 thuhej se marr\u00ebveshja u n\u00ebnshkrua n\u00eb Pekin, pas nj\u00eb forumi [&hellip;]<\/p>\n","protected":false,"gt_translate_keys":[{"key":"rendered","format":"html"}]},"author":32,"featured_media":689837,"comment_status":"closed","ping_status":"open","sticky":false,"template":"","format":"standard","meta":{"footnotes":""},"categories":[6],"tags":[],"class_list":["post-689836","post","type-post","status-publish","format-standard","has-post-thumbnail","hentry","category-nderkombetare"],"gt_translate_keys":[{"key":"link","format":"url"}],"_links":{"self":[{"href":"https:\/\/www.hashtag.al\/index.php\/wp-json\/wp\/v2\/posts\/689836","targetHints":{"allow":["GET"]}}],"collection":[{"href":"https:\/\/www.hashtag.al\/index.php\/wp-json\/wp\/v2\/posts"}],"about":[{"href":"https:\/\/www.hashtag.al\/index.php\/wp-json\/wp\/v2\/types\/post"}],"author":[{"embeddable":true,"href":"https:\/\/www.hashtag.al\/index.php\/wp-json\/wp\/v2\/users\/32"}],"replies":[{"embeddable":true,"href":"https:\/\/www.hashtag.al\/index.php\/wp-json\/wp\/v2\/comments?post=689836"}],"version-history":[{"count":0,"href":"https:\/\/www.hashtag.al\/index.php\/wp-json\/wp\/v2\/posts\/689836\/revisions"}],"wp:featuredmedia":[{"embeddable":true,"href":"https:\/\/www.hashtag.al\/index.php\/wp-json\/wp\/v2\/media\/689837"}],"wp:attachment":[{"href":"https:\/\/www.hashtag.al\/index.php\/wp-json\/wp\/v2\/media?parent=689836"}],"wp:term":[{"taxonomy":"category","embeddable":true,"href":"https:\/\/www.hashtag.al\/index.php\/wp-json\/wp\/v2\/categories?post=689836"},{"taxonomy":"post_tag","embeddable":true,"href":"https:\/\/www.hashtag.al\/index.php\/wp-json\/wp\/v2\/tags?post=689836"}],"curies":[{"name":"wp","href":"https:\/\/api.w.org\/{rel}","templated":true}]}}