{"id":689792,"date":"2024-07-23T12:57:47","date_gmt":"2024-07-23T10:57:47","guid":{"rendered":"https:\/\/www.hashtag.al\/?p=689792"},"modified":"2024-07-23T12:57:47","modified_gmt":"2024-07-23T10:57:47","slug":"kurti-kritikon-be-ne-per-heqjen-e-vizave-per-poseduesit-e-pasaportave-serbe","status":"publish","type":"post","link":"https:\/\/www.hashtag.al\/index.php\/2024\/07\/23\/kurti-kritikon-be-ne-per-heqjen-e-vizave-per-poseduesit-e-pasaportave-serbe\/","title":{"rendered":"Kurti kritikon BE-n\u00eb p\u00ebr heqjen e vizave p\u00ebr poseduesit e pasaportave serbe","gt_translate_keys":[{"key":"rendered","format":"text"}]},"content":{"rendered":"<p><span style=\"color: #000000;\"><a href=\"https:\/\/www.hashtag.al\/wp-content\/uploads\/2024\/06\/kurti.png\"><img loading=\"lazy\" decoding=\"async\" class=\"aligncenter size-full wp-image-679625\" src=\"https:\/\/www.hashtag.al\/wp-content\/uploads\/2024\/06\/kurti.png\" alt=\"\" width=\"1115\" height=\"678\" srcset=\"https:\/\/www.hashtag.al\/wp-content\/uploads\/2024\/06\/kurti.png 1115w, https:\/\/www.hashtag.al\/wp-content\/uploads\/2024\/06\/kurti-300x182.png 300w, https:\/\/www.hashtag.al\/wp-content\/uploads\/2024\/06\/kurti-1024x623.png 1024w, https:\/\/www.hashtag.al\/wp-content\/uploads\/2024\/06\/kurti-768x467.png 768w\" sizes=\"auto, (max-width: 1115px) 100vw, 1115px\" \/><\/a><\/span><\/p>\n<p><span style=\"color: #000000;\">Kryeministri i Kosov\u00ebs, Albin Kurti, e cil\u00ebsoi si \u201ct\u00eb padrejt\u00eb dhe t\u00eb d\u00ebmsh\u00ebm\u201d vendimin e K\u00ebshillit t\u00eb Bashkimit Evropian p\u00ebr t\u2019ua hequr regjimin e vizave qytetar\u00ebve t\u00eb Kosov\u00ebs q\u00eb posedojn\u00eb pasaporta serbe, t\u00eb l\u00ebshuara nga Drejtoria Koordinuese e Serbis\u00eb.<\/span><\/p>\n<p><span style=\"color: #000000;\">Ky vendim, sipas tij, \u00ebsht\u00eb \u201c<em>edhe dekurajues p\u00ebr integrimin e serb\u00ebve t\u00eb Kosov\u00ebs\u201d.<\/em><\/span><\/p>\n<p><span style=\"color: #000000;\">Por, shtoi Kurti, <em>\u201cne nuk kemi mund\u00ebsi t\u00eb m\u00ebdha q\u00eb t\u00eb ndikojm\u00eb n\u00eb vendimet e Brukselit\u201d.<\/em><\/span><\/p>\n<p><span style=\"color: #000000;\">Kurti i b\u00ebri k\u00ebto komente p\u00ebr gazetar\u00ebt, gjat\u00eb p\u00ebrurimit t\u00eb disa hap\u00ebsirave t\u00eb rinovuara n\u00eb Klinik\u00ebn e Kardiokirurgjis\u00eb n\u00eb Qendr\u00ebn Klinike Universitare t\u00eb Kosov\u00ebs.<\/span><\/p>\n<p><span style=\"color: #000000;\">Ministrat e Jasht\u00ebm t\u00eb Bashkimit Evropian e mor\u00ebn vendimin e lartp\u00ebrmendur m\u00eb 22 korrik.<\/span><\/p>\n<p><span style=\"color: #000000;\">Vendimi pritet t\u00eb hyj\u00eb n\u00eb fuqi dit\u00ebn e 20-t\u00eb pas botimit n\u00eb Gazet\u00ebn Zyrtare t\u00eb BE-s\u00eb.Serb\u00ebt e Kosov\u00ebs, q\u00eb posedojn\u00eb pasaporta t\u00eb l\u00ebshuara nga Drejtoria Koordinuese e Serbis\u00eb, jan\u00eb aktualisht t\u00eb vetmit qytetar\u00eb t\u00eb Ballkanit Per\u00ebndimor q\u00eb u duhen viza p\u00ebr t\u00eb udh\u00ebtuar n\u00eb zon\u00ebn e l\u00ebvizjes s\u00eb lir\u00eb, Schengen.<\/span><\/p>\n<p><span style=\"color: #000000;\">Komisioni Evropian propozoi heqjen e vizave p\u00ebr ta qysh n\u00eb n\u00ebntor t\u00eb vitit t\u00eb kaluar.<\/span><\/p>\n<p><span style=\"color: #000000;\">Kosova nuk i njeh pasaportat e Drejtoris\u00eb Koordinuese t\u00eb Serbis\u00eb, e cila funksionon n\u00eb kuad\u00ebr t\u00eb Ministris\u00eb s\u00eb Brendshme serbe n\u00eb Beograd, dhe mbajt\u00ebsit e tyre nuk mund t\u00eb fluturojn\u00eb me to nga Aeroporti i Prishtin\u00ebs.<\/span><\/p>\n<p><span style=\"color: #000000;\">Autoritetet n\u00eb Kosov\u00eb i inkurajojn\u00eb qytetar\u00ebt serb\u00eb q\u00eb t\u00eb pajisen me pasaporta t\u00eb Kosov\u00ebs.<\/span><\/p>\n<p><span style=\"color: #000000;\">Qytetar\u00ebt me pasaporta biometrike t\u00eb Kosov\u00ebs g\u00ebzojn\u00eb liberalizimin e vizave nga 1 janari i k\u00ebtij viti.\/<span style=\"color: #0000ff;\"><a style=\"color: #0000ff;\" href=\"https:\/\/www.evropaelire.org\/a\/regjimi-i-vizave-per-poseduesit-e-pasaportave-serbe\/33047433.html\">REL<\/a><\/span><\/span><\/p>\n","protected":false,"gt_translate_keys":[{"key":"rendered","format":"html"}]},"excerpt":{"rendered":"<p>Kryeministri i Kosov\u00ebs, Albin Kurti, e cil\u00ebsoi si \u201ct\u00eb padrejt\u00eb dhe t\u00eb d\u00ebmsh\u00ebm\u201d vendimin e K\u00ebshillit t\u00eb Bashkimit Evropian p\u00ebr t\u2019ua hequr regjimin e vizave qytetar\u00ebve t\u00eb Kosov\u00ebs q\u00eb posedojn\u00eb pasaporta serbe, t\u00eb l\u00ebshuara nga Drejtoria Koordinuese e Serbis\u00eb. Ky vendim, sipas tij, \u00ebsht\u00eb \u201cedhe dekurajues p\u00ebr integrimin e serb\u00ebve t\u00eb Kosov\u00ebs\u201d. Por, shtoi Kurti, [&hellip;]<\/p>\n","protected":false,"gt_translate_keys":[{"key":"rendered","format":"html"}]},"author":32,"featured_media":679625,"comment_status":"closed","ping_status":"open","sticky":false,"template":"","format":"standard","meta":{"footnotes":""},"categories":[149],"tags":[],"class_list":["post-689792","post","type-post","status-publish","format-standard","has-post-thumbnail","hentry","category-kosoverajon"],"gt_translate_keys":[{"key":"link","format":"url"}],"_links":{"self":[{"href":"https:\/\/www.hashtag.al\/index.php\/wp-json\/wp\/v2\/posts\/689792","targetHints":{"allow":["GET"]}}],"collection":[{"href":"https:\/\/www.hashtag.al\/index.php\/wp-json\/wp\/v2\/posts"}],"about":[{"href":"https:\/\/www.hashtag.al\/index.php\/wp-json\/wp\/v2\/types\/post"}],"author":[{"embeddable":true,"href":"https:\/\/www.hashtag.al\/index.php\/wp-json\/wp\/v2\/users\/32"}],"replies":[{"embeddable":true,"href":"https:\/\/www.hashtag.al\/index.php\/wp-json\/wp\/v2\/comments?post=689792"}],"version-history":[{"count":0,"href":"https:\/\/www.hashtag.al\/index.php\/wp-json\/wp\/v2\/posts\/689792\/revisions"}],"wp:featuredmedia":[{"embeddable":true,"href":"https:\/\/www.hashtag.al\/index.php\/wp-json\/wp\/v2\/media\/679625"}],"wp:attachment":[{"href":"https:\/\/www.hashtag.al\/index.php\/wp-json\/wp\/v2\/media?parent=689792"}],"wp:term":[{"taxonomy":"category","embeddable":true,"href":"https:\/\/www.hashtag.al\/index.php\/wp-json\/wp\/v2\/categories?post=689792"},{"taxonomy":"post_tag","embeddable":true,"href":"https:\/\/www.hashtag.al\/index.php\/wp-json\/wp\/v2\/tags?post=689792"}],"curies":[{"name":"wp","href":"https:\/\/api.w.org\/{rel}","templated":true}]}}