{"id":689784,"date":"2024-07-23T12:34:05","date_gmt":"2024-07-23T10:34:05","guid":{"rendered":"https:\/\/www.hashtag.al\/?p=689784"},"modified":"2024-07-23T12:34:05","modified_gmt":"2024-07-23T10:34:05","slug":"merret-vendimi-abone-falas-per-studentet-edhe-per-vitin-e-ri-akademik","status":"publish","type":"post","link":"https:\/\/www.hashtag.al\/index.php\/2024\/07\/23\/merret-vendimi-abone-falas-per-studentet-edhe-per-vitin-e-ri-akademik\/","title":{"rendered":"Merret vendimi, abone falas p\u00ebr student\u00ebt edhe p\u00ebr vitin e ri akademik","gt_translate_keys":[{"key":"rendered","format":"text"}]},"content":{"rendered":"<p><span style=\"color: #000000;\"><a href=\"https:\/\/www.hashtag.al\/wp-content\/uploads\/2024\/07\/autobusi1-1.png\"><img loading=\"lazy\" decoding=\"async\" class=\"aligncenter size-full wp-image-689785\" src=\"https:\/\/www.hashtag.al\/wp-content\/uploads\/2024\/07\/autobusi1-1.png\" alt=\"\" width=\"628\" height=\"351\" srcset=\"https:\/\/www.hashtag.al\/wp-content\/uploads\/2024\/07\/autobusi1-1.png 628w, https:\/\/www.hashtag.al\/wp-content\/uploads\/2024\/07\/autobusi1-1-300x168.png 300w\" sizes=\"auto, (max-width: 628px) 100vw, 628px\" \/><\/a><\/span><\/p>\n<p><span style=\"color: #000000;\">Pas dy viteve q\u00eb udh\u00ebtojn\u00eb falas n\u00eb linjat e autobusit n\u00eb Tiran\u00eb, t\u00eb gjith\u00eb student\u00ebt q\u00eb jan\u00eb t\u00eb pajisur me kart\u00ebn e studentit do t\u00eb mund t\u00eb udh\u00ebtojn\u00eb s\u00ebrish falas edhe gjat\u00eb vitit akademik 2024-25.<\/span><\/p>\n<p><span style=\"color: #000000;\">K\u00ebshilli Bashkiak i Tiran\u00ebs, me votat e p\u00ebrfaq\u00ebsuesve socialist\u00eb, miratoi dje propozimin e kryebashkiakut Erion Veliaj p\u00ebr abone falas p\u00ebr t\u00eb gjith\u00eb student\u00ebt q\u00eb studiojn\u00eb n\u00eb Tiran\u00eb.<\/span><\/p>\n<p><span style=\"color: #000000;\">M\u00eb her\u00ebt, Bashkia e Tiran\u00ebs ka subvencionuar edhe gjysm\u00ebn e pages\u00ebs p\u00ebr konviktet, duke ua leht\u00ebsuar shum\u00eb jetes\u00ebn n\u00eb kryeqytet student\u00ebve.<\/span><\/p>\n","protected":false,"gt_translate_keys":[{"key":"rendered","format":"html"}]},"excerpt":{"rendered":"<p>Pas dy viteve q\u00eb udh\u00ebtojn\u00eb falas n\u00eb linjat e autobusit n\u00eb Tiran\u00eb, t\u00eb gjith\u00eb student\u00ebt q\u00eb jan\u00eb t\u00eb pajisur me kart\u00ebn e studentit do t\u00eb mund t\u00eb udh\u00ebtojn\u00eb s\u00ebrish falas edhe gjat\u00eb vitit akademik 2024-25. K\u00ebshilli Bashkiak i Tiran\u00ebs, me votat e p\u00ebrfaq\u00ebsuesve socialist\u00eb, miratoi dje propozimin e kryebashkiakut Erion Veliaj p\u00ebr abone falas p\u00ebr [&hellip;]<\/p>\n","protected":false,"gt_translate_keys":[{"key":"rendered","format":"html"}]},"author":32,"featured_media":689785,"comment_status":"closed","ping_status":"open","sticky":false,"template":"","format":"standard","meta":{"footnotes":""},"categories":[65],"tags":[],"class_list":["post-689784","post","type-post","status-publish","format-standard","has-post-thumbnail","hentry","category-lajme"],"gt_translate_keys":[{"key":"link","format":"url"}],"_links":{"self":[{"href":"https:\/\/www.hashtag.al\/index.php\/wp-json\/wp\/v2\/posts\/689784","targetHints":{"allow":["GET"]}}],"collection":[{"href":"https:\/\/www.hashtag.al\/index.php\/wp-json\/wp\/v2\/posts"}],"about":[{"href":"https:\/\/www.hashtag.al\/index.php\/wp-json\/wp\/v2\/types\/post"}],"author":[{"embeddable":true,"href":"https:\/\/www.hashtag.al\/index.php\/wp-json\/wp\/v2\/users\/32"}],"replies":[{"embeddable":true,"href":"https:\/\/www.hashtag.al\/index.php\/wp-json\/wp\/v2\/comments?post=689784"}],"version-history":[{"count":0,"href":"https:\/\/www.hashtag.al\/index.php\/wp-json\/wp\/v2\/posts\/689784\/revisions"}],"wp:featuredmedia":[{"embeddable":true,"href":"https:\/\/www.hashtag.al\/index.php\/wp-json\/wp\/v2\/media\/689785"}],"wp:attachment":[{"href":"https:\/\/www.hashtag.al\/index.php\/wp-json\/wp\/v2\/media?parent=689784"}],"wp:term":[{"taxonomy":"category","embeddable":true,"href":"https:\/\/www.hashtag.al\/index.php\/wp-json\/wp\/v2\/categories?post=689784"},{"taxonomy":"post_tag","embeddable":true,"href":"https:\/\/www.hashtag.al\/index.php\/wp-json\/wp\/v2\/tags?post=689784"}],"curies":[{"name":"wp","href":"https:\/\/api.w.org\/{rel}","templated":true}]}}