{"id":689466,"date":"2024-07-21T12:05:20","date_gmt":"2024-07-21T10:05:20","guid":{"rendered":"https:\/\/www.hashtag.al\/?p=689466"},"modified":"2024-07-21T12:05:20","modified_gmt":"2024-07-21T10:05:20","slug":"lushnje-merrte-makina-me-qira-dhe-nuk-i-kthente-pranga-43-vjecarit-te-shpallur-ne-kerkim","status":"publish","type":"post","link":"https:\/\/www.hashtag.al\/index.php\/2024\/07\/21\/lushnje-merrte-makina-me-qira-dhe-nuk-i-kthente-pranga-43-vjecarit-te-shpallur-ne-kerkim\/","title":{"rendered":"Lushnje, merrte makina me qira dhe nuk i kthente, pranga 43-vje\u00e7arit t\u00eb shpallur n\u00eb k\u00ebrkim","gt_translate_keys":[{"key":"rendered","format":"text"}]},"content":{"rendered":"<div id=\"attachment_689467\" style=\"width: 1034px\" class=\"wp-caption aligncenter\"><img loading=\"lazy\" decoding=\"async\" aria-describedby=\"caption-attachment-689467\" class=\"wp-image-689467 size-full\" src=\"https:\/\/www.hashtag.al\/wp-content\/uploads\/2024\/07\/arrestim-2.png\" alt=\"\" width=\"1024\" height=\"518\" srcset=\"https:\/\/www.hashtag.al\/wp-content\/uploads\/2024\/07\/arrestim-2.png 1024w, https:\/\/www.hashtag.al\/wp-content\/uploads\/2024\/07\/arrestim-2-300x152.png 300w, https:\/\/www.hashtag.al\/wp-content\/uploads\/2024\/07\/arrestim-2-768x389.png 768w\" sizes=\"auto, (max-width: 1024px) 100vw, 1024px\" \/><p id=\"caption-attachment-689467\" class=\"wp-caption-text\"><em><strong><span style=\"color: #0000ff;\">Foto ilustruese<\/span><\/strong><\/em><\/p><\/div>\n<p><span style=\"font-weight: 400; color: #000000;\">Nj\u00eb 43-vje\u00e7ar i shpallur n\u00eb k\u00ebrkim nd\u00ebrkomb\u00ebtar p\u00ebr vepr\u00ebn penale \u201cMashtrimi\u201d, pasi n\u00eb periudh\u00ebn shkurt-mars 2024, n\u00ebp\u00ebrmjet mashtrimit ky shtetas ka marr\u00eb automjete me qira, duke mos kryer pages\u00ebn, e m\u00eb pas nuk i ka kthyer m\u00eb.<\/span><\/p>\n<p><span style=\"font-weight: 400; color: #000000;\">Nj\u00ebrin nga automjetet e marra me qira n\u00ebp\u00ebrmjet mashtrimit, ia ka shitur nj\u00eb shtetasi n\u00eb fshatin Frakull e Madhe, Fier.<\/span><\/p>\n<p><span style=\"font-weight: 400; color: #000000;\">J.Sh., 43 vje\u00e7, banues n\u00eb Lushnj\u00eb, ra n\u00eb pranga teksa pritet q\u00eb t\u00eb p\u00ebrballet me akuz\u00ebn, materialet kan\u00eb kaluar n\u00eb Prokurori lidhur me veprimet e m\u00ebtejshme hetimore.<\/span><\/p>\n<p><span style=\"font-weight: 400; color: #000000;\">Teksa Gjykata e Fierit ka caktuar mas\u00eb sigurie \u201cArrest me burg.<\/span><\/p>\n<p><span style=\"color: #000000;\"><b>NJOFTIMI I POLICIS\u00cb<\/b><\/span><\/p>\n<p><span style=\"color: #000000;\"><i><span style=\"font-weight: 400;\">\u201cLushnj\u00eb\/N\u00eb zbatim t\u00eb masave t\u00eb planit operacional t\u00eb koduar \u201cSundimi i ligjit\u201d, kapet 1 shtetas n\u00eb k\u00ebrkim komb\u00ebtar.<\/span><\/i><\/span><\/p>\n<p><span style=\"color: #000000;\"><i><span style=\"font-weight: 400;\">I shpallur n\u00eb k\u00ebrkim p\u00ebr vepr\u00ebn penale \u201cMashtrimi\u201d, kapet dhe vihet n\u00eb pranga 43-vje\u00e7ari.<\/span><\/i><\/span><\/p>\n<p><span style=\"color: #000000;\"><i><span style=\"font-weight: 400;\">N\u00eb vijim t\u00eb aksioneve intensive t\u00eb Policis\u00eb, t\u00eb kryera n\u00eb kuad\u00ebr t\u00eb operacionit policor komb\u00ebtar t\u00eb koduar \u201cSundimi i ligjit\u201d, p\u00ebr kapjen e shtetasve t\u00eb shpallur n\u00eb k\u00ebrkim komb\u00ebtar, bazuar dhe n\u00eb informacionet e siguruara nga inteligjenca policore, sh\u00ebrbimet e Komisariatit t\u00eb Policis\u00eb Lushnj\u00eb kan\u00eb kapur dhe v\u00ebn\u00eb n\u00eb pranga shtetasin: J. Sh., 43 vje\u00e7, banues n\u00eb Lushnj\u00eb.\u00a0<\/span><\/i><\/span><\/p>\n<p><span style=\"color: #000000;\"><i><span style=\"font-weight: 400;\">Gjykata e Fierit ka caktuar mas\u00eb sigurie \u201cArrest me burg\u201d, p\u00ebr k\u00ebt\u00eb shtetas, p\u00ebr vepr\u00ebn penale \u201cMashtrimi\u201d, pasi n\u00eb periudh\u00ebn kohore shkurt-mars 2024, n\u00ebp\u00ebrmjet mashtrimit ky shtetas ka marr\u00eb automjete me qera, duke mos kryer pages\u00ebn, e m\u00eb pas nuk i ka kthyer m\u00eb. Nj\u00ebrin nga automjetet e marra me qera n\u00ebp\u00ebrmjet mashtrimit, ia ka shitur nj\u00eb shtetasi n\u00eb fshatin Frakull e Madhe, Fier.<\/span><\/i><\/span><\/p>\n<p><span style=\"color: #000000;\"><i><span style=\"font-weight: 400;\">Materialet procedurale i kaluan Prokuroris\u00eb p\u00ebr veprime t\u00eb m\u00ebtejshme\u201d.<\/span><\/i><\/span><\/p>\n","protected":false,"gt_translate_keys":[{"key":"rendered","format":"html"}]},"excerpt":{"rendered":"<p>Nj\u00eb 43-vje\u00e7ar i shpallur n\u00eb k\u00ebrkim nd\u00ebrkomb\u00ebtar p\u00ebr vepr\u00ebn penale \u201cMashtrimi\u201d, pasi n\u00eb periudh\u00ebn shkurt-mars 2024, n\u00ebp\u00ebrmjet mashtrimit ky shtetas ka marr\u00eb automjete me qira, duke mos kryer pages\u00ebn, e m\u00eb pas nuk i ka kthyer m\u00eb. Nj\u00ebrin nga automjetet e marra me qira n\u00ebp\u00ebrmjet mashtrimit, ia ka shitur nj\u00eb shtetasi n\u00eb fshatin Frakull e [&hellip;]<\/p>\n","protected":false,"gt_translate_keys":[{"key":"rendered","format":"html"}]},"author":4,"featured_media":689467,"comment_status":"closed","ping_status":"open","sticky":false,"template":"","format":"standard","meta":{"footnotes":""},"categories":[65],"tags":[],"class_list":["post-689466","post","type-post","status-publish","format-standard","has-post-thumbnail","hentry","category-lajme"],"gt_translate_keys":[{"key":"link","format":"url"}],"_links":{"self":[{"href":"https:\/\/www.hashtag.al\/index.php\/wp-json\/wp\/v2\/posts\/689466","targetHints":{"allow":["GET"]}}],"collection":[{"href":"https:\/\/www.hashtag.al\/index.php\/wp-json\/wp\/v2\/posts"}],"about":[{"href":"https:\/\/www.hashtag.al\/index.php\/wp-json\/wp\/v2\/types\/post"}],"author":[{"embeddable":true,"href":"https:\/\/www.hashtag.al\/index.php\/wp-json\/wp\/v2\/users\/4"}],"replies":[{"embeddable":true,"href":"https:\/\/www.hashtag.al\/index.php\/wp-json\/wp\/v2\/comments?post=689466"}],"version-history":[{"count":0,"href":"https:\/\/www.hashtag.al\/index.php\/wp-json\/wp\/v2\/posts\/689466\/revisions"}],"wp:featuredmedia":[{"embeddable":true,"href":"https:\/\/www.hashtag.al\/index.php\/wp-json\/wp\/v2\/media\/689467"}],"wp:attachment":[{"href":"https:\/\/www.hashtag.al\/index.php\/wp-json\/wp\/v2\/media?parent=689466"}],"wp:term":[{"taxonomy":"category","embeddable":true,"href":"https:\/\/www.hashtag.al\/index.php\/wp-json\/wp\/v2\/categories?post=689466"},{"taxonomy":"post_tag","embeddable":true,"href":"https:\/\/www.hashtag.al\/index.php\/wp-json\/wp\/v2\/tags?post=689466"}],"curies":[{"name":"wp","href":"https:\/\/api.w.org\/{rel}","templated":true}]}}