{"id":689325,"date":"2024-07-20T13:45:07","date_gmt":"2024-07-20T11:45:07","guid":{"rendered":"https:\/\/www.hashtag.al\/?p=689325"},"modified":"2024-07-20T13:45:07","modified_gmt":"2024-07-20T11:45:07","slug":"ministrja-haxhiu-kerkon-hetim-per-arratisjet-e-te-burgosurve-nga-kosova-ne-serbi","status":"publish","type":"post","link":"https:\/\/www.hashtag.al\/index.php\/2024\/07\/20\/ministrja-haxhiu-kerkon-hetim-per-arratisjet-e-te-burgosurve-nga-kosova-ne-serbi\/","title":{"rendered":"Ministrja Haxhiu k\u00ebrkon hetim p\u00ebr arratisjet e t\u00eb burgosurve nga Kosova n\u00eb Serbi","gt_translate_keys":[{"key":"rendered","format":"text"}]},"content":{"rendered":"<p style=\"text-align: left;\"><span style=\"color: #000000;\"><img loading=\"lazy\" decoding=\"async\" class=\"size-full wp-image-689326 aligncenter\" src=\"https:\/\/www.hashtag.al\/wp-content\/uploads\/2024\/07\/Screenshot-2024-07-20-132017.png\" alt=\"\" width=\"728\" height=\"422\" srcset=\"https:\/\/www.hashtag.al\/wp-content\/uploads\/2024\/07\/Screenshot-2024-07-20-132017.png 728w, https:\/\/www.hashtag.al\/wp-content\/uploads\/2024\/07\/Screenshot-2024-07-20-132017-300x174.png 300w, https:\/\/www.hashtag.al\/wp-content\/uploads\/2024\/07\/Screenshot-2024-07-20-132017-250x145.png 250w\" sizes=\"auto, (max-width: 728px) 100vw, 728px\" \/><\/span><\/p>\n<p style=\"text-align: left;\"><span style=\"color: #000000;\">Ministrja e Drejt\u00ebsis\u00eb n\u00eb Kosov\u00eb, Albulena Haxhiu, ka b\u00ebr\u00eb thirrje t\u00eb shtun\u00ebn p\u00ebr nisjen e nj\u00eb hetimi vendor dhe nd\u00ebrkomb\u00ebtar p\u00ebr nxitjen dhe organizimin e arratisjeve t\u00eb t\u00eb burgosurve nga burgjet e Kosov\u00ebs p\u00ebr n\u00eb territorin e Serbis\u00eb.<\/span><\/p>\n<p style=\"text-align: left;\"><span style=\"color: #000000;\">Sipas saj, shteti i Serbis\u00eb po cyt dhe organizon arritisjen e t\u00eb burgosurve, paraburgosurve dhe t\u00eb k\u00ebrkuarve nga drejt\u00ebsia e Kosov\u00ebs, n\u00eb k\u00ebmbim t\u00eb nj\u00eb \u201cambienti mburoj\u00eb ndaj pand\u00ebshkueshm\u00ebris\u00eb e ndjekjes penale t\u00eb kriminel\u00ebve nga organet e Republik\u00ebs s\u00eb Kosov\u00ebs\u201d.<\/span><\/p>\n<p style=\"text-align: left;\"><span style=\"color: #000000;\"><em>\u201cNj\u00eb mb\u00ebshtetje e till\u00eb \u00ebsht\u00eb padyshim e q\u00ebllimshme, e organizuar dhe e lidhur me q\u00ebllimin p\u00ebr t\u00eb d\u00ebmtuar rendin publik, kushtetues e ligjor t\u00eb Republik\u00ebs s\u00eb Kosov\u00ebs\u201d<\/em>, ka th\u00ebn\u00eb Haxhiu, pa ofruar ndonj\u00eb d\u00ebshmi p\u00ebr k\u00ebto pretendime.<\/span><\/p>\n<p style=\"text-align: left;\"><span style=\"color: #000000;\">Ajo e ka b\u00ebr\u00eb k\u00ebt\u00eb postim n\u00eb rrjetin social Facebook, nj\u00eb dit\u00eb pasi i arratisuri nga burgu i Smrekonic\u00ebs n\u00eb Kosov\u00eb, Faton Hajrizi, \u00ebsht\u00eb raportuar t\u00eb jet\u00eb vrar\u00eb nga autoritetet n\u00eb Serbi.<\/span><\/p>\n<p style=\"text-align: left;\"><span style=\"color: #000000;\">Hajrizi ka qen\u00eb n\u00eb k\u00ebrkim nga autoritetet serbe, pasi m\u00eb 18 korrik \u00ebsht\u00eb raportuar se e ka vrar\u00eb nj\u00eb zyrtar policor serb dhe e ka plagosur nj\u00eb tjet\u00ebr, gjat\u00eb nj\u00eb kontrolli rutinor n\u00eb Lloznic\u00eb t\u00eb Serbis\u00eb, qytez\u00eb n\u00eb af\u00ebrsi me Bosnje-Hercegovin\u00ebn.<\/span><\/p>\n<p style=\"text-align: left;\"><span style=\"color: #000000;\">Autoritetet e Serbis\u00eb e kan\u00eb konsideruar sulmin si terrorist dhe kan\u00eb nisur operacion t\u00eb madh k\u00ebrkimi.<\/span><\/p>\n<p style=\"text-align: left;\"><span style=\"color: #000000;\">P\u00ebrve\u00e7 Hajrizit i cili ka pasur nj\u00eb histori t\u00eb arratisjeve nga burgjet e Kosov\u00ebs\u00a0 n\u00eb dit\u00ebt e fundit n\u00eb Kosov\u00eb \u00ebsht\u00eb arratisur edhe nj\u00eb i burgosur tjet\u00ebr, Ujkan Metaj.<\/span><\/p>\n<p style=\"text-align: left;\"><span style=\"color: #000000;\">Ministrja Haxhiu ka th\u00ebn\u00eb se nuk dihet me siguri n\u00ebse Hajrizi \u00ebsht\u00eb vrar\u00eb dhe n\u00ebse po, a ka ndodhur akti n\u00eb Serbi, apo n\u00eb Republik\u00ebn S\u00ebrpska t\u00eb Bosnje-Hercegovin\u00ebs.<\/span><\/p>\n<p style=\"text-align: left;\"><span style=\"color: #000000;\"><em>\u201cDomosdo nevojitet hetim i gjer\u00eb e i thell\u00eb, p\u00ebr t\u00eb zbardhur t\u00eb v\u00ebrtet\u00ebn e k\u00ebtij rasti\u201d,<\/em> ka th\u00ebn\u00eb ajo.<\/span><\/p>\n<p style=\"text-align: left;\"><span style=\"color: #000000;\">Haxhiu, gjithashtu, e ka d\u00ebnuar p\u00ebrdorimin e etnis\u00eb nga ana e Qeveris\u00eb s\u00eb Serbis\u00eb n\u00eb rastin e vrasjes s\u00eb policit serb.<\/span><\/p>\n<p style=\"text-align: left;\"><em><span style=\"color: #000000;\">\u201cKjo retorik\u00eb e Qeveris\u00eb n\u00eb Beograd \u00ebsht\u00eb paralajm\u00ebrim p\u00ebr ngjarje t\u00eb ardhshme t\u00eb gatuara n\u00eb Beograd e q\u00eb kan\u00eb nj\u00eb perspektiv\u00eb t\u00eb qart\u00eb shoviniste dhe etno-politike\u201d.<\/span><\/em><\/p>\n<p style=\"text-align: left;\"><span style=\"color: #000000;\">Thirrje p\u00ebr mospolitizim t\u00eb rastit ka b\u00ebr\u00eb edhe kryeministri i Kosov\u00ebs, Albin Kurti.<a href=\"https:\/\/www.evropaelire.org\/a\/haxhiu-pretendon-se-serbia-po-organizon-arratisjen-e-te-burgosuve-nga-kosova\/33044027.html\"><span style=\"color: #0000ff;\"><strong>\/REL<\/strong><\/span><\/a><\/span><\/p>\n","protected":false,"gt_translate_keys":[{"key":"rendered","format":"html"}]},"excerpt":{"rendered":"<p>Ministrja e Drejt\u00ebsis\u00eb n\u00eb Kosov\u00eb, Albulena Haxhiu, ka b\u00ebr\u00eb thirrje t\u00eb shtun\u00ebn p\u00ebr nisjen e nj\u00eb hetimi vendor dhe nd\u00ebrkomb\u00ebtar p\u00ebr nxitjen dhe organizimin e arratisjeve t\u00eb t\u00eb burgosurve nga burgjet e Kosov\u00ebs p\u00ebr n\u00eb territorin e Serbis\u00eb. Sipas saj, shteti i Serbis\u00eb po cyt dhe organizon arritisjen e t\u00eb burgosurve, paraburgosurve dhe t\u00eb k\u00ebrkuarve [&hellip;]<\/p>\n","protected":false,"gt_translate_keys":[{"key":"rendered","format":"html"}]},"author":4,"featured_media":689326,"comment_status":"closed","ping_status":"open","sticky":false,"template":"","format":"standard","meta":{"footnotes":""},"categories":[149],"tags":[],"class_list":["post-689325","post","type-post","status-publish","format-standard","has-post-thumbnail","hentry","category-kosoverajon"],"gt_translate_keys":[{"key":"link","format":"url"}],"_links":{"self":[{"href":"https:\/\/www.hashtag.al\/index.php\/wp-json\/wp\/v2\/posts\/689325","targetHints":{"allow":["GET"]}}],"collection":[{"href":"https:\/\/www.hashtag.al\/index.php\/wp-json\/wp\/v2\/posts"}],"about":[{"href":"https:\/\/www.hashtag.al\/index.php\/wp-json\/wp\/v2\/types\/post"}],"author":[{"embeddable":true,"href":"https:\/\/www.hashtag.al\/index.php\/wp-json\/wp\/v2\/users\/4"}],"replies":[{"embeddable":true,"href":"https:\/\/www.hashtag.al\/index.php\/wp-json\/wp\/v2\/comments?post=689325"}],"version-history":[{"count":0,"href":"https:\/\/www.hashtag.al\/index.php\/wp-json\/wp\/v2\/posts\/689325\/revisions"}],"wp:featuredmedia":[{"embeddable":true,"href":"https:\/\/www.hashtag.al\/index.php\/wp-json\/wp\/v2\/media\/689326"}],"wp:attachment":[{"href":"https:\/\/www.hashtag.al\/index.php\/wp-json\/wp\/v2\/media?parent=689325"}],"wp:term":[{"taxonomy":"category","embeddable":true,"href":"https:\/\/www.hashtag.al\/index.php\/wp-json\/wp\/v2\/categories?post=689325"},{"taxonomy":"post_tag","embeddable":true,"href":"https:\/\/www.hashtag.al\/index.php\/wp-json\/wp\/v2\/tags?post=689325"}],"curies":[{"name":"wp","href":"https:\/\/api.w.org\/{rel}","templated":true}]}}