{"id":688992,"date":"2024-07-19T08:08:19","date_gmt":"2024-07-19T06:08:19","guid":{"rendered":"https:\/\/www.hashtag.al\/?p=688992"},"modified":"2024-07-19T08:08:19","modified_gmt":"2024-07-19T06:08:19","slug":"demokratet-shtyjne-procesin-e-emerimit-te-biden","status":"publish","type":"post","link":"https:\/\/www.hashtag.al\/index.php\/2024\/07\/19\/demokratet-shtyjne-procesin-e-emerimit-te-biden\/","title":{"rendered":"Demokrat\u00ebt shtyjn\u00eb procesin e em\u00ebrimit t\u00eb Biden","gt_translate_keys":[{"key":"rendered","format":"text"}]},"content":{"rendered":"<p><img loading=\"lazy\" decoding=\"async\" class=\"aligncenter size-full wp-image-688993\" src=\"https:\/\/www.hashtag.al\/wp-content\/uploads\/2024\/07\/669976282030273e531914af.jpg\" alt=\"\" width=\"768\" height=\"432\" srcset=\"https:\/\/www.hashtag.al\/wp-content\/uploads\/2024\/07\/669976282030273e531914af.jpg 768w, https:\/\/www.hashtag.al\/wp-content\/uploads\/2024\/07\/669976282030273e531914af-300x169.jpg 300w\" sizes=\"auto, (max-width: 768px) 100vw, 768px\" \/><\/p>\n<p><span style=\"color: #000000;\">Partia Demokratike ka shtyr\u00eb procesin e em\u00ebrimit t\u00eb kandidat\u00ebve p\u00ebr zgjedhjet presidenciale t\u00eb vitit 2024. Nj\u00eb thirrje virtuale p\u00ebr t\u00eb em\u00ebruar Presidentin Joe Biden si kandidatin e Demokrat\u00ebve p\u00ebr zgjedhjet e 5 n\u00ebntorit, e planifikuar p\u00ebr jav\u00ebn e ardhshme, tani do ndodh\u00eb diku n\u00eb gusht, ka njoftuar partia.<\/span><\/p>\n<p><span style=\"color: #000000;\">Komiteti Komb\u00ebtar Demokratik duhej t\u00eb mblidhej t\u00eb premten dhe t\u00eb p\u00ebrmbyllte rregullat p\u00ebr procedur\u00ebn, t\u00eb propozuara fillimisht n\u00eb maj p\u00ebr t\u00eb siguruar qasjen n\u00eb votime. Dit\u00ebt e fundit, megjithat\u00eb, disa an\u00ebtar\u00eb t\u00eb partis\u00eb kan\u00eb kund\u00ebrshtuar \u201cnxitimin\u201d e procesit p\u00ebrpara konvent\u00ebs.<\/span><\/p>\n<p><span style=\"color: #000000;\">D\u00ebrguar te 186 an\u00ebtar\u00ebt e komitetit t\u00eb m\u00ebrkur\u00ebn, letra konfirmon se &#8220;nuk do filloj\u00eb votimi p\u00ebrpara 1 gushtit&#8221;, por v\u00eb n\u00eb dukje se thirrja virtuale do ndodh\u00eb para se t\u00eb filloj\u00eb Konventa Komb\u00ebtare Demokratike m\u00eb 19 gusht.<\/span><\/p>\n<p><span style=\"color: #000000;\">P\u00ebrmbushja e afateve t\u00eb votimit shtet\u00ebror dhe shmangia e padive t\u00eb mundshme &#8220;\u00ebsht\u00eb arsyeja kryesore p\u00ebr kryerjen e nj\u00eb procesi votimi virtual&#8221;, shtohej n\u00eb let\u00ebr.<\/span><\/p>\n<p><span style=\"color: #000000;\">Propozimi \u00ebsht\u00eb nj\u00eb procedur\u00eb tradicionale me an\u00eb t\u00eb s\u00eb cil\u00ebs delegacionet shtet\u00ebrore i japin votat kryesore t\u00eb nominuarit n\u00eb konvent\u00eb. Republikan\u00ebt e b\u00ebn\u00eb k\u00ebt\u00eb t\u00eb h\u00ebn\u00ebn, duke nominuar zyrtarisht Donad Trumpin.<\/span><\/p>\n<p><span style=\"color: #000000;\">T\u00eb pakt\u00ebn 21 demokrat\u00eb t\u00eb Kongresit i kan\u00eb b\u00ebr\u00eb thirrje publikisht Bidenit t\u00eb largohet nga gara, duke p\u00ebrmendur paraqitjen e tij t\u00eb dob\u00ebt n\u00eb debatin e 27 qershorit me Trumpin, mosh\u00ebn e shtyr\u00eb dhe \u00e7\u00ebshtje t\u00eb mundshme neurologjike.<\/span><\/p>\n<p><span style=\"color: #000000;\">Sipas Ne\u00eb York Times, figura t\u00eb larta partiake si udh\u00ebheq\u00ebsi i shumic\u00ebs n\u00eb Senat, Chuck Schumer dhe ish-kryetarja e Kongresit, Nancy Pelosi, i kan\u00eb k\u00ebrkuar Bidenit t\u00eb largohet nga gara. Rreth 70% e demokrat\u00ebve n\u00eb nj\u00eb sondazh t\u00eb fundit mb\u00ebshtet\u00ebn largimin e Biden.<\/span><\/p>\n<p>&nbsp;<\/p>\n","protected":false,"gt_translate_keys":[{"key":"rendered","format":"html"}]},"excerpt":{"rendered":"<p>Partia Demokratike ka shtyr\u00eb procesin e em\u00ebrimit t\u00eb kandidat\u00ebve p\u00ebr zgjedhjet presidenciale t\u00eb vitit 2024. Nj\u00eb thirrje virtuale p\u00ebr t\u00eb em\u00ebruar Presidentin Joe Biden si kandidatin e Demokrat\u00ebve p\u00ebr zgjedhjet e 5 n\u00ebntorit, e planifikuar p\u00ebr jav\u00ebn e ardhshme, tani do ndodh\u00eb diku n\u00eb gusht, ka njoftuar partia. Komiteti Komb\u00ebtar Demokratik duhej t\u00eb mblidhej t\u00eb [&hellip;]<\/p>\n","protected":false,"gt_translate_keys":[{"key":"rendered","format":"html"}]},"author":51,"featured_media":688993,"comment_status":"closed","ping_status":"open","sticky":false,"template":"","format":"standard","meta":{"footnotes":""},"categories":[53],"tags":[],"class_list":["post-688992","post","type-post","status-publish","format-standard","has-post-thumbnail","hentry","category-fast-foodi"],"gt_translate_keys":[{"key":"link","format":"url"}],"_links":{"self":[{"href":"https:\/\/www.hashtag.al\/index.php\/wp-json\/wp\/v2\/posts\/688992","targetHints":{"allow":["GET"]}}],"collection":[{"href":"https:\/\/www.hashtag.al\/index.php\/wp-json\/wp\/v2\/posts"}],"about":[{"href":"https:\/\/www.hashtag.al\/index.php\/wp-json\/wp\/v2\/types\/post"}],"author":[{"embeddable":true,"href":"https:\/\/www.hashtag.al\/index.php\/wp-json\/wp\/v2\/users\/51"}],"replies":[{"embeddable":true,"href":"https:\/\/www.hashtag.al\/index.php\/wp-json\/wp\/v2\/comments?post=688992"}],"version-history":[{"count":0,"href":"https:\/\/www.hashtag.al\/index.php\/wp-json\/wp\/v2\/posts\/688992\/revisions"}],"wp:featuredmedia":[{"embeddable":true,"href":"https:\/\/www.hashtag.al\/index.php\/wp-json\/wp\/v2\/media\/688993"}],"wp:attachment":[{"href":"https:\/\/www.hashtag.al\/index.php\/wp-json\/wp\/v2\/media?parent=688992"}],"wp:term":[{"taxonomy":"category","embeddable":true,"href":"https:\/\/www.hashtag.al\/index.php\/wp-json\/wp\/v2\/categories?post=688992"},{"taxonomy":"post_tag","embeddable":true,"href":"https:\/\/www.hashtag.al\/index.php\/wp-json\/wp\/v2\/tags?post=688992"}],"curies":[{"name":"wp","href":"https:\/\/api.w.org\/{rel}","templated":true}]}}