{"id":688885,"date":"2024-07-18T17:26:38","date_gmt":"2024-07-18T15:26:38","guid":{"rendered":"https:\/\/www.hashtag.al\/?p=688885"},"modified":"2024-07-18T17:26:38","modified_gmt":"2024-07-18T15:26:38","slug":"spanja-dhe-gjermania-arrestojne-4-persona-qe-furnizuan-hezbollahun-me-pjese-per-drone","status":"publish","type":"post","link":"https:\/\/www.hashtag.al\/index.php\/2024\/07\/18\/spanja-dhe-gjermania-arrestojne-4-persona-qe-furnizuan-hezbollahun-me-pjese-per-drone\/","title":{"rendered":"Spanja dhe Gjermania arrestojn\u00eb 4 persona q\u00eb furnizuan Hezbollahun me pjes\u00eb p\u00ebr dron\u00eb","gt_translate_keys":[{"key":"rendered","format":"text"}]},"content":{"rendered":"<div class=\"col-title col-xs-12 col-md-10 pull-right\">\n<p style=\"text-align: left;\"><span style=\"color: #000000;\"><img loading=\"lazy\" decoding=\"async\" class=\"size-full wp-image-688886 aligncenter\" src=\"https:\/\/www.hashtag.al\/wp-content\/uploads\/2024\/07\/Screenshot-2024-07-18-172412.png\" alt=\"\" width=\"759\" height=\"434\" srcset=\"https:\/\/www.hashtag.al\/wp-content\/uploads\/2024\/07\/Screenshot-2024-07-18-172412.png 759w, https:\/\/www.hashtag.al\/wp-content\/uploads\/2024\/07\/Screenshot-2024-07-18-172412-300x172.png 300w\" sizes=\"auto, (max-width: 759px) 100vw, 759px\" \/><\/span><\/p>\n<p style=\"text-align: left;\"><span style=\"color: #000000;\">Tre persona jan\u00eb arrestuar n\u00eb Spanj\u00eb dhe nj\u00eb tjet\u00ebr n\u00eb Gjermani n\u00ebn dyshimet se i p\u00ebrkisnin nj\u00eb rrjeti q\u00eb furnizonte grupin militant libanez, Hezbollah, me pjes\u00eb p\u00ebr t\u00eb nd\u00ebrtuar dron\u00eb kamikaz\u00eb q\u00eb u p\u00ebrdor\u00ebn n\u00eb sulmet n\u00eb veri t\u00eb Izraelit, than\u00eb autoritetet spanjolle m\u00eb 18 korrik.<\/span><\/p>\n<p style=\"text-align: left;\"><span style=\"color: #000000;\">Hetimi nisi n\u00eb Spanj\u00eb pasi Garda Civile detektoi \u201coperacione t\u00eb dyshimta\u201d t\u00eb kompanive spanjolle, q\u00eb udh\u00ebhiqen nga shtetas libanez\u00eb. K\u00ebto kompani kishin materiale t\u00eb shumta dhe komponent\u00eb p\u00ebr prodhimin e dron\u00ebve q\u00eb jan\u00eb t\u00eb aft\u00eb t\u00eb bartin eksploziv\u00eb prej disa koligram\u00ebsh, u tha n\u00eb deklarat\u00eb.<\/span><\/p>\n<p style=\"text-align: left;\"><span style=\"color: #000000;\">Autoritetet besojn\u00eb se Hezbollahu mund t\u00eb ket\u00eb nd\u00ebrtuar disa qindra dron\u00eb me k\u00ebta komponent\u00eb.<\/span><\/p>\n<p style=\"text-align: left;\"><span style=\"color: #000000;\">Sipas hetuesve, kompanit\u00eb spanjolle, sikurse ato n\u00eb Evrop\u00eb dhe n\u00eb mbar\u00eb bot\u00ebn, blen\u00eb produkte p\u00ebrfshir\u00eb komponent\u00eb elektronik\u00eb, shtyt\u00ebs raketash dhe m\u00eb shum\u00eb se 200 motor\u00eb elektrik\u00eb dhe pjes\u00eb t\u00eb tjera t\u00eb dron\u00ebve.<\/span><\/p>\n<p style=\"text-align: left;\"><span style=\"color: #000000;\">Pjes\u00ebt e blera nga rrjeti, q\u00eb tashm\u00eb \u00ebsht\u00eb shkat\u00ebrruar, u identifikuan n\u00eb dron\u00ebt q\u00eb u p\u00ebrdor\u00ebn nga Hezbollahu p\u00ebr t\u00eb sulmuar Izraelin pas nisjes s\u00eb luft\u00ebs n\u00eb Gaz\u00eb m\u00eb 7 tetor.<\/span><\/p>\n<p style=\"text-align: left;\"><span style=\"color: #000000;\">Lufta n\u00eb Gaz\u00eb nisi pasi Hamasi \u2013 grupi palestinez i shpallur organizat\u00eb terroriste nga Shtetet e Bashkuara dhe Bashkimi Evropian \u2013 sulmoi jugun e Izraelit m\u00eb 7 tetor.<\/span><\/p>\n<p style=\"text-align: left;\"><span style=\"color: #000000;\">Q\u00eb nga nisja e luft\u00ebs n\u00eb Gaz\u00eb, Izraeli ka kryer sulme ajrore n\u00eb Liban, duke vrar\u00eb m\u00eb shum\u00eb se 450 persona, shumica luft\u00ebtar\u00eb t\u00eb Hezbollahut. N\u00eb mesin e viktimave besohet se m\u00eb shum\u00eb se 80 ishin civil\u00eb. N\u00eb an\u00ebn izraelite, si pasoj\u00eb e sulmeve t\u00eb Hezbollahut jan\u00eb vrar\u00eb 21 ushar\u00eb dhe 13 civil\u00eb.\/<\/span><span style=\"color: #0000ff;\"><strong><a style=\"color: #0000ff;\" href=\"https:\/\/www.evropaelire.org\/a\/arrestim-rrjet-furnizim-hezbollah-drone-\/33041575.html\">REL<\/a><\/strong><\/span><\/p>\n<\/div>\n","protected":false,"gt_translate_keys":[{"key":"rendered","format":"html"}]},"excerpt":{"rendered":"<p>Tre persona jan\u00eb arrestuar n\u00eb Spanj\u00eb dhe nj\u00eb tjet\u00ebr n\u00eb Gjermani n\u00ebn dyshimet se i p\u00ebrkisnin nj\u00eb rrjeti q\u00eb furnizonte grupin militant libanez, Hezbollah, me pjes\u00eb p\u00ebr t\u00eb nd\u00ebrtuar dron\u00eb kamikaz\u00eb q\u00eb u p\u00ebrdor\u00ebn n\u00eb sulmet n\u00eb veri t\u00eb Izraelit, than\u00eb autoritetet spanjolle m\u00eb 18 korrik. Hetimi nisi n\u00eb Spanj\u00eb pasi Garda Civile detektoi \u201coperacione [&hellip;]<\/p>\n","protected":false,"gt_translate_keys":[{"key":"rendered","format":"html"}]},"author":4,"featured_media":688886,"comment_status":"closed","ping_status":"open","sticky":false,"template":"","format":"standard","meta":{"footnotes":""},"categories":[6],"tags":[],"class_list":["post-688885","post","type-post","status-publish","format-standard","has-post-thumbnail","hentry","category-nderkombetare"],"gt_translate_keys":[{"key":"link","format":"url"}],"_links":{"self":[{"href":"https:\/\/www.hashtag.al\/index.php\/wp-json\/wp\/v2\/posts\/688885","targetHints":{"allow":["GET"]}}],"collection":[{"href":"https:\/\/www.hashtag.al\/index.php\/wp-json\/wp\/v2\/posts"}],"about":[{"href":"https:\/\/www.hashtag.al\/index.php\/wp-json\/wp\/v2\/types\/post"}],"author":[{"embeddable":true,"href":"https:\/\/www.hashtag.al\/index.php\/wp-json\/wp\/v2\/users\/4"}],"replies":[{"embeddable":true,"href":"https:\/\/www.hashtag.al\/index.php\/wp-json\/wp\/v2\/comments?post=688885"}],"version-history":[{"count":0,"href":"https:\/\/www.hashtag.al\/index.php\/wp-json\/wp\/v2\/posts\/688885\/revisions"}],"wp:featuredmedia":[{"embeddable":true,"href":"https:\/\/www.hashtag.al\/index.php\/wp-json\/wp\/v2\/media\/688886"}],"wp:attachment":[{"href":"https:\/\/www.hashtag.al\/index.php\/wp-json\/wp\/v2\/media?parent=688885"}],"wp:term":[{"taxonomy":"category","embeddable":true,"href":"https:\/\/www.hashtag.al\/index.php\/wp-json\/wp\/v2\/categories?post=688885"},{"taxonomy":"post_tag","embeddable":true,"href":"https:\/\/www.hashtag.al\/index.php\/wp-json\/wp\/v2\/tags?post=688885"}],"curies":[{"name":"wp","href":"https:\/\/api.w.org\/{rel}","templated":true}]}}