{"id":688865,"date":"2024-07-18T15:22:55","date_gmt":"2024-07-18T13:22:55","guid":{"rendered":"https:\/\/www.hashtag.al\/?p=688865"},"modified":"2024-07-18T15:22:55","modified_gmt":"2024-07-18T13:22:55","slug":"manastirliu-arsimi-prioritet-absolut-reaguam-per-pikat-e-dobeta-ne-analizen-e-pisa-s","status":"publish","type":"post","link":"https:\/\/www.hashtag.al\/index.php\/2024\/07\/18\/manastirliu-arsimi-prioritet-absolut-reaguam-per-pikat-e-dobeta-ne-analizen-e-pisa-s\/","title":{"rendered":"Manastirliu: Arsimi, prioritet absolut. Reaguam p\u00ebr pikat e dob\u00ebta n\u00eb analiz\u00ebn e PISA-s","gt_translate_keys":[{"key":"rendered","format":"text"}]},"content":{"rendered":"<p><span style=\"color: #000000;\"><a href=\"https:\/\/www.hashtag.al\/wp-content\/uploads\/2024\/07\/Manastirliu1-768x512-1.jpg\"><img loading=\"lazy\" decoding=\"async\" class=\"aligncenter size-full wp-image-688866\" src=\"https:\/\/www.hashtag.al\/wp-content\/uploads\/2024\/07\/Manastirliu1-768x512-1.jpg\" alt=\"\" width=\"768\" height=\"512\" srcset=\"https:\/\/www.hashtag.al\/wp-content\/uploads\/2024\/07\/Manastirliu1-768x512-1.jpg 768w, https:\/\/www.hashtag.al\/wp-content\/uploads\/2024\/07\/Manastirliu1-768x512-1-300x200.jpg 300w\" sizes=\"auto, (max-width: 768px) 100vw, 768px\" \/><\/a><\/span><\/p>\n<p><span style=\"color: #000000;\">Ministrja e Arsimit Ogerta Manastirliu n\u00eb fjal\u00ebn e saj n\u00eb parlament deklaroi se qeveria e ka arsimin prioritet absolut.<\/span><\/p>\n<p><span style=\"color: #000000;\">Manastirliu theksoi se pagat e m\u00ebsuesve jan\u00eb rritur me 40 p\u00ebrqind, teksa paga mesatare \u00ebsht\u00eb sot 950 euro. Duke folur p\u00ebr rezultatet e PISA-s n\u00eb arsim, Manastirliu deklaroi se qeveria reagoi menj\u00ebher\u00eb, pasi v\u00ebrejti pikat e dob\u00ebta t\u00eb raportit.<\/span><\/p>\n<p><span style=\"color: #000000;\">Ogerta Manastirliu: <em>Nga 1 korriku kemi rritur pagat e m\u00ebsuesve. Pagat e m\u00ebsuesve u rrit\u00ebn me 40 p\u00ebrqind. Nga rritja e pagave kan\u00eb p\u00ebrfituar m\u00ebsues dhe edukator\u00eb. Paga mesatare e nj\u00eb m\u00ebsuesi fillor me 15 vite eksperienc\u00eb \u00ebsht\u00eb 95 mij\u00eb lek\u00eb t\u00eb reja. Nj\u00eb m\u00ebsues gjimnazi merr sot 98 mij\u00eb lek\u00eb t\u00eb reja. Kemi ngushtuar hendekun mes pagave t\u00eb m\u00ebsuesve t\u00eb ciklit t\u00eb ul\u00ebt dhe atij n\u00eb arsimin e mes\u00ebm. Nga rritja e pagave p\u00ebfitojn\u00eb dhe oficer\u00ebt e siguris\u00eb, psikolog\u00ebt. Paga mesatare p\u00ebr oficer\u00ebt e policis\u00eb n\u00eb shkolla shkon n\u00eb 81 mij\u00eb lek\u00eb t\u00eb reja, nd\u00ebrsa paga mesatare p\u00ebr punonj\u00ebsit social\u00eb e psikolog\u00eb \u00ebsht\u00eb 91 mij\u00eb lek\u00eb t\u00eb rinj. Iu kemi dh\u00ebn\u00eb mb\u00ebshtetje m\u00ebsuesve n\u00eb karrier\u00ebn e tyre profesionale.<\/em><\/span><\/p>\n<p><span style=\"color: #000000;\"><em>Do t\u00eb ket\u00eb role t\u00eb reja p\u00ebr m\u00ebsuesit n\u00eb shkolla. Arsimi \u00ebsht\u00eb prioritet absolut i qeveris\u00eb. Ju e p\u00ebrmend\u00ebt PISA-n dhe shqet\u00ebsimi \u00ebsht\u00eb dhe i yn\u00eb. N\u00eb Shqip\u00ebri ra nj\u00eb t\u00ebrmet, por m\u00eb tej ishte dhe t\u00ebrmeti i fuqish\u00ebm, q\u00eb b\u00ebri q\u00eb shum\u00eb nx\u00ebn\u00ebs t\u00eb mos merrnin m\u00ebsimdh\u00ebnien e duhur. N\u00eb PISA2022 ishin pik\u00ebrisht k\u00ebto vende t\u00eb prekura nga t\u00ebrmeti e pandemia. N\u00eb uljen e performanc\u00ebs ndikoi, p\u00ebrpos t\u00ebrmetit, edhe pandemia. PISA \u00ebsht\u00eb fotografim momental i situat\u00ebs, ndikuar nga arsyet q\u00eb thash\u00eb. Ne reaguam p\u00ebr pikat e dob\u00ebta n\u00eb analiz\u00ebn e PISA-s.<\/em><\/span><\/p>\n","protected":false,"gt_translate_keys":[{"key":"rendered","format":"html"}]},"excerpt":{"rendered":"<p>Ministrja e Arsimit Ogerta Manastirliu n\u00eb fjal\u00ebn e saj n\u00eb parlament deklaroi se qeveria e ka arsimin prioritet absolut. Manastirliu theksoi se pagat e m\u00ebsuesve jan\u00eb rritur me 40 p\u00ebrqind, teksa paga mesatare \u00ebsht\u00eb sot 950 euro. Duke folur p\u00ebr rezultatet e PISA-s n\u00eb arsim, Manastirliu deklaroi se qeveria reagoi menj\u00ebher\u00eb, pasi v\u00ebrejti pikat e [&hellip;]<\/p>\n","protected":false,"gt_translate_keys":[{"key":"rendered","format":"html"}]},"author":32,"featured_media":688866,"comment_status":"closed","ping_status":"open","sticky":false,"template":"","format":"standard","meta":{"footnotes":""},"categories":[65],"tags":[],"class_list":["post-688865","post","type-post","status-publish","format-standard","has-post-thumbnail","hentry","category-lajme"],"gt_translate_keys":[{"key":"link","format":"url"}],"_links":{"self":[{"href":"https:\/\/www.hashtag.al\/index.php\/wp-json\/wp\/v2\/posts\/688865","targetHints":{"allow":["GET"]}}],"collection":[{"href":"https:\/\/www.hashtag.al\/index.php\/wp-json\/wp\/v2\/posts"}],"about":[{"href":"https:\/\/www.hashtag.al\/index.php\/wp-json\/wp\/v2\/types\/post"}],"author":[{"embeddable":true,"href":"https:\/\/www.hashtag.al\/index.php\/wp-json\/wp\/v2\/users\/32"}],"replies":[{"embeddable":true,"href":"https:\/\/www.hashtag.al\/index.php\/wp-json\/wp\/v2\/comments?post=688865"}],"version-history":[{"count":0,"href":"https:\/\/www.hashtag.al\/index.php\/wp-json\/wp\/v2\/posts\/688865\/revisions"}],"wp:featuredmedia":[{"embeddable":true,"href":"https:\/\/www.hashtag.al\/index.php\/wp-json\/wp\/v2\/media\/688866"}],"wp:attachment":[{"href":"https:\/\/www.hashtag.al\/index.php\/wp-json\/wp\/v2\/media?parent=688865"}],"wp:term":[{"taxonomy":"category","embeddable":true,"href":"https:\/\/www.hashtag.al\/index.php\/wp-json\/wp\/v2\/categories?post=688865"},{"taxonomy":"post_tag","embeddable":true,"href":"https:\/\/www.hashtag.al\/index.php\/wp-json\/wp\/v2\/tags?post=688865"}],"curies":[{"name":"wp","href":"https:\/\/api.w.org\/{rel}","templated":true}]}}