{"id":688851,"date":"2024-07-18T14:12:42","date_gmt":"2024-07-18T12:12:42","guid":{"rendered":"https:\/\/www.hashtag.al\/?p=688851"},"modified":"2024-07-18T14:12:42","modified_gmt":"2024-07-18T12:12:42","slug":"france-humbin-jeten-shtate-persona-nga-zjarri-qe-perfshiu-nje-ndertese","status":"publish","type":"post","link":"https:\/\/www.hashtag.al\/index.php\/2024\/07\/18\/france-humbin-jeten-shtate-persona-nga-zjarri-qe-perfshiu-nje-ndertese\/","title":{"rendered":"Franc\u00eb, humbin jet\u00ebn shtat\u00eb persona nga zjarri q\u00eb p\u00ebrfshiu nj\u00eb nd\u00ebrtes\u00eb","gt_translate_keys":[{"key":"rendered","format":"text"}]},"content":{"rendered":"<p><span style=\"font-weight: 400; color: #000000;\"><img loading=\"lazy\" decoding=\"async\" class=\"size-full wp-image-688852 aligncenter\" src=\"https:\/\/www.hashtag.al\/wp-content\/uploads\/2024\/07\/737826b0f29b5239c630501ec6a95079.jpg\" alt=\"\" width=\"640\" height=\"427\" srcset=\"https:\/\/www.hashtag.al\/wp-content\/uploads\/2024\/07\/737826b0f29b5239c630501ec6a95079.jpg 640w, https:\/\/www.hashtag.al\/wp-content\/uploads\/2024\/07\/737826b0f29b5239c630501ec6a95079-300x200.jpg 300w\" sizes=\"auto, (max-width: 640px) 100vw, 640px\" \/>Shtat\u00eb persona kan\u00eb humbur jet\u00ebn, p\u00ebrfshir\u00eb tre f\u00ebmij\u00eb si pasoj\u00eb e nj\u00eb zjarri q\u00eb shp\u00ebrtheu n\u00eb or\u00ebt e para t\u00eb s\u00eb enjtes n\u00eb qytetin jugor francez t\u00eb Nices.<\/span><\/p>\n<p><span style=\"font-weight: 400; color: #000000;\">Prokurori vendas tha se zyrtar\u00ebt po hetonin zjarrin si nj\u00eb sulm i mundsh\u00ebm p\u00ebr zjarrv\u00ebnie.<\/span><\/p>\n<p><span style=\"font-weight: 400; color: #000000;\">Nga flak\u00ebt u p\u00ebrfshin\u00eb katet e sip\u00ebrme t\u00eb nj\u00eb blloku apartamentesh n\u00eb zon\u00ebn Moulins t\u00eb Nic\u00ebs, af\u00ebr aeroportit t\u00eb qytetit.<\/span><\/p>\n<p><span style=\"font-weight: 400; color: #000000;\">Ministri i Brendsh\u00ebm G\u00e9rald Darmanin tha mes personave q\u00eb kishin humbur jet\u00ebn ishin dhe tre f\u00ebmij\u00eb.<\/span><\/p>\n<p><span style=\"font-weight: 400; color: #000000;\">Raportet lokale than\u00eb se shtat\u00eb viktimat ishin t\u00eb gjitha pjes\u00eb e s\u00eb nj\u00ebjt\u00ebs familje dhe f\u00ebmij\u00ebt q\u00eb vdiq\u00ebn ishin t\u00eb mosh\u00ebs pes\u00eb, shtat\u00eb dhe 10 vje\u00e7. Dy persona thuhet se jan\u00eb p\u00ebrpjekur t\u00eb arratisen nga nj\u00eb dritare poe p\u00ebr pasoj\u00eb nj\u00ebri prej tyre nuk i mbijetoi plag\u00ebve t\u00eb marra dhe tjetri \u00ebsht\u00eb n\u00eb gjendje kritike.<\/span><\/p>\n<p><span style=\"font-weight: 400; color: #000000;\">Kryetari i bashkis\u00eb s\u00eb Nic\u00ebs, Christian Estrosi tha se numri i njer\u00ebzve t\u00eb katastrof\u00ebs ishte jasht\u00ebzakonisht i lart\u00eb. P\u00ebrve\u00e7 shtat\u00eb viktimave, 30 persona t\u00eb tjer\u00eb jan\u00eb asfiksuar\u00a0 tymi.<\/span><\/p>\n<p><span style=\"color: #000000;\"><i><span style=\"font-weight: 400;\">&#8220;Kam k\u00ebrkuar nga ministri i brendsh\u00ebm t\u00eb vendos\u00eb forca sigurie p\u00ebr t\u00eb garantuar sigurin\u00eb e banor\u00ebve dhe p\u00ebr t\u00eb shmangur incidentet e reja pas k\u00ebsaj tragjedie q\u00eb po hetohet si zjarrv\u00ebnie e mundshme,<\/span><\/i><span style=\"font-weight: 400;\">&#8221; tha ai, shkruan\u00a0 <\/span><a style=\"color: #000000;\" href=\"https:\/\/ca.news.yahoo.com\/suspected-arson-attack-nice-kills-071712743.html\"><span style=\"font-weight: 400;\">Yahoo.news<\/span><\/a><span style=\"font-weight: 400;\">.<\/span><\/span><\/p>\n","protected":false,"gt_translate_keys":[{"key":"rendered","format":"html"}]},"excerpt":{"rendered":"<p>Shtat\u00eb persona kan\u00eb humbur jet\u00ebn, p\u00ebrfshir\u00eb tre f\u00ebmij\u00eb si pasoj\u00eb e nj\u00eb zjarri q\u00eb shp\u00ebrtheu n\u00eb or\u00ebt e para t\u00eb s\u00eb enjtes n\u00eb qytetin jugor francez t\u00eb Nices. Prokurori vendas tha se zyrtar\u00ebt po hetonin zjarrin si nj\u00eb sulm i mundsh\u00ebm p\u00ebr zjarrv\u00ebnie. Nga flak\u00ebt u p\u00ebrfshin\u00eb katet e sip\u00ebrme t\u00eb nj\u00eb blloku apartamentesh n\u00eb [&hellip;]<\/p>\n","protected":false,"gt_translate_keys":[{"key":"rendered","format":"html"}]},"author":4,"featured_media":688852,"comment_status":"closed","ping_status":"open","sticky":false,"template":"","format":"standard","meta":{"footnotes":""},"categories":[6],"tags":[],"class_list":["post-688851","post","type-post","status-publish","format-standard","has-post-thumbnail","hentry","category-nderkombetare"],"gt_translate_keys":[{"key":"link","format":"url"}],"_links":{"self":[{"href":"https:\/\/www.hashtag.al\/index.php\/wp-json\/wp\/v2\/posts\/688851","targetHints":{"allow":["GET"]}}],"collection":[{"href":"https:\/\/www.hashtag.al\/index.php\/wp-json\/wp\/v2\/posts"}],"about":[{"href":"https:\/\/www.hashtag.al\/index.php\/wp-json\/wp\/v2\/types\/post"}],"author":[{"embeddable":true,"href":"https:\/\/www.hashtag.al\/index.php\/wp-json\/wp\/v2\/users\/4"}],"replies":[{"embeddable":true,"href":"https:\/\/www.hashtag.al\/index.php\/wp-json\/wp\/v2\/comments?post=688851"}],"version-history":[{"count":0,"href":"https:\/\/www.hashtag.al\/index.php\/wp-json\/wp\/v2\/posts\/688851\/revisions"}],"wp:featuredmedia":[{"embeddable":true,"href":"https:\/\/www.hashtag.al\/index.php\/wp-json\/wp\/v2\/media\/688852"}],"wp:attachment":[{"href":"https:\/\/www.hashtag.al\/index.php\/wp-json\/wp\/v2\/media?parent=688851"}],"wp:term":[{"taxonomy":"category","embeddable":true,"href":"https:\/\/www.hashtag.al\/index.php\/wp-json\/wp\/v2\/categories?post=688851"},{"taxonomy":"post_tag","embeddable":true,"href":"https:\/\/www.hashtag.al\/index.php\/wp-json\/wp\/v2\/tags?post=688851"}],"curies":[{"name":"wp","href":"https:\/\/api.w.org\/{rel}","templated":true}]}}