{"id":688824,"date":"2024-07-18T12:58:10","date_gmt":"2024-07-18T10:58:10","guid":{"rendered":"https:\/\/www.hashtag.al\/?p=688824"},"modified":"2024-07-18T13:00:29","modified_gmt":"2024-07-18T11:00:29","slug":"heqja-e-ligjit-te-luftes-cuci-nje-absurditet-84-vjecar-kemi-kerkuar-permes-dialogut-e-mirekuptimit-te-shfuqizohet","status":"publish","type":"post","link":"https:\/\/www.hashtag.al\/index.php\/2024\/07\/18\/heqja-e-ligjit-te-luftes-cuci-nje-absurditet-84-vjecar-kemi-kerkuar-permes-dialogut-e-mirekuptimit-te-shfuqizohet\/","title":{"rendered":"Heqja e Ligjit t\u00eb Luft\u00ebs me Greqin\u00eb, \u00c7u\u00e7i: Nj\u00eb absurditet 84- vje\u00e7ar, kemi k\u00ebrkuar p\u00ebrmes dialogut e mir\u00ebkuptimit t\u00eb shfuqizohet","gt_translate_keys":[{"key":"rendered","format":"text"}]},"content":{"rendered":"<p><img loading=\"lazy\" decoding=\"async\" class=\"size-full wp-image-688825 aligncenter\" src=\"https:\/\/www.hashtag.al\/wp-content\/uploads\/2024\/07\/cuci-2-768x524-1.jpg\" alt=\"\" width=\"768\" height=\"524\" srcset=\"https:\/\/www.hashtag.al\/wp-content\/uploads\/2024\/07\/cuci-2-768x524-1.jpg 768w, https:\/\/www.hashtag.al\/wp-content\/uploads\/2024\/07\/cuci-2-768x524-1-300x205.jpg 300w\" sizes=\"auto, (max-width: 768px) 100vw, 768px\" \/><\/p>\n<p><span style=\"font-weight: 400; color: #000000;\">Kreu i Grupit Parlamentar t\u00eb Partis\u00eb Socialiste, Bledi \u00c7u\u00e7i, e quajti nj\u00eb absurditet 84-vje\u00e7ar mbajtjen ende n\u00eb fuqi t\u00eb Ligjit t\u00eb Luft\u00ebs nga Greqia. N\u00eb fjal\u00ebn e mbajtur sot n\u00eb Kuvend p\u00ebr iniciativ\u00ebn e propozuar nga grupi \u201cDrejt\u00ebsi dhe Integrim\u201d, \u00c7u\u00e7i shprehu q\u00ebndrimin e mazhoranc\u00ebs parlamentare p\u00ebr ta mb\u00ebshtetur miratimin e k\u00ebsaj Deklarate, si dhe k\u00ebrkoi q\u00eb fqinj\u00ebt tan\u00eb ta hedhin pas krah\u00ebve k\u00ebt\u00eb absurditet.<\/span><\/p>\n<p><span style=\"color: #000000;\"><i><span style=\"font-weight: 400;\">\u201cKur po i afrohemi dekad\u00ebs s\u00eb tret\u00eb t\u00eb shekullit XXI e teksa Shqip\u00ebria dhe Greqia kan\u00eb nj\u00eb Traktat Miq\u00ebsie, si dhe jan\u00eb an\u00ebtare e aleate n\u00eb aleanc\u00ebn politike e ushtarake m\u00eb t\u00eb fuqishme q\u00eb ka sot bota, n\u00eb NATO, mbajtja ende formalisht n\u00eb fuqi e k\u00ebtij ligji e p\u00ebr rrjedhoj\u00eb pasojave q\u00eb ai sjell, \u00ebsht\u00eb nj\u00eb absurditet i madh.\u00a0<\/span><\/i><\/span><\/p>\n<p><span style=\"color: #000000;\"><i><span style=\"font-weight: 400;\">Nj\u00eb ataviz\u00ebm q\u00eb nuk i b\u00ebn nder fqinj\u00ebve tan\u00eb jugor dhe as nuk reflekton kontekstin e sot\u00ebm t\u00eb miq\u00ebsis\u00eb e partneritetit q\u00eb ne kemi. Do ishte dashur q\u00eb ky ligj t\u00eb shfuqizohej po nj\u00ebsoj si\u00e7 Greqia b\u00ebri edhe me Italin\u00eb n\u00eb vitin 1947\u201d,<\/span><\/i><span style=\"font-weight: 400;\"> tha \u00c7u\u00e7i.<\/span><\/span><\/p>\n<p><span style=\"font-weight: 400; color: #000000;\">M\u00eb tej ai theksoi se sot ka nj\u00eb realitet t\u00eb ri t\u00eb marr\u00ebdh\u00ebnieve Shqip\u00ebri-Greqi dhe nuk \u00ebsht\u00eb nevoja t\u00eb priten ende 84 vite t\u00eb tjera p\u00ebr ta shfuqizuar Ligjin e Luft\u00ebs. \u00c7u\u00e7i tregoi gjat\u00eb fjal\u00ebs s\u00eb tij edhe p\u00ebrpjekjet e vazhdueshme t\u00eb b\u00ebra nga qeveria shqiptare p\u00ebr t\u00eb mos e pasur k\u00ebt\u00eb \u00e7\u00ebshtje n\u00eb tavolin\u00ebn e marr\u00ebdh\u00ebnieve dypal\u00ebshe.<\/span><\/p>\n<p><span style=\"color: #000000;\"><i><span style=\"font-weight: 400;\">\u201cKemi k\u00ebrkuar p\u00ebrmes dialogut e mir\u00ebkuptimit q\u00eb ky ligj t\u00eb shfuqizohet, p\u00ebr t\u2019i dh\u00ebn\u00eb nj\u00eb dinamik\u00eb t\u00eb re bashk\u00ebpunimit e fqinj\u00ebsis\u00eb s\u00eb mir\u00eb q\u00eb ne kemi. Pavar\u00ebsisht pajtimit, her\u00eb m\u00eb shum\u00eb e her\u00eb m\u00eb pak, t\u00eb qeverive greke p\u00ebr absurditetin e k\u00ebtij ligji, deri m\u00eb tani nuk \u00ebsht\u00eb arritur n\u00eb finalizimin e nj\u00eb vendimi t\u00eb parlamentit grek p\u00ebr shfuqizimin e ligjit.\u00a0<\/span><\/i><\/span><\/p>\n<p><span style=\"color: #000000;\"><i><span style=\"font-weight: 400;\">Un\u00eb besoj se Shqip\u00ebria dhe Greqia mund t\u00eb jen\u00eb nj\u00eb shembull i shk\u00eblqyer edhe p\u00ebr popuj t\u00eb tjer\u00eb n\u00eb rajonin e Ballkanit, se si fqinj\u00ebsia e mir\u00eb prodhon paqe, siguri, mir\u00ebq\u00ebnie dhe ardhm\u00ebri\u201d,<\/span><\/i><span style=\"font-weight: 400;\"> tha \u00c7u\u00e7i.<\/span><\/span><\/p>\n<p><span style=\"font-weight: 400; color: #000000;\">N\u00eb vijim t\u00eb fjal\u00ebs, \u00c7u\u00e7i theksoi se iniciativa q\u00eb ka ardhur n\u00eb Kuvend \u00ebsht\u00eb nj\u00eb tjet\u00ebr p\u00ebrpjekje dometh\u00ebn\u00ebse, krejt e p\u00ebrligjur dhe e mir\u00ebpritur.<\/span><\/p>\n<p><span style=\"color: #000000;\"><i><span style=\"font-weight: 400;\">\u201cShqiptar\u00ebt dhe grek\u00ebt p\u00ebrve\u00e7se jan\u00eb dy nga popujt m\u00eb t\u00eb vjet\u00ebr t\u00eb Ballkanit, kan\u00eb edhe nj\u00eb miq\u00ebsi me rr\u00ebnj\u00eb t\u00eb thella n\u00eb histori q\u00eb vijon sot e k\u00ebsaj dite dhe besoj do t\u00eb jet\u00eb k\u00ebshtu p\u00ebr sa t\u00eb ket\u00eb jet\u00eb.\u00a0<\/span><\/i><\/span><\/p>\n<p><span style=\"color: #000000;\"><i><span style=\"font-weight: 400;\">Pavar\u00ebsisht plag\u00ebve t\u00eb s\u00eb shkuar\u00ebs p\u00ebr ngjarje historike, loj\u00ebrave politike tipike ballkanike apo keqkuptimeve krejt t\u00eb zakonta n\u00eb k\u00ebt\u00eb an\u00eb t\u00eb Evrop\u00ebs, dy popujt tan\u00eb jan\u00eb t\u00eb nd\u00ebrlidhur fort me nj\u00ebri-tjetrin.\u00a0<\/span><\/i><\/span><\/p>\n<p><span style=\"color: #000000;\"><i><span style=\"font-weight: 400;\">Greqia \u00ebsht\u00eb sot atdheu i dyt\u00eb i qindra mij\u00ebra shqiptar\u00ebve, t\u00eb cil\u00ebt p\u00ebrb\u00ebjn\u00eb aty komunitetin e huaj m\u00eb t\u00eb madh n\u00eb num\u00ebr dhe jan\u00eb kontributor\u00eb t\u00eb r\u00ebnd\u00ebsish\u00ebm n\u00eb j\u00ebt\u00ebn ekonomike e sociale t\u00eb vendit.\u00a0<\/span><\/i><\/span><\/p>\n<p><span style=\"color: #000000;\"><i><span style=\"font-weight: 400;\">Nga ana tjet\u00ebr minoriteti grek n\u00eb vendin ton\u00eb \u00ebsht\u00eb p\u00ebr ne nj\u00eb vler\u00eb e shtuar dhe asnj\u00ebher\u00eb nuk iu jan\u00eb mohuar t\u00eb drejtat p\u00ebr shkak t\u00eb origjin\u00ebs s\u00eb tyre etnike. P\u00ebrkundrazi, Shqip\u00ebria \u00ebsht\u00eb nj\u00eb shembull i shk\u00eblqyer n\u00eb rajon dhe gjith\u00eb Evrop\u00ebn p\u00ebr integrimin e minoriteteve dhe bashk\u00ebjetes\u00ebn etnike.\u00a0<\/span><\/i><\/span><\/p>\n<p><span style=\"color: #000000;\"><i><span style=\"font-weight: 400;\">Shqiptar\u00ebt n\u00eb Greqi dhe grek\u00ebt minoritar\u00eb n\u00eb Shqip\u00ebri jan\u00eb gjithmon\u00eb fokusi i p\u00ebrhersh\u00ebm i veprimtaris\u00eb s\u00eb Qeveris\u00eb dhe orientues i axhend\u00ebs dypal\u00ebshe t\u00eb bashk\u00ebpunimit.\u00a0<\/span><\/i><\/span><\/p>\n<p><span style=\"color: #000000;\"><i><span style=\"font-weight: 400;\">Pavar\u00ebsisht p\u00ebrshtypjes s\u00eb krijuar se ka nj\u00eb ng\u00ebr\u00e7 n\u00eb marr\u00ebdh\u00ebniet dypal\u00ebshe, bashk\u00ebpunimi ekonomik dhe n\u00eb fusha t\u00eb tjera, si dhe kontaktet njer\u00ebzore, kan\u00eb vazhduar dhe jan\u00eb zgjeruar m\u00eb tej\u201d<\/span><\/i><span style=\"font-weight: 400;\">, u shpreh \u00c7u\u00e7i duke theksuar n\u00eb p\u00ebrfundim t\u00eb fjal\u00ebs s\u00eb tij se politika duhet t\u00eb jet\u00eb pjes\u00eb e zgjidhjes dhe leht\u00ebsimit t\u00eb problemeve, jo t\u00eb b\u00ebhet vet\u00eb problemi p\u00ebr t\u00eb penguar qytetar\u00ebt andej apo k\u00ebtej kufirit.<\/span><\/span><\/p>\n","protected":false,"gt_translate_keys":[{"key":"rendered","format":"html"}]},"excerpt":{"rendered":"<p>Kreu i Grupit Parlamentar t\u00eb Partis\u00eb Socialiste, Bledi \u00c7u\u00e7i, e quajti nj\u00eb absurditet 84-vje\u00e7ar mbajtjen ende n\u00eb fuqi t\u00eb Ligjit t\u00eb Luft\u00ebs nga Greqia. N\u00eb fjal\u00ebn e mbajtur sot n\u00eb Kuvend p\u00ebr iniciativ\u00ebn e propozuar nga grupi \u201cDrejt\u00ebsi dhe Integrim\u201d, \u00c7u\u00e7i shprehu q\u00ebndrimin e mazhoranc\u00ebs parlamentare p\u00ebr ta mb\u00ebshtetur miratimin e k\u00ebsaj Deklarate, si dhe [&hellip;]<\/p>\n","protected":false,"gt_translate_keys":[{"key":"rendered","format":"html"}]},"author":4,"featured_media":688825,"comment_status":"closed","ping_status":"open","sticky":false,"template":"","format":"standard","meta":{"footnotes":""},"categories":[65],"tags":[],"class_list":["post-688824","post","type-post","status-publish","format-standard","has-post-thumbnail","hentry","category-lajme"],"gt_translate_keys":[{"key":"link","format":"url"}],"_links":{"self":[{"href":"https:\/\/www.hashtag.al\/index.php\/wp-json\/wp\/v2\/posts\/688824","targetHints":{"allow":["GET"]}}],"collection":[{"href":"https:\/\/www.hashtag.al\/index.php\/wp-json\/wp\/v2\/posts"}],"about":[{"href":"https:\/\/www.hashtag.al\/index.php\/wp-json\/wp\/v2\/types\/post"}],"author":[{"embeddable":true,"href":"https:\/\/www.hashtag.al\/index.php\/wp-json\/wp\/v2\/users\/4"}],"replies":[{"embeddable":true,"href":"https:\/\/www.hashtag.al\/index.php\/wp-json\/wp\/v2\/comments?post=688824"}],"version-history":[{"count":0,"href":"https:\/\/www.hashtag.al\/index.php\/wp-json\/wp\/v2\/posts\/688824\/revisions"}],"wp:featuredmedia":[{"embeddable":true,"href":"https:\/\/www.hashtag.al\/index.php\/wp-json\/wp\/v2\/media\/688825"}],"wp:attachment":[{"href":"https:\/\/www.hashtag.al\/index.php\/wp-json\/wp\/v2\/media?parent=688824"}],"wp:term":[{"taxonomy":"category","embeddable":true,"href":"https:\/\/www.hashtag.al\/index.php\/wp-json\/wp\/v2\/categories?post=688824"},{"taxonomy":"post_tag","embeddable":true,"href":"https:\/\/www.hashtag.al\/index.php\/wp-json\/wp\/v2\/tags?post=688824"}],"curies":[{"name":"wp","href":"https:\/\/api.w.org\/{rel}","templated":true}]}}