{"id":688776,"date":"2024-07-18T11:05:31","date_gmt":"2024-07-18T09:05:31","guid":{"rendered":"https:\/\/www.hashtag.al\/?p=688776"},"modified":"2024-07-18T11:05:31","modified_gmt":"2024-07-18T09:05:31","slug":"vijon-zjarri-ne-parkun-kombetar-te-lures-flaket-djegin-mbi-10-hektar-kullote-dhe-pyje","status":"publish","type":"post","link":"https:\/\/www.hashtag.al\/index.php\/2024\/07\/18\/vijon-zjarri-ne-parkun-kombetar-te-lures-flaket-djegin-mbi-10-hektar-kullote-dhe-pyje\/","title":{"rendered":"Vijon zjarri n\u00eb Parkun Komb\u00ebtar t\u00eb Lur\u00ebs, flak\u00ebt djegin mbi 10 hektar kullot\u00eb dhe pyje","gt_translate_keys":[{"key":"rendered","format":"text"}]},"content":{"rendered":"<p>&nbsp;<\/p>\n<div id=\"attachment_688778\" style=\"width: 1290px\" class=\"wp-caption aligncenter\"><img loading=\"lazy\" decoding=\"async\" aria-describedby=\"caption-attachment-688778\" class=\"wp-image-688778 size-full\" src=\"https:\/\/www.hashtag.al\/wp-content\/uploads\/2024\/07\/INTERVISTE-PREFEKTI.00_00_18_09.Still001.webp\" alt=\"\" width=\"1280\" height=\"720\" srcset=\"https:\/\/www.hashtag.al\/wp-content\/uploads\/2024\/07\/INTERVISTE-PREFEKTI.00_00_18_09.Still001.webp 1280w, https:\/\/www.hashtag.al\/wp-content\/uploads\/2024\/07\/INTERVISTE-PREFEKTI.00_00_18_09.Still001-300x169.webp 300w, https:\/\/www.hashtag.al\/wp-content\/uploads\/2024\/07\/INTERVISTE-PREFEKTI.00_00_18_09.Still001-1024x576.webp 1024w, https:\/\/www.hashtag.al\/wp-content\/uploads\/2024\/07\/INTERVISTE-PREFEKTI.00_00_18_09.Still001-768x432.webp 768w\" sizes=\"auto, (max-width: 1280px) 100vw, 1280px\" \/><p id=\"caption-attachment-688778\" class=\"wp-caption-text\"><em><strong><span style=\"color: #0000ff;\">Foto ilustruese<\/span><\/strong><\/em><\/p><\/div>\n<p><span style=\"font-weight: 400; color: #000000;\">Vijon t\u00eb jet\u00eb aktiv zjarri n\u00eb vendin e quajtur Maja e Bakullimes, pjes\u00eb e territorit t\u00eb Parkut Komb\u00ebtar Lur\u00eb-Mali i Dejes.<\/span><\/p>\n<p><span style=\"font-weight: 400; color: #000000;\">M\u00ebsohet se jan\u00eb djegur mbi 10 ha kullot\u00eb dhe pyje halore. Teksa flak\u00ebt vijojn\u00eb t\u00eb jen\u00eb shum\u00eb aktive dhe t\u00eb djegin \u00e7far\u00eb iu del para, terreni i thepisur me shk\u00ebmbinj q\u00eb her\u00eb pas here shk\u00ebputen, e b\u00ebn t\u00eb v\u00ebshtir\u00eb fikjen e zjarrit.<\/span><\/p>\n<p><span style=\"font-weight: 400; color: #000000;\">N\u00eb terren jan\u00eb t\u00eb angazhuar punonj\u00ebs MZSH-se, punonj\u00ebs t\u00eb AdZM Dib\u00ebr, punonj\u00ebs t\u00eb Drejtoris\u00eb s\u00eb Bujq\u00ebsis\u00eb e Pyjeve t\u00eb Bashkis\u00eb, punonj\u00ebs t\u00eb Nj\u00ebsis\u00eb Administrative Lure si dhe vullnetar\u00eb. Temperaturat e larta po favorizojn\u00eb p\u00ebrhapjen e zjarrit.<\/span><\/p>\n","protected":false,"gt_translate_keys":[{"key":"rendered","format":"html"}]},"excerpt":{"rendered":"<p>&nbsp; Vijon t\u00eb jet\u00eb aktiv zjarri n\u00eb vendin e quajtur Maja e Bakullimes, pjes\u00eb e territorit t\u00eb Parkut Komb\u00ebtar Lur\u00eb-Mali i Dejes. M\u00ebsohet se jan\u00eb djegur mbi 10 ha kullot\u00eb dhe pyje halore. Teksa flak\u00ebt vijojn\u00eb t\u00eb jen\u00eb shum\u00eb aktive dhe t\u00eb djegin \u00e7far\u00eb iu del para, terreni i thepisur me shk\u00ebmbinj q\u00eb her\u00eb pas [&hellip;]<\/p>\n","protected":false,"gt_translate_keys":[{"key":"rendered","format":"html"}]},"author":4,"featured_media":688778,"comment_status":"closed","ping_status":"open","sticky":false,"template":"","format":"standard","meta":{"footnotes":""},"categories":[65],"tags":[],"class_list":["post-688776","post","type-post","status-publish","format-standard","has-post-thumbnail","hentry","category-lajme"],"gt_translate_keys":[{"key":"link","format":"url"}],"_links":{"self":[{"href":"https:\/\/www.hashtag.al\/index.php\/wp-json\/wp\/v2\/posts\/688776","targetHints":{"allow":["GET"]}}],"collection":[{"href":"https:\/\/www.hashtag.al\/index.php\/wp-json\/wp\/v2\/posts"}],"about":[{"href":"https:\/\/www.hashtag.al\/index.php\/wp-json\/wp\/v2\/types\/post"}],"author":[{"embeddable":true,"href":"https:\/\/www.hashtag.al\/index.php\/wp-json\/wp\/v2\/users\/4"}],"replies":[{"embeddable":true,"href":"https:\/\/www.hashtag.al\/index.php\/wp-json\/wp\/v2\/comments?post=688776"}],"version-history":[{"count":0,"href":"https:\/\/www.hashtag.al\/index.php\/wp-json\/wp\/v2\/posts\/688776\/revisions"}],"wp:featuredmedia":[{"embeddable":true,"href":"https:\/\/www.hashtag.al\/index.php\/wp-json\/wp\/v2\/media\/688778"}],"wp:attachment":[{"href":"https:\/\/www.hashtag.al\/index.php\/wp-json\/wp\/v2\/media?parent=688776"}],"wp:term":[{"taxonomy":"category","embeddable":true,"href":"https:\/\/www.hashtag.al\/index.php\/wp-json\/wp\/v2\/categories?post=688776"},{"taxonomy":"post_tag","embeddable":true,"href":"https:\/\/www.hashtag.al\/index.php\/wp-json\/wp\/v2\/tags?post=688776"}],"curies":[{"name":"wp","href":"https:\/\/api.w.org\/{rel}","templated":true}]}}