{"id":688455,"date":"2024-07-16T20:48:39","date_gmt":"2024-07-16T18:48:39","guid":{"rendered":"https:\/\/www.hashtag.al\/?p=688455"},"modified":"2024-07-16T20:48:39","modified_gmt":"2024-07-16T18:48:39","slug":"macron-pranon-doreheqjen-e-kryeministrit-attal","status":"publish","type":"post","link":"https:\/\/www.hashtag.al\/index.php\/2024\/07\/16\/macron-pranon-doreheqjen-e-kryeministrit-attal\/","title":{"rendered":"Macron pranon dor\u00ebheqjen e kryeministrit Attal","gt_translate_keys":[{"key":"rendered","format":"text"}]},"content":{"rendered":"<p><span style=\"color: #000000;\"><a style=\"color: #000000;\" href=\"https:\/\/www.hashtag.al\/wp-content\/uploads\/2024\/07\/macron-attal.png\"><img loading=\"lazy\" decoding=\"async\" class=\"aligncenter size-full wp-image-688456\" src=\"https:\/\/www.hashtag.al\/wp-content\/uploads\/2024\/07\/macron-attal.png\" alt=\"\" width=\"1573\" height=\"870\" srcset=\"https:\/\/www.hashtag.al\/wp-content\/uploads\/2024\/07\/macron-attal.png 1573w, https:\/\/www.hashtag.al\/wp-content\/uploads\/2024\/07\/macron-attal-300x166.png 300w, https:\/\/www.hashtag.al\/wp-content\/uploads\/2024\/07\/macron-attal-1024x566.png 1024w, https:\/\/www.hashtag.al\/wp-content\/uploads\/2024\/07\/macron-attal-768x425.png 768w, https:\/\/www.hashtag.al\/wp-content\/uploads\/2024\/07\/macron-attal-1536x850.png 1536w, https:\/\/www.hashtag.al\/wp-content\/uploads\/2024\/07\/macron-attal-750x415.png 750w\" sizes=\"auto, (max-width: 1573px) 100vw, 1573px\" \/><\/a><\/span><\/p>\n<p><span style=\"color: #000000;\">Presidenti francez Emmanuel Macron, ka pranuar zyrtarisht dor\u00ebheqjen e kryeministrit t\u00eb tij Gabriel Attal, mbr\u00ebmjen e s\u00eb mart\u00ebs.<\/span><\/p>\n<p><span style=\"color: #000000;\">35-vje\u00e7ari, i cili ka qen\u00eb n\u00eb k\u00ebt\u00eb pozicion vet\u00ebm q\u00eb nga fillimi i vitit, dhe kabineti i tij do t\u00eb q\u00ebndrojn\u00eb n\u00eb vend gjat\u00eb Olimpiad\u00ebs s\u00eb ardhshme t\u00eb Parisit, nd\u00ebrsa kreu i ri i qeveris\u00eb do t\u00eb em\u00ebrohet.<\/span><\/p>\n<p><span style=\"color: #000000;\">Ish-kryeministri dhe kabineti i tij do t\u00eb jen\u00eb p\u00ebrgjegj\u00ebs vet\u00ebm si qeveri kujdestare p\u00ebr sigurimin e vazhdim\u00ebsis\u00eb s\u00eb shtetit.<\/span><\/p>\n<p><span style=\"color: #000000;\">N\u00eb parim, asnj\u00eb mas\u00eb politike nuk mund t\u00eb merret gjat\u00eb k\u00ebsaj periudhe t\u00eb p\u00ebrkohshme nga qeveria e p\u00ebrkohshme, shkruan Euronews.com.<\/span><\/p>\n<p><span style=\"color: #000000;\">Edhe pse kjo situat\u00eb mund t\u00eb funksionoj\u00eb gjat\u00eb faz\u00ebs s\u00eb tranzicionit, ajo do t\u00eb p\u00ebrb\u00ebj\u00eb qart\u00eb nj\u00eb problem demokratik n\u00ebse zgjat p\u00ebr nj\u00eb koh\u00eb t\u00eb gjat\u00eb, ve\u00e7an\u00ebrisht duke pasur parasysh se negociatat p\u00ebr z\u00ebvend\u00ebsimin e kryeministrit kan\u00eb qen\u00eb t\u00eb mbushura me komplikime pas zgjedhjeve legjislative t\u00eb Franc\u00ebs.<\/span><\/p>\n","protected":false,"gt_translate_keys":[{"key":"rendered","format":"html"}]},"excerpt":{"rendered":"<p>Presidenti francez Emmanuel Macron, ka pranuar zyrtarisht dor\u00ebheqjen e kryeministrit t\u00eb tij Gabriel Attal, mbr\u00ebmjen e s\u00eb mart\u00ebs. 35-vje\u00e7ari, i cili ka qen\u00eb n\u00eb k\u00ebt\u00eb pozicion vet\u00ebm q\u00eb nga fillimi i vitit, dhe kabineti i tij do t\u00eb q\u00ebndrojn\u00eb n\u00eb vend gjat\u00eb Olimpiad\u00ebs s\u00eb ardhshme t\u00eb Parisit, nd\u00ebrsa kreu i ri i qeveris\u00eb do t\u00eb [&hellip;]<\/p>\n","protected":false,"gt_translate_keys":[{"key":"rendered","format":"html"}]},"author":32,"featured_media":688456,"comment_status":"closed","ping_status":"open","sticky":false,"template":"","format":"standard","meta":{"footnotes":""},"categories":[6,13],"tags":[],"class_list":["post-688455","post","type-post","status-publish","format-standard","has-post-thumbnail","hentry","category-nderkombetare","category-te-fundit"],"gt_translate_keys":[{"key":"link","format":"url"}],"_links":{"self":[{"href":"https:\/\/www.hashtag.al\/index.php\/wp-json\/wp\/v2\/posts\/688455","targetHints":{"allow":["GET"]}}],"collection":[{"href":"https:\/\/www.hashtag.al\/index.php\/wp-json\/wp\/v2\/posts"}],"about":[{"href":"https:\/\/www.hashtag.al\/index.php\/wp-json\/wp\/v2\/types\/post"}],"author":[{"embeddable":true,"href":"https:\/\/www.hashtag.al\/index.php\/wp-json\/wp\/v2\/users\/32"}],"replies":[{"embeddable":true,"href":"https:\/\/www.hashtag.al\/index.php\/wp-json\/wp\/v2\/comments?post=688455"}],"version-history":[{"count":0,"href":"https:\/\/www.hashtag.al\/index.php\/wp-json\/wp\/v2\/posts\/688455\/revisions"}],"wp:featuredmedia":[{"embeddable":true,"href":"https:\/\/www.hashtag.al\/index.php\/wp-json\/wp\/v2\/media\/688456"}],"wp:attachment":[{"href":"https:\/\/www.hashtag.al\/index.php\/wp-json\/wp\/v2\/media?parent=688455"}],"wp:term":[{"taxonomy":"category","embeddable":true,"href":"https:\/\/www.hashtag.al\/index.php\/wp-json\/wp\/v2\/categories?post=688455"},{"taxonomy":"post_tag","embeddable":true,"href":"https:\/\/www.hashtag.al\/index.php\/wp-json\/wp\/v2\/tags?post=688455"}],"curies":[{"name":"wp","href":"https:\/\/api.w.org\/{rel}","templated":true}]}}