{"id":688443,"date":"2024-07-16T18:39:30","date_gmt":"2024-07-16T16:39:30","guid":{"rendered":"https:\/\/www.hashtag.al\/?p=688443"},"modified":"2024-07-16T18:39:30","modified_gmt":"2024-07-16T16:39:30","slug":"atentati-ndaj-ish-presidentit-a-do-te-ndryshoje-trajektorja-e-gares-presidenciale","status":"publish","type":"post","link":"https:\/\/www.hashtag.al\/index.php\/2024\/07\/16\/atentati-ndaj-ish-presidentit-a-do-te-ndryshoje-trajektorja-e-gares-presidenciale\/","title":{"rendered":"Atentati ndaj ish-presidentit; a do t\u00eb ndryshoj\u00eb trajektorja e gar\u00ebs presidenciale?","gt_translate_keys":[{"key":"rendered","format":"text"}]},"content":{"rendered":"<div class=\"col-xs-12 col-sm-12 col-md-8 col-lg-8 pull-left bottom-offset content-offset\">\n<div id=\"article-content\" class=\"content-floated-wrap fb-quotable\">\n<div class=\"wsw\">\n<p style=\"text-align: left;\"><span style=\"color: #000000;\"><img loading=\"lazy\" decoding=\"async\" class=\"size-full wp-image-685677 aligncenter\" src=\"https:\/\/www.hashtag.al\/wp-content\/uploads\/2024\/07\/trumpbidenb-ezgif.com-webp-to-jpg-converter-scaled.jpg\" alt=\"\" width=\"2560\" height=\"1707\" srcset=\"https:\/\/www.hashtag.al\/wp-content\/uploads\/2024\/07\/trumpbidenb-ezgif.com-webp-to-jpg-converter-scaled.jpg 2560w, https:\/\/www.hashtag.al\/wp-content\/uploads\/2024\/07\/trumpbidenb-ezgif.com-webp-to-jpg-converter-300x200.jpg 300w, https:\/\/www.hashtag.al\/wp-content\/uploads\/2024\/07\/trumpbidenb-ezgif.com-webp-to-jpg-converter-1024x683.jpg 1024w, https:\/\/www.hashtag.al\/wp-content\/uploads\/2024\/07\/trumpbidenb-ezgif.com-webp-to-jpg-converter-768x512.jpg 768w, https:\/\/www.hashtag.al\/wp-content\/uploads\/2024\/07\/trumpbidenb-ezgif.com-webp-to-jpg-converter-1536x1024.jpg 1536w, https:\/\/www.hashtag.al\/wp-content\/uploads\/2024\/07\/trumpbidenb-ezgif.com-webp-to-jpg-converter-2048x1365.jpg 2048w\" sizes=\"auto, (max-width: 2560px) 100vw, 2560px\" \/><\/span><\/p>\n<p style=\"text-align: left;\"><span style=\"color: #000000;\">Atentati ndaj ish Presidentit Donald Trump ka larguar v\u00ebmendjen nga debati mbi t\u00eb ardhmen politike t\u00eb Presidentit Joe Biden. Por, nd\u00ebrsa zoti Trump hodhi nj\u00eb hap p\u00ebrpara t\u00eb h\u00ebn\u00ebn, duke b\u00ebr\u00eb nj\u00eb paraqitje n\u00eb Kuvendin Komb\u00ebtar t\u00eb Partis\u00eb Republikane dhe duke shpallur kandidatin p\u00ebr n\u00ebnpresident, Presidenti Biden po p\u00ebrgatitet p\u00ebr vazhdimin e fushat\u00ebs me ndalesa t\u00eb tjera k\u00ebt\u00eb jav\u00eb, n\u00eb k\u00ebt\u00eb faz\u00eb t\u00eb paqart\u00eb t\u00eb gar\u00ebs presidenciale.<\/span><\/p>\n<p style=\"text-align: left;\"><span style=\"color: #000000;\">Dallimet e thella mes dy kandidat\u00ebve u rikthyen n\u00eb qend\u00ebr t\u00eb v\u00ebmendjes t\u00eb h\u00ebn\u00ebn, me skena t\u00eb nxehta dhe energjike nd\u00ebrsa republikan\u00ebt zyrtarisht em\u00ebruan ish presidentin Donald Trump si kandidat t\u00eb tyre p\u00ebr president n\u00eb Milluoki.<\/span><\/p>\n<p><span style=\"color: #000000;\"><em>\u201cPresidenti m\u00eb i mir\u00eb n\u00eb historin\u00eb e vendit, Donald J. Trump\u201d,<\/em>\u00a0tha Eric Trump, djali i ish presidentit Trump n\u00eb Kuvendin Komb\u00ebtar t\u00eb republikan\u00ebve.<\/span><\/p>\n<p><span style=\"color: #000000;\">Nd\u00ebrkoh\u00eb, Presidenti Joe Biden i b\u00ebri thirrje amerikan\u00ebve q\u00eb t\u00eb p\u00ebrmbahen nga retorika e ashp\u00ebr politike pas atentatit trondit\u00ebs t\u00eb fundjav\u00ebs ndaj zotit Trump.<\/span><\/p>\n<p><span style=\"color: #000000;\">Gjat\u00eb nj\u00eb interviste n\u00eb kanalin NBC t\u00eb h\u00ebn\u00ebn, ai tha se ende e kund\u00ebrshton retorik\u00ebn \u201cnxit\u00ebse\u201d dhe \u201ct\u00eb mbrapsht\u00eb\u201d t\u00eb zotit Trump dhe baz\u00ebs s\u00eb mb\u00ebshtet\u00ebsve t\u00eb tij.<\/span><\/p>\n<p><span style=\"color: #000000;\">Ai u pyet n\u00ebse atentati ndaj zotit Trump do t\u00eb ndryshonte trajektoren e gar\u00ebs presidenciale.<\/span><\/p>\n<p><span style=\"color: #000000;\"><em>&#8220;Nuk e di dhe as ju nuk e dini&#8221;,<\/em>\u00a0tha ai.<\/span><\/p>\n<p><span style=\"color: #000000;\">Por duket se kjo ka zgjidhur problemin e fundit politik, paraqitjen e dob\u00ebt t\u00eb zotit Biden n\u00eb debat, q\u00eb \u00e7oi n\u00eb thirrjet p\u00ebr t\u00ebrheqjen e tij nga gara p\u00ebr president.<\/span><\/p>\n<p><span style=\"color: #000000;\"><em>\u201cMendoj se Joe Biden ka tejkaluar stuhin\u00eb e thirrjeve p\u00ebr largimin e tij nga gara p\u00ebr president. Por, ai duhet t\u00eb b\u00ebj\u00eb paraqitje t\u00eb mira\u201d,\u00a0<\/em>thot\u00eb Jim Kessler nga organizata \u201cThird Way\u201d.<\/span><\/p>\n<p><span style=\"color: #000000;\">Zoti Trump, n\u00eb paraqitjen e par\u00eb publike pas atentatit, u prit me brohoritje nga mb\u00ebshtet\u00ebsit e tij n\u00eb sall\u00ebn, ku po mbahet Kuvendi Komb\u00ebtar i republikan\u00ebve, me thirrjet &#8220;luftoni, luftoni, luftoni&#8221;.<\/span><\/p>\n<p><span style=\"color: #000000;\">Presidenti Biden kritikoi zotin Trump.<\/span><\/p>\n<p><span style=\"color: #000000;\"><em>\u201cUn\u00eb nuk kam th\u00ebn\u00eb se dua t\u00eb b\u00ebhem diktator q\u00eb n\u00eb dit\u00ebn e par\u00eb n\u00eb detyr\u00eb, nuk kam th\u00ebn\u00eb se nuk do t\u00eb pranoj\u00eb rezultatin e zgjedhjeve dhe nuk jam ai q\u00eb ka th\u00ebn\u00eb se nuk do ta pranoj\u00eb rezultatin e k\u00ebtyre zgjedhjeve\u201d,<\/em>\u00a0tha Presidenti Biden.<\/span><\/p>\n<p><span style=\"color: #000000;\">Dy kandidat\u00ebt kan\u00eb b\u00ebr\u00eb thirrje p\u00ebr unitet pas atentatit ndaj zotit Trump.<\/span><\/p>\n<p><span style=\"color: #000000;\">Por analist\u00ebt thon\u00eb se thirrja mund t\u00eb ket\u00eb kuptime t\u00eb ndryshme p\u00ebr kandidat\u00ebt.<\/span><\/p>\n<p><span style=\"color: #000000;\"><em>\u201cAta po b\u00ebjn\u00eb thirrje p\u00ebr unitet. Por un\u00eb mendoj se dallimet e tyre rreth konceptit t\u00eb k\u00ebsaj thirrjeje jan\u00eb thelb\u00ebsore. Mendoj se k\u00ebtu q\u00ebndron problemi. Pra, ata po e b\u00ebjn\u00eb thirrje p\u00ebr k\u00ebt\u00eb, por, n\u00eb fakt, kjo mund t\u00eb jet\u00eb nj\u00eb form\u00eb e maskuar e nj\u00eb mesazhi partiak\u201d,\u00a0<\/em>thot\u00eb John Greer nga Universiteti Vanderbilt.<\/span><\/p>\n<p><span style=\"color: #000000;\">Askush nuk e di se \u00e7far\u00eb do t\u00eb ndodh tani, n\u00eb k\u00ebt\u00eb gar\u00eb mes dy kandidat\u00ebve t\u00eb moshuar, t\u00eb cil\u00ebt do t\u00eb konkurrojn\u00eb deri n\u00eb fund t\u00eb k\u00ebsaj gare presidenciale rraskapit\u00ebse, t\u00eb ashp\u00ebr, dhe emocionale.\/VOA<\/span><\/p>\n<\/div>\n<\/div>\n<\/div>\n","protected":false,"gt_translate_keys":[{"key":"rendered","format":"html"}]},"excerpt":{"rendered":"<p>Atentati ndaj ish Presidentit Donald Trump ka larguar v\u00ebmendjen nga debati mbi t\u00eb ardhmen politike t\u00eb Presidentit Joe Biden. Por, nd\u00ebrsa zoti Trump hodhi nj\u00eb hap p\u00ebrpara t\u00eb h\u00ebn\u00ebn, duke b\u00ebr\u00eb nj\u00eb paraqitje n\u00eb Kuvendin Komb\u00ebtar t\u00eb Partis\u00eb Republikane dhe duke shpallur kandidatin p\u00ebr n\u00ebnpresident, Presidenti Biden po p\u00ebrgatitet p\u00ebr vazhdimin e fushat\u00ebs me ndalesa [&hellip;]<\/p>\n","protected":false,"gt_translate_keys":[{"key":"rendered","format":"html"}]},"author":4,"featured_media":685677,"comment_status":"closed","ping_status":"open","sticky":false,"template":"","format":"standard","meta":{"footnotes":""},"categories":[6],"tags":[],"class_list":["post-688443","post","type-post","status-publish","format-standard","has-post-thumbnail","hentry","category-nderkombetare"],"gt_translate_keys":[{"key":"link","format":"url"}],"_links":{"self":[{"href":"https:\/\/www.hashtag.al\/index.php\/wp-json\/wp\/v2\/posts\/688443","targetHints":{"allow":["GET"]}}],"collection":[{"href":"https:\/\/www.hashtag.al\/index.php\/wp-json\/wp\/v2\/posts"}],"about":[{"href":"https:\/\/www.hashtag.al\/index.php\/wp-json\/wp\/v2\/types\/post"}],"author":[{"embeddable":true,"href":"https:\/\/www.hashtag.al\/index.php\/wp-json\/wp\/v2\/users\/4"}],"replies":[{"embeddable":true,"href":"https:\/\/www.hashtag.al\/index.php\/wp-json\/wp\/v2\/comments?post=688443"}],"version-history":[{"count":0,"href":"https:\/\/www.hashtag.al\/index.php\/wp-json\/wp\/v2\/posts\/688443\/revisions"}],"wp:featuredmedia":[{"embeddable":true,"href":"https:\/\/www.hashtag.al\/index.php\/wp-json\/wp\/v2\/media\/685677"}],"wp:attachment":[{"href":"https:\/\/www.hashtag.al\/index.php\/wp-json\/wp\/v2\/media?parent=688443"}],"wp:term":[{"taxonomy":"category","embeddable":true,"href":"https:\/\/www.hashtag.al\/index.php\/wp-json\/wp\/v2\/categories?post=688443"},{"taxonomy":"post_tag","embeddable":true,"href":"https:\/\/www.hashtag.al\/index.php\/wp-json\/wp\/v2\/tags?post=688443"}],"curies":[{"name":"wp","href":"https:\/\/api.w.org\/{rel}","templated":true}]}}