{"id":688373,"date":"2024-07-16T12:31:59","date_gmt":"2024-07-16T10:31:59","guid":{"rendered":"https:\/\/www.hashtag.al\/?p=688373"},"modified":"2024-07-16T12:33:14","modified_gmt":"2024-07-16T10:33:14","slug":"korce-71-vjecari-shkreh-arme-zjarri-nga-ballkoni-renea-aksion-per-arrestimin-e-tij","status":"publish","type":"post","link":"https:\/\/www.hashtag.al\/index.php\/2024\/07\/16\/korce-71-vjecari-shkreh-arme-zjarri-nga-ballkoni-renea-aksion-per-arrestimin-e-tij\/","title":{"rendered":"Kor\u00e7\u00eb\/ 71-vje\u00e7ari q\u00ebllon me arm\u00eb zjarri nga ballkoni i banes\u00ebs, RENEA aksion p\u00ebr arrestimin e tij","gt_translate_keys":[{"key":"rendered","format":"text"}]},"content":{"rendered":"<p><a href=\"https:\/\/www.hashtag.al\/wp-content\/uploads\/2024\/07\/Screenshot-2024-07-16-123039.png\"><img loading=\"lazy\" decoding=\"async\" class=\"aligncenter size-full wp-image-688379\" src=\"https:\/\/www.hashtag.al\/wp-content\/uploads\/2024\/07\/Screenshot-2024-07-16-123039.png\" alt=\"\" width=\"715\" height=\"357\" srcset=\"https:\/\/www.hashtag.al\/wp-content\/uploads\/2024\/07\/Screenshot-2024-07-16-123039.png 715w, https:\/\/www.hashtag.al\/wp-content\/uploads\/2024\/07\/Screenshot-2024-07-16-123039-300x150.png 300w\" sizes=\"auto, (max-width: 715px) 100vw, 715px\" \/><\/a><\/p>\n<p><span style=\"color: #000000;\">Pamjet q\u00eb shihni tregojn\u00eb aksionin p\u00ebr arrestimin e 71-vje\u00e7arit n\u00eb Kor\u00e7\u00eb, i cili terrorizoi banor\u00ebt e nj\u00eb lagjeje, duke q\u00eblluar me arm\u00eb zjarri nga ballkoni i banes\u00ebs.<\/span><\/p>\n<p><span style=\"color: #000000;\">Gazetar\u00ebt n\u00eb media raportojn\u00eb se n\u00eb vendin e ngjarjes, p\u00ebrve\u00e7 forcave Shqiponja, kan\u00eb mb\u00ebrritur dhe RENEA, nd\u00ebrsa zona e lagjes 15 \u00ebsht\u00eb \u2018blinduar\u2019.<\/span><\/p>\n<p><span style=\"color: #000000;\">Kujtojm\u00eb se Edmond Naska, i cili jeton i vet\u00ebm, q\u00eblloi 3 her\u00eb nga ballkoni i banes\u00ebs s\u00eb tij me arm\u00eb zjarri, nd\u00ebrsa refuzon q\u00eb t\u00eb dor\u00ebzohet n\u00eb polici.<\/span><\/p>\n","protected":false,"gt_translate_keys":[{"key":"rendered","format":"html"}]},"excerpt":{"rendered":"<p>Pamjet q\u00eb shihni tregojn\u00eb aksionin p\u00ebr arrestimin e 71-vje\u00e7arit n\u00eb Kor\u00e7\u00eb, i cili terrorizoi banor\u00ebt e nj\u00eb lagjeje, duke q\u00eblluar me arm\u00eb zjarri nga ballkoni i banes\u00ebs. Gazetar\u00ebt n\u00eb media raportojn\u00eb se n\u00eb vendin e ngjarjes, p\u00ebrve\u00e7 forcave Shqiponja, kan\u00eb mb\u00ebrritur dhe RENEA, nd\u00ebrsa zona e lagjes 15 \u00ebsht\u00eb \u2018blinduar\u2019. Kujtojm\u00eb se Edmond Naska, i [&hellip;]<\/p>\n","protected":false,"gt_translate_keys":[{"key":"rendered","format":"html"}]},"author":32,"featured_media":688379,"comment_status":"closed","ping_status":"open","sticky":false,"template":"","format":"standard","meta":{"footnotes":""},"categories":[65],"tags":[],"class_list":["post-688373","post","type-post","status-publish","format-standard","has-post-thumbnail","hentry","category-lajme"],"gt_translate_keys":[{"key":"link","format":"url"}],"_links":{"self":[{"href":"https:\/\/www.hashtag.al\/index.php\/wp-json\/wp\/v2\/posts\/688373","targetHints":{"allow":["GET"]}}],"collection":[{"href":"https:\/\/www.hashtag.al\/index.php\/wp-json\/wp\/v2\/posts"}],"about":[{"href":"https:\/\/www.hashtag.al\/index.php\/wp-json\/wp\/v2\/types\/post"}],"author":[{"embeddable":true,"href":"https:\/\/www.hashtag.al\/index.php\/wp-json\/wp\/v2\/users\/32"}],"replies":[{"embeddable":true,"href":"https:\/\/www.hashtag.al\/index.php\/wp-json\/wp\/v2\/comments?post=688373"}],"version-history":[{"count":0,"href":"https:\/\/www.hashtag.al\/index.php\/wp-json\/wp\/v2\/posts\/688373\/revisions"}],"wp:featuredmedia":[{"embeddable":true,"href":"https:\/\/www.hashtag.al\/index.php\/wp-json\/wp\/v2\/media\/688379"}],"wp:attachment":[{"href":"https:\/\/www.hashtag.al\/index.php\/wp-json\/wp\/v2\/media?parent=688373"}],"wp:term":[{"taxonomy":"category","embeddable":true,"href":"https:\/\/www.hashtag.al\/index.php\/wp-json\/wp\/v2\/categories?post=688373"},{"taxonomy":"post_tag","embeddable":true,"href":"https:\/\/www.hashtag.al\/index.php\/wp-json\/wp\/v2\/tags?post=688373"}],"curies":[{"name":"wp","href":"https:\/\/api.w.org\/{rel}","templated":true}]}}