{"id":687704,"date":"2024-07-12T20:36:46","date_gmt":"2024-07-12T18:36:46","guid":{"rendered":"https:\/\/www.hashtag.al\/?p=687704"},"modified":"2024-07-12T20:36:46","modified_gmt":"2024-07-12T18:36:46","slug":"berisha-i-drejtohet-strasburgut-kerkon-lirine","status":"publish","type":"post","link":"https:\/\/www.hashtag.al\/index.php\/2024\/07\/12\/berisha-i-drejtohet-strasburgut-kerkon-lirine\/","title":{"rendered":"Berisha i drejtohet Strasburgut, k\u00ebrkon lirin\u00eb","gt_translate_keys":[{"key":"rendered","format":"text"}]},"content":{"rendered":"<p><span style=\"color: #000000;\"><a href=\"https:\/\/www.hashtag.al\/wp-content\/uploads\/2024\/05\/BERISHA-2-1-1.jpg\"><img loading=\"lazy\" decoding=\"async\" class=\"aligncenter size-full wp-image-678453\" src=\"https:\/\/www.hashtag.al\/wp-content\/uploads\/2024\/05\/BERISHA-2-1-1.jpg\" alt=\"\" width=\"703\" height=\"462\" srcset=\"https:\/\/www.hashtag.al\/wp-content\/uploads\/2024\/05\/BERISHA-2-1-1.jpg 703w, https:\/\/www.hashtag.al\/wp-content\/uploads\/2024\/05\/BERISHA-2-1-1-300x197.jpg 300w\" sizes=\"auto, (max-width: 703px) 100vw, 703px\" \/><\/a><\/span><\/p>\n<p><span style=\"color: #000000;\">Ish-kryeministri Sali Berisha i \u00ebsht\u00eb drejtuar Strasburgut n\u00eb krye t\u00eb gjasht\u00eb muajve arrest sht\u00ebpiak dhe t\u00eb nj\u00eb seriali t\u00eb gjat\u00eb k\u00ebrkesash n\u00eb Shqip\u00ebri, q\u00eb t\u00eb gjitha t\u00eb refuzuara.<\/span><\/p>\n<p><span style=\"color: #000000;\">P\u00ebrmes nj\u00eb k\u00ebrkes\u00eb padie avokat\u00ebt e ish kryeministrit i k\u00ebrkojn\u00eb Gjykat\u00ebs Europiane t\u00eb t\u00eb Drejtave t\u00eb Njeriut q\u00eb t\u00eb nd\u00ebrhyj\u00eb p\u00ebr heqjen e mas\u00ebs\u00a0 q\u00eb e konsiderojn\u00eb t\u00eb pabazuar n\u00eb ligj.<\/span><\/p>\n<p><span style=\"color: #000000;\">Ve\u00e7 k\u00ebsaj ish kryeministri i num\u00ebron \u00a0gjykat\u00ebs s\u00eb Strasburgut t\u00eb gjitha p\u00ebrpjekjet q\u00eb \u00a0b\u00ebri n\u00eb vendin e tij me k\u00ebrkesa t\u00eb vazhdueshme p\u00ebr zhb\u00ebrjen e masave shtr\u00ebnguese p\u00ebrfshi edhe k\u00ebrkes\u00ebn p\u00ebr ta shoq\u00ebruar shoq\u00ebruar ne parlament. Por gjykatat sipas mbrojtjes s\u00eb ish kryeministrit i shkel\u00ebn t\u00eb drejtat , jo vet\u00ebm duke mos e d\u00ebgjuar por edhe duke i zbardhur vendimet ngadal\u00eb<\/span><\/p>\n<p><span style=\"color: #000000;\">Duke th\u00ebn\u00eb se gjykatat i zbardh\u00ebn vendimet me vones\u00eb Berisha p\u00ebrmend edhe gjykat\u00ebn e lart\u00eb q\u00eb nj\u00eb vendim t\u00eb muajit mars e zbardhi dy muaj me vones\u00eb.<\/span><\/p>\n<p><span style=\"color: #000000;\">Kjo situat\u00eb e b\u00ebn t\u00eb qart\u00eb se p\u00ebrse ish kryeministri shkoi direkt n\u00eb Strasburg , pa shteruar dhe pa pritur edhe kushtetuesen . Sidomos kur gjith\u00e7ka po ndodh n\u00eb gjyq\u00ebsor n\u00eb dosjen Partizani \u00ebsht\u00eb m\u00eb tep\u00ebr procedur\u00eb. Nga nj\u00ebra an\u00eb prokuroria e posa\u00e7me q\u00eb shkoi n\u00eb hetime me koh\u00eb shtes\u00eb deri n\u00eb tetor p\u00ebr t\u00eb tre t\u00eb dyshuarit Berish\u00ebn, Malltezin dhe Bektashin.<\/span><\/p>\n<p><span style=\"color: #000000;\">Dhe nga ana tjet\u00ebr, sidomos ish kryeministri q\u00eb p\u00ebrpos politik\u00ebs ka ndezur\u00a0 dy vatra t\u00eb tjera gjyq\u00ebsore. Nj\u00ebra p\u00ebr heqje t\u00eb mas\u00ebs s\u00eb arrestit sht\u00ebpiak. Merr p\u00ebrgjigje n\u00eb gjykat\u00ebn e lart\u00eb m\u00eb 16 korrik. Dhe tjetra n\u00eb 19 korrik, \u00a0n\u00eb gjykat\u00ebn antikorrupsion e cila ka urdh\u00ebruar avokat\u00ebt t\u00eb njihen me pun\u00ebn dy mujore t\u00eb prokuroris\u00eb vet\u00ebm mbasi t\u00eb ken\u00eb paguar shpenzimet gjyq\u00ebsore por\u00a0 nuk \u00ebsht\u00eb surpriz\u00eb\u00a0 q\u00eb si \u00e7do hap tjet\u00ebr t\u00eb kund\u00ebrshtohet<\/span><\/p>\n<p><span style=\"color: #000000;\">Ish kryeministri pritet t\u00eb mos ankohet t\u00eb mos e godas\u00eb dhe t\u00eb mos e kund\u00ebrshtoj\u00eb n\u00eb gjykat\u00eb zgjatjen e afateve t\u00eb hetimit. Por sakaq po b\u00ebhet gati q\u00eb n\u00eb k\u00ebto temperatura t\u00eb larta ti drejtohet kushtetueses me nj\u00eb seri pretendimesh<\/span><\/p>\n<p><span style=\"color: #000000;\"><span style=\"color: #ff0000;\">VINI RE:<\/span> Artikulli \u00ebsht\u00eb pron\u00ebsi intelektuale e <a href=\"https:\/\/top-channel.tv\/2024\/07\/12\/berisha-ankohet-ne-strasburg-kerkon-lirine-drejtesia-shqiptare-nuk-me-degjoi-vendimet-zbardhen-me-vonese\/\"><span style=\"color: #3366ff;\">Top Channel<\/span><\/a><\/span><\/p>\n","protected":false,"gt_translate_keys":[{"key":"rendered","format":"html"}]},"excerpt":{"rendered":"<p>Ish-kryeministri Sali Berisha i \u00ebsht\u00eb drejtuar Strasburgut n\u00eb krye t\u00eb gjasht\u00eb muajve arrest sht\u00ebpiak dhe t\u00eb nj\u00eb seriali t\u00eb gjat\u00eb k\u00ebrkesash n\u00eb Shqip\u00ebri, q\u00eb t\u00eb gjitha t\u00eb refuzuara. P\u00ebrmes nj\u00eb k\u00ebrkes\u00eb padie avokat\u00ebt e ish kryeministrit i k\u00ebrkojn\u00eb Gjykat\u00ebs Europiane t\u00eb t\u00eb Drejtave t\u00eb Njeriut q\u00eb t\u00eb nd\u00ebrhyj\u00eb p\u00ebr heqjen e mas\u00ebs\u00a0 q\u00eb e konsiderojn\u00eb [&hellip;]<\/p>\n","protected":false,"gt_translate_keys":[{"key":"rendered","format":"html"}]},"author":32,"featured_media":676105,"comment_status":"closed","ping_status":"open","sticky":false,"template":"","format":"standard","meta":{"footnotes":""},"categories":[65,13],"tags":[],"class_list":["post-687704","post","type-post","status-publish","format-standard","has-post-thumbnail","hentry","category-lajme","category-te-fundit"],"gt_translate_keys":[{"key":"link","format":"url"}],"_links":{"self":[{"href":"https:\/\/www.hashtag.al\/index.php\/wp-json\/wp\/v2\/posts\/687704","targetHints":{"allow":["GET"]}}],"collection":[{"href":"https:\/\/www.hashtag.al\/index.php\/wp-json\/wp\/v2\/posts"}],"about":[{"href":"https:\/\/www.hashtag.al\/index.php\/wp-json\/wp\/v2\/types\/post"}],"author":[{"embeddable":true,"href":"https:\/\/www.hashtag.al\/index.php\/wp-json\/wp\/v2\/users\/32"}],"replies":[{"embeddable":true,"href":"https:\/\/www.hashtag.al\/index.php\/wp-json\/wp\/v2\/comments?post=687704"}],"version-history":[{"count":0,"href":"https:\/\/www.hashtag.al\/index.php\/wp-json\/wp\/v2\/posts\/687704\/revisions"}],"wp:featuredmedia":[{"embeddable":true,"href":"https:\/\/www.hashtag.al\/index.php\/wp-json\/wp\/v2\/media\/676105"}],"wp:attachment":[{"href":"https:\/\/www.hashtag.al\/index.php\/wp-json\/wp\/v2\/media?parent=687704"}],"wp:term":[{"taxonomy":"category","embeddable":true,"href":"https:\/\/www.hashtag.al\/index.php\/wp-json\/wp\/v2\/categories?post=687704"},{"taxonomy":"post_tag","embeddable":true,"href":"https:\/\/www.hashtag.al\/index.php\/wp-json\/wp\/v2\/tags?post=687704"}],"curies":[{"name":"wp","href":"https:\/\/api.w.org\/{rel}","templated":true}]}}