{"id":687518,"date":"2024-07-12T09:11:38","date_gmt":"2024-07-12T07:11:38","guid":{"rendered":"https:\/\/www.hashtag.al\/?p=687518"},"modified":"2024-07-12T09:11:38","modified_gmt":"2024-07-12T07:11:38","slug":"vrasja-e-ish-drejtorit-te-ost-es-ne-2016-en-gjykata-e-lezhes-denon-me-burg-perjete-vrasesin-me-pagese","status":"publish","type":"post","link":"https:\/\/www.hashtag.al\/index.php\/2024\/07\/12\/vrasja-e-ish-drejtorit-te-ost-es-ne-2016-en-gjykata-e-lezhes-denon-me-burg-perjete-vrasesin-me-pagese\/","title":{"rendered":"Vrasja e ish-drejtorit t\u00eb OST-\u00ebs n\u00eb 2016-\u00ebn, Gjykata e Lezh\u00ebs d\u00ebnon me burg p\u00ebrjet\u00eb vras\u00ebsin me pages\u00eb","gt_translate_keys":[{"key":"rendered","format":"text"}]},"content":{"rendered":"<p><img loading=\"lazy\" decoding=\"async\" class=\"size-full wp-image-687519 aligncenter\" src=\"https:\/\/www.hashtag.al\/wp-content\/uploads\/2024\/07\/1720767233_jaku_1-transformed.jpeg\" alt=\"\" width=\"780\" height=\"440\" srcset=\"https:\/\/www.hashtag.al\/wp-content\/uploads\/2024\/07\/1720767233_jaku_1-transformed.jpeg 780w, https:\/\/www.hashtag.al\/wp-content\/uploads\/2024\/07\/1720767233_jaku_1-transformed-300x169.jpeg 300w, https:\/\/www.hashtag.al\/wp-content\/uploads\/2024\/07\/1720767233_jaku_1-transformed-768x433.jpeg 768w\" sizes=\"auto, (max-width: 780px) 100vw, 780px\" \/><\/p>\n<p><span style=\"font-weight: 400; color: #000000;\">Gjykata e Lezh\u00ebs ka d\u00ebnuar me burgim t\u00eb p\u00ebrjetsh\u00ebm vras\u00ebsin me pages\u00eb Dorjan Keqi, i cili ishte v\u00ebn\u00eb n\u00ebn akuze si bashk\u00ebpun\u00ebtor n\u00eb vrasjen e ish-drejtorit t\u00eb Tensionit t\u00eb Lart\u00eb p\u00ebr Veriun, Saimir Jaku, ngjarje e ndodhur n\u00eb vitin 2016-t\u00eb n\u00eb Rr\u00ebshen. 42-vje\u00e7ari nga Kruja me banim n\u00eb Kurbin, u gjet fajtor p\u00ebr veprat penale &#8220;Vrasja n\u00eb rrethana t\u00eb tjera cil\u00ebsuese&#8221; e kryer n\u00eb bashk\u00ebpunim dhe &#8220;Arm\u00ebmbajtja pa leje&#8221;.<\/span><\/p>\n<p><span style=\"font-weight: 400; color: #000000;\">Ashtu si dhe n\u00eb momentin e arrestimit edhe gjat\u00eb gjykimit n\u00eb themel t\u00eb \u00e7\u00ebshtjes, Dorjan Keqi ka mohuar n\u00eb vazhdim\u00ebsi t\u00eb ket\u00eb lidhje me krimin, duke refuzuar q\u00eb t\u00eb b\u00ebhet dhe bashk\u00ebpun\u00ebtor i drejt\u00ebsis\u00eb n\u00eb k\u00ebmbim t\u00eb leht\u00ebsimit t\u00eb pozitave penale. Por organi i akuz\u00ebs p\u00ebrmes provave shkencore arriti t\u00eb zbardh\u00eb ngjarjen pas 7 vitesh nga vrasja e zyrtari t\u00eb OST n\u00eb Rr\u00ebshen, duke provuar faj\u00ebsin\u00eb p\u00ebr Dorjan Keqin. Hetimet nuk kan\u00eb zbuluar financuesin e k\u00ebtij atentati.<\/span><\/p>\n<p><span style=\"font-weight: 400; color: #000000;\">42-vje\u00e7ari u arrestua n\u00eb shtator t\u00eb vitit 2022, pasi u kap duke drejtuar mjetin pa patente dhe n\u00eb gjendje t\u00eb dehur. Nga shenjat e gisht\u00ebrinjve u zbulua se ai ka marr\u00eb pjes\u00eb n\u00eb vrasjen e Saimir Jakut, n\u00eb bashk\u00ebpunim edhe me persona t\u00eb tjera t\u00eb cilat nuk jan\u00eb arritur ende t\u00eb identifikohen.<\/span><\/p>\n<p><span style=\"font-weight: 400; color: #000000;\">Krimi i r\u00ebnd\u00eb ndodhi n\u00eb muajin shtator t\u00eb vitit 2016 n\u00eb nj\u00eb lokal n\u00eb qytetin e Rr\u00ebshenit. Saimir Jaku u q\u00ebllua me bresh\u00ebri plumbash teksa, po pinte kafe bashk\u00eb me nj\u00eb person tjet\u00ebr ku dhe ai mbeti i plagosur n\u00eb k\u00ebt\u00eb ngjarje.<\/span><\/p>\n","protected":false,"gt_translate_keys":[{"key":"rendered","format":"html"}]},"excerpt":{"rendered":"<p>Gjykata e Lezh\u00ebs ka d\u00ebnuar me burgim t\u00eb p\u00ebrjetsh\u00ebm vras\u00ebsin me pages\u00eb Dorjan Keqi, i cili ishte v\u00ebn\u00eb n\u00ebn akuze si bashk\u00ebpun\u00ebtor n\u00eb vrasjen e ish-drejtorit t\u00eb Tensionit t\u00eb Lart\u00eb p\u00ebr Veriun, Saimir Jaku, ngjarje e ndodhur n\u00eb vitin 2016-t\u00eb n\u00eb Rr\u00ebshen. 42-vje\u00e7ari nga Kruja me banim n\u00eb Kurbin, u gjet fajtor p\u00ebr veprat penale [&hellip;]<\/p>\n","protected":false,"gt_translate_keys":[{"key":"rendered","format":"html"}]},"author":4,"featured_media":687519,"comment_status":"closed","ping_status":"open","sticky":false,"template":"","format":"standard","meta":{"footnotes":""},"categories":[65],"tags":[],"class_list":["post-687518","post","type-post","status-publish","format-standard","has-post-thumbnail","hentry","category-lajme"],"gt_translate_keys":[{"key":"link","format":"url"}],"_links":{"self":[{"href":"https:\/\/www.hashtag.al\/index.php\/wp-json\/wp\/v2\/posts\/687518","targetHints":{"allow":["GET"]}}],"collection":[{"href":"https:\/\/www.hashtag.al\/index.php\/wp-json\/wp\/v2\/posts"}],"about":[{"href":"https:\/\/www.hashtag.al\/index.php\/wp-json\/wp\/v2\/types\/post"}],"author":[{"embeddable":true,"href":"https:\/\/www.hashtag.al\/index.php\/wp-json\/wp\/v2\/users\/4"}],"replies":[{"embeddable":true,"href":"https:\/\/www.hashtag.al\/index.php\/wp-json\/wp\/v2\/comments?post=687518"}],"version-history":[{"count":0,"href":"https:\/\/www.hashtag.al\/index.php\/wp-json\/wp\/v2\/posts\/687518\/revisions"}],"wp:featuredmedia":[{"embeddable":true,"href":"https:\/\/www.hashtag.al\/index.php\/wp-json\/wp\/v2\/media\/687519"}],"wp:attachment":[{"href":"https:\/\/www.hashtag.al\/index.php\/wp-json\/wp\/v2\/media?parent=687518"}],"wp:term":[{"taxonomy":"category","embeddable":true,"href":"https:\/\/www.hashtag.al\/index.php\/wp-json\/wp\/v2\/categories?post=687518"},{"taxonomy":"post_tag","embeddable":true,"href":"https:\/\/www.hashtag.al\/index.php\/wp-json\/wp\/v2\/tags?post=687518"}],"curies":[{"name":"wp","href":"https:\/\/api.w.org\/{rel}","templated":true}]}}